

{"id":15942,"date":"2024-09-24T17:21:58","date_gmt":"2024-09-24T15:21:58","guid":{"rendered":"https:\/\/www.assicoop.it\/toscana\/?p=15942"},"modified":"2025-01-03T16:46:21","modified_gmt":"2025-01-03T15:46:21","slug":"assicurazione-per-case-in-affitto-chi-paga-i-danni","status":"publish","type":"post","link":"https:\/\/www.assicoop.it\/toscana\/assicurazione-per-case-in-affitto-chi-paga-i-danni\/","title":{"rendered":"Assicurazione per case in affitto: chi paga i danni?"},"content":{"rendered":"\t\t<div data-elementor-type=\"wp-post\" data-elementor-id=\"15942\" class=\"elementor elementor-15942\" data-elementor-post-type=\"post\">\n\t\t\t\t\t\t<section class=\"elementor-section elementor-top-section elementor-element elementor-element-5f51dce4 elementor-section-full_width elementor-section-height-min-height elementor-section-items-stretch elementor-section-content-bottom elementor-section-height-default\" data-id=\"5f51dce4\" data-element_type=\"section\">\n\t\t\t\t\t\t<div class=\"elementor-container elementor-column-gap-no\">\n\t\t\t\t\t<div class=\"elementor-column elementor-col-50 elementor-top-column elementor-element elementor-element-6ac3e78c\" data-id=\"6ac3e78c\" data-element_type=\"column\" data-settings=\"{&quot;background_background&quot;:&quot;classic&quot;}\">\n\t\t\t<div class=\"elementor-widget-wrap elementor-element-populated\">\n\t\t\t\t\t\t<div class=\"elementor-element elementor-element-62e0ff9 elementor-widget elementor-widget-theme-post-title elementor-page-title elementor-widget-heading\" data-id=\"62e0ff9\" data-element_type=\"widget\" data-widget_type=\"theme-post-title.default\">\n\t\t\t\t<div class=\"elementor-widget-container\">\n\t\t\t<h1 class=\"elementor-heading-title elementor-size-default\">Assicurazione per case in affitto: chi paga i danni?<\/h1>\t\t<\/div>\n\t\t\t\t<\/div>\n\t\t\t\t<div class=\"elementor-element elementor-element-1ba4f929 elementor-widget elementor-widget-post-info\" data-id=\"1ba4f929\" data-element_type=\"widget\" data-widget_type=\"post-info.default\">\n\t\t\t\t<div class=\"elementor-widget-container\">\n\t\t\t\t\t<ul class=\"elementor-inline-items elementor-icon-list-items elementor-post-info\">\n\t\t\t\t\t\t\t\t<li class=\"elementor-icon-list-item elementor-repeater-item-9093a23 elementor-inline-item\" itemprop=\"datePublished\">\n\t\t\t\t\t\t\t\t\t\t\t\t\t<span class=\"elementor-icon-list-text elementor-post-info__item elementor-post-info__item--type-date\">\n\t\t\t\t\t\t\t\t\t\tSettembre 24, 2024\t\t\t\t\t<\/span>\n\t\t\t\t\t\t\t\t<\/li>\n\t\t\t\t<li class=\"elementor-icon-list-item elementor-repeater-item-42b6822 elementor-inline-item\" itemprop=\"about\">\n\t\t\t\t\t\t\t\t\t\t\t\t\t<span class=\"elementor-icon-list-text elementor-post-info__item elementor-post-info__item--type-terms\">\n\t\t\t\t\t\t\t\t\t\t<span class=\"elementor-post-info__terms-list\">\n\t\t\t\t<a href=\"https:\/\/www.assicoop.it\/toscana\/category\/news\/\" class=\"elementor-post-info__terms-list-item\">News<\/a>\t\t\t\t<\/span>\n\t\t\t\t\t<\/span>\n\t\t\t\t\t\t\t\t<\/li>\n\t\t\t\t<\/ul>\n\t\t\t\t<\/div>\n\t\t\t\t<\/div>\n\t\t\t\t\t<\/div>\n\t\t<\/div>\n\t\t\t\t<div class=\"elementor-column elementor-col-50 elementor-top-column elementor-element elementor-element-7d6ce1e8\" data-id=\"7d6ce1e8\" data-element_type=\"column\">\n\t\t\t<div class=\"elementor-widget-wrap elementor-element-populated\">\n\t\t\t\t\t\t<div class=\"elementor-element elementor-element-fef2215 elementor-widget elementor-widget-image\" data-id=\"fef2215\" data-element_type=\"widget\" data-widget_type=\"image.default\">\n\t\t\t\t<div class=\"elementor-widget-container\">\n\t\t\t\t\t\t\t\t\t\t\t\t\t<img fetchpriority=\"high\" decoding=\"async\" width=\"1080\" height=\"1080\" src=\"https:\/\/www.assicoop.it\/toscana\/wp-content\/uploads\/2024\/09\/copertina-articoli.png\" class=\"attachment-full size-full wp-image-15943\" alt=\"\" srcset=\"https:\/\/www.assicoop.it\/toscana\/wp-content\/uploads\/2024\/09\/copertina-articoli.png 1080w, https:\/\/www.assicoop.it\/toscana\/wp-content\/uploads\/2024\/09\/copertina-articoli-300x300.png 300w, https:\/\/www.assicoop.it\/toscana\/wp-content\/uploads\/2024\/09\/copertina-articoli-1024x1024.png 1024w, https:\/\/www.assicoop.it\/toscana\/wp-content\/uploads\/2024\/09\/copertina-articoli-150x150.png 150w, https:\/\/www.assicoop.it\/toscana\/wp-content\/uploads\/2024\/09\/copertina-articoli-768x768.png 768w\" sizes=\"(max-width: 1080px) 100vw, 1080px\" \/>\t\t\t\t\t\t\t\t\t\t\t\t\t<\/div>\n\t\t\t\t<\/div>\n\t\t\t\t\t<\/div>\n\t\t<\/div>\n\t\t\t\t\t<\/div>\n\t\t<\/section>\n\t\t\t\t<section class=\"elementor-section elementor-top-section elementor-element elementor-element-19da4f14 elementor-section-boxed elementor-section-height-default elementor-section-height-default\" data-id=\"19da4f14\" data-element_type=\"section\">\n\t\t\t\t\t\t<div class=\"elementor-container elementor-column-gap-default\">\n\t\t\t\t\t<div class=\"elementor-column elementor-col-100 elementor-top-column elementor-element elementor-element-2e3c8556\" data-id=\"2e3c8556\" data-element_type=\"column\">\n\t\t\t<div class=\"elementor-widget-wrap elementor-element-populated\">\n\t\t\t\t\t\t<div class=\"elementor-element elementor-element-6cad4a95 elementor-widget elementor-widget-heading\" data-id=\"6cad4a95\" data-element_type=\"widget\" data-widget_type=\"heading.default\">\n\t\t\t\t<div class=\"elementor-widget-container\">\n\t\t\t<h1 class=\"elementor-heading-title elementor-size-default\">Proteggi il tuo spazio in affitto: scopri perch\u00e9 \u00e8 importante assicurarlo.<\/h1>\t\t<\/div>\n\t\t\t\t<\/div>\n\t\t\t\t\t<\/div>\n\t\t<\/div>\n\t\t\t\t\t<\/div>\n\t\t<\/section>\n\t\t\t\t<section class=\"elementor-section elementor-top-section elementor-element elementor-element-54ca6644 elementor-section-boxed elementor-section-height-default elementor-section-height-default\" data-id=\"54ca6644\" data-element_type=\"section\">\n\t\t\t\t\t\t<div class=\"elementor-container elementor-column-gap-default\">\n\t\t\t\t\t<div class=\"elementor-column elementor-col-100 elementor-top-column elementor-element elementor-element-2011c5ea\" data-id=\"2011c5ea\" data-element_type=\"column\">\n\t\t\t<div class=\"elementor-widget-wrap elementor-element-populated\">\n\t\t\t\t\t\t<div class=\"elementor-element elementor-element-11ad01f elementor-widget elementor-widget-text-editor\" data-id=\"11ad01f\" data-element_type=\"widget\" data-widget_type=\"text-editor.default\">\n\t\t\t\t<div class=\"elementor-widget-container\">\n\t\t\t\t\t\t\t<div dir=\"auto\"><div dir=\"auto\"><div dir=\"auto\"><p><span style=\"font-weight: 400;\">Affittare una casa o un appartamento \u00e8 una scelta che offre grande libert\u00e0 e flessibilit\u00e0. Tuttavia, con queste opportunit\u00e0 arrivano anche alcune responsabilit\u00e0. Se ti trovassi a danneggiare accidentalmente l\u2019immobile o gli oggetti al suo interno, chi ne sarebbe responsabile? Di solito, \u00e8 la persona che affitta a dover rispondere di questi danni, mentre il proprietario si occupa della manutenzione ordinaria.<\/span><\/p><p><span style=\"font-weight: 400;\">Ci sono situazioni in cui le responsabilit\u00e0 non sono cos\u00ec chiare, specialmente quando si tratta di danni accidentali o piccoli incidenti. Ecco che l\u2019assicurazione per case in affitto diventa uno strumento che pu\u00f2 portare serenit\u00e0 sia a te che al proprietario. Scopri perch\u00e9 pu\u00f2 fare la differenza.<\/span><\/p><h2><b>Perch\u00e9 stipulare un&#8217;assicurazione per una casa in affitto?<\/b><\/h2><p><b>Sicurezza economica<\/b><b><br \/><\/b><span style=\"font-weight: 400;\">Immagina di dover affrontare una macchia sul parquet causata dalla perdita di un elettrodomestico: le spese impreviste possono essere un vero problema! Un&#8217;assicurazione copre questi costi, evitandoti spiacevoli sorprese.<\/span><\/p><p><b>Meno conflitti<\/b><b><br \/><\/b><span style=\"font-weight: 400;\">Quando si verifica un danno, avere un\u2019assicurazione significa evitare lunghe e stressanti discussioni con il proprietario. Le pratiche di risarcimento sono chiare e rapide, riducendo al minimo le tensioni.<\/span><\/p><p><b>Protezione per terzi<\/b><b><br \/><\/b><span style=\"font-weight: 400;\">Se una persona ospite si dovesse fare male nella tua abitazione, l\u2019assicurazione pu\u00f2 coprire i danni, proteggendoti da spiacevoli conseguenze legali.<\/span><\/p><h2><b>Quando conviene assicurare una casa in affitto?<\/b><\/h2><p><span style=\"font-weight: 400;\">Sempre! Anche se la casa non \u00e8 tua, se l\u2019arredamento appartiene al proprietario, se in casa ci sono animali domestici o bambini piccoli, stipulare un\u2019assicurazione diventa ancora pi\u00f9 importante per prevenire ogni tipo di sorpresa.<\/span><\/p><h2><b>Perch\u00e9 scegliere Assicoop e UnipolSai?<\/b><\/h2><p><span style=\"font-weight: 400;\">Con Assicoop e UnipolSai Casa&amp;Servizi hai a disposizione una copertura completa per il tuo spazio in affitto, che ti offre la tranquillit\u00e0 che meriti.<\/span><\/p><ul><li style=\"font-weight: 400;\" aria-level=\"1\"><b>Furto<\/b><span style=\"font-weight: 400;\">: proteggi i tuoi beni, anche quelli riposti in box o cantina.<\/span><\/li><li style=\"font-weight: 400;\" aria-level=\"1\"><b>Responsabilit\u00e0 civile verso terzi<\/b><span style=\"font-weight: 400;\">: copertura in caso di danni, incluso incendio.<\/span><\/li><li style=\"font-weight: 400;\" aria-level=\"1\"><b>Danni da fenomeni elettrici<\/b><span style=\"font-weight: 400;\">: proteggi i tuoi dispositivi elettronici da scariche o guasti improvvisi.<\/span><\/li><li style=\"font-weight: 400;\" aria-level=\"1\"><b>Danni ai beni<\/b><span style=\"font-weight: 400;\">: copertura per danni da incendio, esplosione o fumo, anche ai beni di terzi.<\/span><\/li><li style=\"font-weight: 400;\" aria-level=\"1\"><b>Tutela legale<\/b><span style=\"font-weight: 400;\">: supporto in caso di controversie legali.<br \/><br \/><\/span><\/li><\/ul><p><span style=\"font-weight: 400;\">UnipolSai Casa&amp;Servizi ti aiuta a vivere il tuo spazio in affitto con tutta la serenit\u00e0 di cui hai bisogno, senza preoccupazioni. Proteggi ci\u00f2 che conta davvero e goditi la tua casa.<\/span><\/p><\/div><\/div><\/div>\t\t\t\t\t\t<\/div>\n\t\t\t\t<\/div>\n\t\t\t\t\t<\/div>\n\t\t<\/div>\n\t\t\t\t\t<\/div>\n\t\t<\/section>\n\t\t\t\t<section class=\"elementor-section elementor-top-section elementor-element elementor-element-bd589a6 elementor-section-boxed elementor-section-height-default elementor-section-height-default\" data-id=\"bd589a6\" data-element_type=\"section\">\n\t\t\t\t\t\t<div class=\"elementor-container elementor-column-gap-default\">\n\t\t\t\t\t<div class=\"elementor-column elementor-col-100 elementor-top-column elementor-element elementor-element-2e82bcc\" data-id=\"2e82bcc\" data-element_type=\"column\">\n\t\t\t<div class=\"elementor-widget-wrap elementor-element-populated\">\n\t\t\t\t\t\t<div class=\"elementor-element elementor-element-bb581e4 elementor-align-center elementor-widget elementor-widget-button\" data-id=\"bb581e4\" data-element_type=\"widget\" data-widget_type=\"button.default\">\n\t\t\t\t<div class=\"elementor-widget-container\">\n\t\t\t\t\t<div class=\"elementor-button-wrapper\">\n\t\t\t<a class=\"elementor-button elementor-button-link elementor-size-sm\" href=\"https:\/\/www.assicoop.it\/toscana\/trova-agenzia\/\" target=\"_blank\">\n\t\t\t\t\t\t<span class=\"elementor-button-content-wrapper\">\n\t\t\t\t\t\t<span class=\"elementor-button-text\">Trova l'agenzia pi\u00f9 vicina a te<\/span>\n\t\t<\/span>\n\t\t\t\t\t<\/a>\n\t\t<\/div>\n\t\t\t\t<\/div>\n\t\t\t\t<\/div>\n\t\t\t\t\t<\/div>\n\t\t<\/div>\n\t\t\t\t\t<\/div>\n\t\t<\/section>\n\t\t\t\t<\/div>\n\t\t","protected":false},"excerpt":{"rendered":"<p>Negli ultimi anni, la mobilit\u00e0 lavorativa e lo scambio di risorse e talenti tra diversi paesi sono diventati una realt\u00e0 consolidata. Tuttavia, la propensione a trasferirsi per lavoro sembra essere in calo. <\/p>\n","protected":false},"author":4,"featured_media":17405,"comment_status":"closed","ping_status":"open","sticky":false,"template":"","format":"standard","meta":{"_acf_changed":false,"footnotes":""},"categories":[8],"tags":[],"acf":[],"yoast_head":"<!-- This site is optimized with the Yoast SEO plugin v22.2 - https:\/\/yoast.com\/wordpress\/plugins\/seo\/ -->\n<title>Assicurazione per case in affitto: chi paga i danni? - Assicoop Toscana<\/title>\n<meta name=\"description\" content=\"Proteggi il tuo spazio in affitto: scopri perch\u00e9 \u00e8 importante assicurarlo.\" \/>\n<meta name=\"robots\" content=\"index, follow, max-snippet:-1, max-image-preview:large, max-video-preview:-1\" \/>\n<link rel=\"canonical\" href=\"https:\/\/www.assicoop.it\/toscana\/assicurazione-per-case-in-affitto-chi-paga-i-danni\/\" \/>\n<meta property=\"og:locale\" content=\"it_IT\" \/>\n<meta property=\"og:type\" content=\"article\" \/>\n<meta property=\"og:title\" content=\"Assicurazione per case in affitto: chi paga i danni? - Assicoop Toscana\" \/>\n<meta property=\"og:description\" content=\"Proteggi il tuo spazio in affitto: scopri perch\u00e9 \u00e8 importante assicurarlo.\" \/>\n<meta property=\"og:url\" content=\"https:\/\/www.assicoop.it\/toscana\/assicurazione-per-case-in-affitto-chi-paga-i-danni\/\" \/>\n<meta property=\"og:site_name\" content=\"Assicoop Toscana\" \/>\n<meta property=\"article:publisher\" content=\"https:\/\/www.facebook.com\/AssicoopToscana\" \/>\n<meta property=\"article:published_time\" content=\"2024-09-24T15:21:58+00:00\" \/>\n<meta property=\"article:modified_time\" content=\"2025-01-03T15:46:21+00:00\" \/>\n<meta property=\"og:image\" content=\"https:\/\/www.assicoop.it\/toscana\/wp-content\/uploads\/2024\/09\/protezione-case-affitto.jpg\" \/>\n\t<meta property=\"og:image:width\" content=\"800\" \/>\n\t<meta property=\"og:image:height\" content=\"600\" \/>\n\t<meta property=\"og:image:type\" content=\"image\/jpeg\" \/>\n<meta name=\"author\" content=\"admin\" \/>\n<meta name=\"twitter:card\" content=\"summary_large_image\" \/>\n<meta name=\"twitter:label1\" content=\"Scritto da\" \/>\n\t<meta name=\"twitter:data1\" content=\"admin\" \/>\n\t<meta name=\"twitter:label2\" content=\"Tempo di lettura stimato\" \/>\n\t<meta name=\"twitter:data2\" content=\"3 minuti\" \/>\n<script type=\"application\/ld+json\" class=\"yoast-schema-graph\">{\"@context\":\"https:\/\/schema.org\",\"@graph\":[{\"@type\":\"Article\",\"@id\":\"https:\/\/www.assicoop.it\/toscana\/assicurazione-per-case-in-affitto-chi-paga-i-danni\/#article\",\"isPartOf\":{\"@id\":\"https:\/\/www.assicoop.it\/toscana\/assicurazione-per-case-in-affitto-chi-paga-i-danni\/\"},\"author\":{\"name\":\"admin\",\"@id\":\"https:\/\/www.assicoop.it\/toscana\/#\/schema\/person\/1a44f1280978cdf7fc34e743fc746de4\"},\"headline\":\"Assicurazione per case in affitto: chi paga i danni?\",\"datePublished\":\"2024-09-24T15:21:58+00:00\",\"dateModified\":\"2025-01-03T15:46:21+00:00\",\"mainEntityOfPage\":{\"@id\":\"https:\/\/www.assicoop.it\/toscana\/assicurazione-per-case-in-affitto-chi-paga-i-danni\/\"},\"wordCount\":397,\"publisher\":{\"@id\":\"https:\/\/www.assicoop.it\/toscana\/#organization\"},\"image\":{\"@id\":\"https:\/\/www.assicoop.it\/toscana\/assicurazione-per-case-in-affitto-chi-paga-i-danni\/#primaryimage\"},\"thumbnailUrl\":\"https:\/\/www.assicoop.it\/toscana\/wp-content\/uploads\/2024\/09\/protezione-case-affitto.jpg\",\"articleSection\":[\"News\"],\"inLanguage\":\"it-IT\"},{\"@type\":\"WebPage\",\"@id\":\"https:\/\/www.assicoop.it\/toscana\/assicurazione-per-case-in-affitto-chi-paga-i-danni\/\",\"url\":\"https:\/\/www.assicoop.it\/toscana\/assicurazione-per-case-in-affitto-chi-paga-i-danni\/\",\"name\":\"Assicurazione per case in affitto: chi paga i danni? - Assicoop Toscana\",\"isPartOf\":{\"@id\":\"https:\/\/www.assicoop.it\/toscana\/#website\"},\"primaryImageOfPage\":{\"@id\":\"https:\/\/www.assicoop.it\/toscana\/assicurazione-per-case-in-affitto-chi-paga-i-danni\/#primaryimage\"},\"image\":{\"@id\":\"https:\/\/www.assicoop.it\/toscana\/assicurazione-per-case-in-affitto-chi-paga-i-danni\/#primaryimage\"},\"thumbnailUrl\":\"https:\/\/www.assicoop.it\/toscana\/wp-content\/uploads\/2024\/09\/protezione-case-affitto.jpg\",\"datePublished\":\"2024-09-24T15:21:58+00:00\",\"dateModified\":\"2025-01-03T15:46:21+00:00\",\"description\":\"Proteggi il tuo spazio in affitto: scopri perch\u00e9 \u00e8 importante assicurarlo.\",\"breadcrumb\":{\"@id\":\"https:\/\/www.assicoop.it\/toscana\/assicurazione-per-case-in-affitto-chi-paga-i-danni\/#breadcrumb\"},\"inLanguage\":\"it-IT\",\"potentialAction\":[{\"@type\":\"ReadAction\",\"target\":[\"https:\/\/www.assicoop.it\/toscana\/assicurazione-per-case-in-affitto-chi-paga-i-danni\/\"]}]},{\"@type\":\"ImageObject\",\"inLanguage\":\"it-IT\",\"@id\":\"https:\/\/www.assicoop.it\/toscana\/assicurazione-per-case-in-affitto-chi-paga-i-danni\/#primaryimage\",\"url\":\"https:\/\/www.assicoop.it\/toscana\/wp-content\/uploads\/2024\/09\/protezione-case-affitto.jpg\",\"contentUrl\":\"https:\/\/www.assicoop.it\/toscana\/wp-content\/uploads\/2024\/09\/protezione-case-affitto.jpg\",\"width\":800,\"height\":600},{\"@type\":\"BreadcrumbList\",\"@id\":\"https:\/\/www.assicoop.it\/toscana\/assicurazione-per-case-in-affitto-chi-paga-i-danni\/#breadcrumb\",\"itemListElement\":[{\"@type\":\"ListItem\",\"position\":1,\"name\":\"Home\",\"item\":\"https:\/\/www.assicoop.it\/toscana\/\"},{\"@type\":\"ListItem\",\"position\":2,\"name\":\"Assicurazione per case in affitto: chi paga i danni?\"}]},{\"@type\":\"WebSite\",\"@id\":\"https:\/\/www.assicoop.it\/toscana\/#website\",\"url\":\"https:\/\/www.assicoop.it\/toscana\/\",\"name\":\"Assicoop Toscana\",\"description\":\"Vicina. Sicura. Tua.\",\"publisher\":{\"@id\":\"https:\/\/www.assicoop.it\/toscana\/#organization\"},\"potentialAction\":[{\"@type\":\"SearchAction\",\"target\":{\"@type\":\"EntryPoint\",\"urlTemplate\":\"https:\/\/www.assicoop.it\/toscana\/?s={search_term_string}\"},\"query-input\":\"required name=search_term_string\"}],\"inLanguage\":\"it-IT\"},{\"@type\":\"Organization\",\"@id\":\"https:\/\/www.assicoop.it\/toscana\/#organization\",\"name\":\"Assicoop Toscana\",\"url\":\"https:\/\/www.assicoop.it\/toscana\/\",\"logo\":{\"@type\":\"ImageObject\",\"inLanguage\":\"it-IT\",\"@id\":\"https:\/\/www.assicoop.it\/toscana\/#\/schema\/logo\/image\/\",\"url\":\"https:\/\/www.assicoop.it\/toscana\/wp-content\/uploads\/2019\/10\/Assicoop-Toscana.png\",\"contentUrl\":\"https:\/\/www.assicoop.it\/toscana\/wp-content\/uploads\/2019\/10\/Assicoop-Toscana.png\",\"width\":3154,\"height\":645,\"caption\":\"Assicoop Toscana\"},\"image\":{\"@id\":\"https:\/\/www.assicoop.it\/toscana\/#\/schema\/logo\/image\/\"},\"sameAs\":[\"https:\/\/www.facebook.com\/AssicoopToscana\",\"https:\/\/www.instagram.com\/assicooptoscana_unipolsai\/\",\"https:\/\/www.linkedin.com\/company\/assicoop-toscana---unipolsai-assicurazioni\/\"]},{\"@type\":\"Person\",\"@id\":\"https:\/\/www.assicoop.it\/toscana\/#\/schema\/person\/1a44f1280978cdf7fc34e743fc746de4\",\"name\":\"admin\",\"image\":{\"@type\":\"ImageObject\",\"inLanguage\":\"it-IT\",\"@id\":\"https:\/\/www.assicoop.it\/toscana\/#\/schema\/person\/image\/\",\"url\":\"https:\/\/secure.gravatar.com\/avatar\/5767e7a1ee4373b71c91822a1d11154f?s=96&d=mm&r=g\",\"contentUrl\":\"https:\/\/secure.gravatar.com\/avatar\/5767e7a1ee4373b71c91822a1d11154f?s=96&d=mm&r=g\",\"caption\":\"admin\"},\"url\":\"https:\/\/www.assicoop.it\/toscana\/author\/admin\/\"}]}<\/script>\n<!-- \/ Yoast SEO plugin. -->","yoast_head_json":{"title":"Assicurazione per case in affitto: chi paga i danni? - Assicoop Toscana","description":"Proteggi il tuo spazio in affitto: scopri perch\u00e9 \u00e8 importante assicurarlo.","robots":{"index":"index","follow":"follow","max-snippet":"max-snippet:-1","max-image-preview":"max-image-preview:large","max-video-preview":"max-video-preview:-1"},"canonical":"https:\/\/www.assicoop.it\/toscana\/assicurazione-per-case-in-affitto-chi-paga-i-danni\/","og_locale":"it_IT","og_type":"article","og_title":"Assicurazione per case in affitto: chi paga i danni? - Assicoop Toscana","og_description":"Proteggi il tuo spazio in affitto: scopri perch\u00e9 \u00e8 importante assicurarlo.","og_url":"https:\/\/www.assicoop.it\/toscana\/assicurazione-per-case-in-affitto-chi-paga-i-danni\/","og_site_name":"Assicoop Toscana","article_publisher":"https:\/\/www.facebook.com\/AssicoopToscana","article_published_time":"2024-09-24T15:21:58+00:00","article_modified_time":"2025-01-03T15:46:21+00:00","og_image":[{"width":800,"height":600,"url":"https:\/\/www.assicoop.it\/toscana\/wp-content\/uploads\/2024\/09\/protezione-case-affitto.jpg","type":"image\/jpeg"}],"author":"admin","twitter_card":"summary_large_image","twitter_misc":{"Scritto da":"admin","Tempo di lettura stimato":"3 minuti"},"schema":{"@context":"https:\/\/schema.org","@graph":[{"@type":"Article","@id":"https:\/\/www.assicoop.it\/toscana\/assicurazione-per-case-in-affitto-chi-paga-i-danni\/#article","isPartOf":{"@id":"https:\/\/www.assicoop.it\/toscana\/assicurazione-per-case-in-affitto-chi-paga-i-danni\/"},"author":{"name":"admin","@id":"https:\/\/www.assicoop.it\/toscana\/#\/schema\/person\/1a44f1280978cdf7fc34e743fc746de4"},"headline":"Assicurazione per case in affitto: chi paga i danni?","datePublished":"2024-09-24T15:21:58+00:00","dateModified":"2025-01-03T15:46:21+00:00","mainEntityOfPage":{"@id":"https:\/\/www.assicoop.it\/toscana\/assicurazione-per-case-in-affitto-chi-paga-i-danni\/"},"wordCount":397,"publisher":{"@id":"https:\/\/www.assicoop.it\/toscana\/#organization"},"image":{"@id":"https:\/\/www.assicoop.it\/toscana\/assicurazione-per-case-in-affitto-chi-paga-i-danni\/#primaryimage"},"thumbnailUrl":"https:\/\/www.assicoop.it\/toscana\/wp-content\/uploads\/2024\/09\/protezione-case-affitto.jpg","articleSection":["News"],"inLanguage":"it-IT"},{"@type":"WebPage","@id":"https:\/\/www.assicoop.it\/toscana\/assicurazione-per-case-in-affitto-chi-paga-i-danni\/","url":"https:\/\/www.assicoop.it\/toscana\/assicurazione-per-case-in-affitto-chi-paga-i-danni\/","name":"Assicurazione per case in affitto: chi paga i danni? - Assicoop Toscana","isPartOf":{"@id":"https:\/\/www.assicoop.it\/toscana\/#website"},"primaryImageOfPage":{"@id":"https:\/\/www.assicoop.it\/toscana\/assicurazione-per-case-in-affitto-chi-paga-i-danni\/#primaryimage"},"image":{"@id":"https:\/\/www.assicoop.it\/toscana\/assicurazione-per-case-in-affitto-chi-paga-i-danni\/#primaryimage"},"thumbnailUrl":"https:\/\/www.assicoop.it\/toscana\/wp-content\/uploads\/2024\/09\/protezione-case-affitto.jpg","datePublished":"2024-09-24T15:21:58+00:00","dateModified":"2025-01-03T15:46:21+00:00","description":"Proteggi il tuo spazio in affitto: scopri perch\u00e9 \u00e8 importante assicurarlo.","breadcrumb":{"@id":"https:\/\/www.assicoop.it\/toscana\/assicurazione-per-case-in-affitto-chi-paga-i-danni\/#breadcrumb"},"inLanguage":"it-IT","potentialAction":[{"@type":"ReadAction","target":["https:\/\/www.assicoop.it\/toscana\/assicurazione-per-case-in-affitto-chi-paga-i-danni\/"]}]},{"@type":"ImageObject","inLanguage":"it-IT","@id":"https:\/\/www.assicoop.it\/toscana\/assicurazione-per-case-in-affitto-chi-paga-i-danni\/#primaryimage","url":"https:\/\/www.assicoop.it\/toscana\/wp-content\/uploads\/2024\/09\/protezione-case-affitto.jpg","contentUrl":"https:\/\/www.assicoop.it\/toscana\/wp-content\/uploads\/2024\/09\/protezione-case-affitto.jpg","width":800,"height":600},{"@type":"BreadcrumbList","@id":"https:\/\/www.assicoop.it\/toscana\/assicurazione-per-case-in-affitto-chi-paga-i-danni\/#breadcrumb","itemListElement":[{"@type":"ListItem","position":1,"name":"Home","item":"https:\/\/www.assicoop.it\/toscana\/"},{"@type":"ListItem","position":2,"name":"Assicurazione per case in affitto: chi paga i danni?"}]},{"@type":"WebSite","@id":"https:\/\/www.assicoop.it\/toscana\/#website","url":"https:\/\/www.assicoop.it\/toscana\/","name":"Assicoop Toscana","description":"Vicina. Sicura. Tua.","publisher":{"@id":"https:\/\/www.assicoop.it\/toscana\/#organization"},"potentialAction":[{"@type":"SearchAction","target":{"@type":"EntryPoint","urlTemplate":"https:\/\/www.assicoop.it\/toscana\/?s={search_term_string}"},"query-input":"required name=search_term_string"}],"inLanguage":"it-IT"},{"@type":"Organization","@id":"https:\/\/www.assicoop.it\/toscana\/#organization","name":"Assicoop Toscana","url":"https:\/\/www.assicoop.it\/toscana\/","logo":{"@type":"ImageObject","inLanguage":"it-IT","@id":"https:\/\/www.assicoop.it\/toscana\/#\/schema\/logo\/image\/","url":"https:\/\/www.assicoop.it\/toscana\/wp-content\/uploads\/2019\/10\/Assicoop-Toscana.png","contentUrl":"https:\/\/www.assicoop.it\/toscana\/wp-content\/uploads\/2019\/10\/Assicoop-Toscana.png","width":3154,"height":645,"caption":"Assicoop Toscana"},"image":{"@id":"https:\/\/www.assicoop.it\/toscana\/#\/schema\/logo\/image\/"},"sameAs":["https:\/\/www.facebook.com\/AssicoopToscana","https:\/\/www.instagram.com\/assicooptoscana_unipolsai\/","https:\/\/www.linkedin.com\/company\/assicoop-toscana---unipolsai-assicurazioni\/"]},{"@type":"Person","@id":"https:\/\/www.assicoop.it\/toscana\/#\/schema\/person\/1a44f1280978cdf7fc34e743fc746de4","name":"admin","image":{"@type":"ImageObject","inLanguage":"it-IT","@id":"https:\/\/www.assicoop.it\/toscana\/#\/schema\/person\/image\/","url":"https:\/\/secure.gravatar.com\/avatar\/5767e7a1ee4373b71c91822a1d11154f?s=96&d=mm&r=g","contentUrl":"https:\/\/secure.gravatar.com\/avatar\/5767e7a1ee4373b71c91822a1d11154f?s=96&d=mm&r=g","caption":"admin"},"url":"https:\/\/www.assicoop.it\/toscana\/author\/admin\/"}]}},"_links":{"self":[{"href":"https:\/\/www.assicoop.it\/toscana\/wp-json\/wp\/v2\/posts\/15942"}],"collection":[{"href":"https:\/\/www.assicoop.it\/toscana\/wp-json\/wp\/v2\/posts"}],"about":[{"href":"https:\/\/www.assicoop.it\/toscana\/wp-json\/wp\/v2\/types\/post"}],"author":[{"embeddable":true,"href":"https:\/\/www.assicoop.it\/toscana\/wp-json\/wp\/v2\/users\/4"}],"replies":[{"embeddable":true,"href":"https:\/\/www.assicoop.it\/toscana\/wp-json\/wp\/v2\/comments?post=15942"}],"version-history":[{"count":13,"href":"https:\/\/www.assicoop.it\/toscana\/wp-json\/wp\/v2\/posts\/15942\/revisions"}],"predecessor-version":[{"id":17408,"href":"https:\/\/www.assicoop.it\/toscana\/wp-json\/wp\/v2\/posts\/15942\/revisions\/17408"}],"wp:featuredmedia":[{"embeddable":true,"href":"https:\/\/www.assicoop.it\/toscana\/wp-json\/wp\/v2\/media\/17405"}],"wp:attachment":[{"href":"https:\/\/www.assicoop.it\/toscana\/wp-json\/wp\/v2\/media?parent=15942"}],"wp:term":[{"taxonomy":"category","embeddable":true,"href":"https:\/\/www.assicoop.it\/toscana\/wp-json\/wp\/v2\/categories?post=15942"},{"taxonomy":"post_tag","embeddable":true,"href":"https:\/\/www.assicoop.it\/toscana\/wp-json\/wp\/v2\/tags?post=15942"}],"curies":[{"name":"wp","href":"https:\/\/api.w.org\/{rel}","templated":true}]}}