

{"id":14894,"date":"2024-05-22T16:50:19","date_gmt":"2024-05-22T14:50:19","guid":{"rendered":"https:\/\/www.assicoop.it\/toscana\/?p=14894"},"modified":"2025-01-03T16:56:36","modified_gmt":"2025-01-03T15:56:36","slug":"il-nostro-quinto-bilancio-di-sostenibilita-per-il-biennio-2021-2022","status":"publish","type":"post","link":"https:\/\/www.assicoop.it\/toscana\/il-nostro-quinto-bilancio-di-sostenibilita-per-il-biennio-2021-2022\/","title":{"rendered":"Il nostro quinto bilancio di sostenibilit\u00e0 per il biennio 2021-2022"},"content":{"rendered":"\t\t<div data-elementor-type=\"wp-post\" data-elementor-id=\"14894\" class=\"elementor elementor-14894\" data-elementor-post-type=\"post\">\n\t\t\t\t\t\t<section class=\"elementor-section elementor-top-section elementor-element elementor-element-3f335f1c elementor-section-full_width elementor-section-height-min-height elementor-section-items-stretch elementor-section-content-bottom elementor-section-height-default\" data-id=\"3f335f1c\" data-element_type=\"section\">\n\t\t\t\t\t\t<div class=\"elementor-container elementor-column-gap-no\">\n\t\t\t\t\t<div class=\"elementor-column elementor-col-50 elementor-top-column elementor-element elementor-element-7cb28590\" data-id=\"7cb28590\" data-element_type=\"column\" data-settings=\"{&quot;background_background&quot;:&quot;classic&quot;}\">\n\t\t\t<div class=\"elementor-widget-wrap elementor-element-populated\">\n\t\t\t\t\t\t<div class=\"elementor-element elementor-element-7c1c1c97 elementor-widget elementor-widget-theme-post-title elementor-page-title elementor-widget-heading\" data-id=\"7c1c1c97\" data-element_type=\"widget\" data-widget_type=\"theme-post-title.default\">\n\t\t\t\t<div class=\"elementor-widget-container\">\n\t\t\t<h1 class=\"elementor-heading-title elementor-size-default\">Il nostro quinto bilancio di sostenibilit\u00e0 per il biennio 2021-2022<\/h1>\t\t<\/div>\n\t\t\t\t<\/div>\n\t\t\t\t<div class=\"elementor-element elementor-element-b7015cb elementor-widget elementor-widget-post-info\" data-id=\"b7015cb\" data-element_type=\"widget\" data-widget_type=\"post-info.default\">\n\t\t\t\t<div class=\"elementor-widget-container\">\n\t\t\t\t\t<ul class=\"elementor-inline-items elementor-icon-list-items elementor-post-info\">\n\t\t\t\t\t\t\t\t<li class=\"elementor-icon-list-item elementor-repeater-item-9093a23 elementor-inline-item\" itemprop=\"datePublished\">\n\t\t\t\t\t\t\t\t\t\t\t\t\t<span class=\"elementor-icon-list-text elementor-post-info__item elementor-post-info__item--type-date\">\n\t\t\t\t\t\t\t\t\t\tMaggio 22, 2024\t\t\t\t\t<\/span>\n\t\t\t\t\t\t\t\t<\/li>\n\t\t\t\t<li class=\"elementor-icon-list-item elementor-repeater-item-42b6822 elementor-inline-item\" itemprop=\"about\">\n\t\t\t\t\t\t\t\t\t\t\t\t\t<span class=\"elementor-icon-list-text elementor-post-info__item elementor-post-info__item--type-terms\">\n\t\t\t\t\t\t\t\t\t\t<span class=\"elementor-post-info__terms-list\">\n\t\t\t\t<a href=\"https:\/\/www.assicoop.it\/toscana\/category\/news\/\" class=\"elementor-post-info__terms-list-item\">News<\/a>\t\t\t\t<\/span>\n\t\t\t\t\t<\/span>\n\t\t\t\t\t\t\t\t<\/li>\n\t\t\t\t<\/ul>\n\t\t\t\t<\/div>\n\t\t\t\t<\/div>\n\t\t\t\t\t<\/div>\n\t\t<\/div>\n\t\t\t\t<div class=\"elementor-column elementor-col-50 elementor-top-column elementor-element elementor-element-6b2b2704\" data-id=\"6b2b2704\" data-element_type=\"column\">\n\t\t\t<div class=\"elementor-widget-wrap elementor-element-populated\">\n\t\t\t\t\t\t<div class=\"elementor-element elementor-element-519cbc86 elementor-hidden-tablet elementor-hidden-phone elementor-widget elementor-widget-theme-post-featured-image elementor-widget-image\" data-id=\"519cbc86\" data-element_type=\"widget\" data-widget_type=\"theme-post-featured-image.default\">\n\t\t\t\t<div class=\"elementor-widget-container\">\n\t\t\t\t\t\t\t\t\t\t\t\t\t<img fetchpriority=\"high\" decoding=\"async\" width=\"800\" height=\"600\" src=\"https:\/\/www.assicoop.it\/toscana\/wp-content\/uploads\/2024\/05\/quinto-bilancio-sostenibilita.jpg\" class=\"attachment-full size-full wp-image-17426\" alt=\"\" srcset=\"https:\/\/www.assicoop.it\/toscana\/wp-content\/uploads\/2024\/05\/quinto-bilancio-sostenibilita.jpg 800w, https:\/\/www.assicoop.it\/toscana\/wp-content\/uploads\/2024\/05\/quinto-bilancio-sostenibilita-300x225.jpg 300w, https:\/\/www.assicoop.it\/toscana\/wp-content\/uploads\/2024\/05\/quinto-bilancio-sostenibilita-768x576.jpg 768w\" sizes=\"(max-width: 800px) 100vw, 800px\" \/>\t\t\t\t\t\t\t\t\t\t\t\t\t<\/div>\n\t\t\t\t<\/div>\n\t\t\t\t\t<\/div>\n\t\t<\/div>\n\t\t\t\t\t<\/div>\n\t\t<\/section>\n\t\t\t\t<section class=\"elementor-section elementor-top-section elementor-element elementor-element-f319720 elementor-section-boxed elementor-section-height-default elementor-section-height-default\" data-id=\"f319720\" data-element_type=\"section\">\n\t\t\t\t\t\t<div class=\"elementor-container elementor-column-gap-default\">\n\t\t\t\t\t<div class=\"elementor-column elementor-col-100 elementor-top-column elementor-element elementor-element-20eb660c\" data-id=\"20eb660c\" data-element_type=\"column\">\n\t\t\t<div class=\"elementor-widget-wrap elementor-element-populated\">\n\t\t\t\t\t\t<div class=\"elementor-element elementor-element-6e9b4c50 elementor-widget__width-initial elementor-widget elementor-widget-heading\" data-id=\"6e9b4c50\" data-element_type=\"widget\" data-widget_type=\"heading.default\">\n\t\t\t\t<div class=\"elementor-widget-container\">\n\t\t\t<h2 class=\"elementor-heading-title elementor-size-default\">Un importante traguardo per Assicoop!<\/h2>\t\t<\/div>\n\t\t\t\t<\/div>\n\t\t\t\t\t<\/div>\n\t\t<\/div>\n\t\t\t\t\t<\/div>\n\t\t<\/section>\n\t\t\t\t<section class=\"elementor-section elementor-top-section elementor-element elementor-element-687ae10c elementor-section-boxed elementor-section-height-default elementor-section-height-default\" data-id=\"687ae10c\" data-element_type=\"section\">\n\t\t\t\t\t\t<div class=\"elementor-container elementor-column-gap-default\">\n\t\t\t\t\t<div class=\"elementor-column elementor-col-100 elementor-top-column elementor-element elementor-element-309253b0\" data-id=\"309253b0\" data-element_type=\"column\">\n\t\t\t<div class=\"elementor-widget-wrap elementor-element-populated\">\n\t\t\t\t\t\t<div class=\"elementor-element elementor-element-32f6350 elementor-widget elementor-widget-text-editor\" data-id=\"32f6350\" data-element_type=\"widget\" data-widget_type=\"text-editor.default\">\n\t\t\t\t<div class=\"elementor-widget-container\">\n\t\t\t\t\t\t\t<p><span style=\"font-weight: 400;\">Il 17 maggio scorso, presso l&#8217;auditorium Torre Unipol di Bologna, abbiamo presentato il nostro <strong>quinto bilancio di sostenibilit\u00e0 per il biennio 2021-2022<\/strong>. Questo bilancio non solo rende conto del lavoro svolto, ma ci guida anche verso i nostri impegni futuri, attraverso la riduzione dell\u2019impatto ecologico delle nostre operazioni, il sostegno alle comunit\u00e0 locali e la promozione della diversit\u00e0 e dell&#8217;inclusione.<\/span><\/p><p><span style=\"font-weight: 400;\">L&#8217;evento ha visto la partecipazione di <strong>Lorenzo Cottignoli<\/strong>, Presidente Associazione Agenzie Societarie e Unipol Assicurazioni e <strong>Rita Ghedini<\/strong>, delegata per il piano di attuazione ESG Assicoop.<\/span><\/p><p>\u00a0<\/p>\t\t\t\t\t\t<\/div>\n\t\t\t\t<\/div>\n\t\t\t\t<div class=\"elementor-element elementor-element-448bedfb elementor-widget elementor-widget-heading\" data-id=\"448bedfb\" data-element_type=\"widget\" data-widget_type=\"heading.default\">\n\t\t\t\t<div class=\"elementor-widget-container\">\n\t\t\t<h4 class=\"elementor-heading-title elementor-size-default\">La presentazione del Bilancio:\n<\/h4>\t\t<\/div>\n\t\t\t\t<\/div>\n\t\t\t\t<div class=\"elementor-element elementor-element-1c396058 elementor-widget elementor-widget-text-editor\" data-id=\"1c396058\" data-element_type=\"widget\" data-widget_type=\"text-editor.default\">\n\t\t\t\t<div class=\"elementor-widget-container\">\n\t\t\t\t\t\t\t<p><span style=\"font-weight: 400;\">La presentazione del Bilancio \u00e8 stata condotta da <strong>Giovanni Enrico Ravelli<\/strong> di SCS Consulting seguita da un intervento del Prof. <strong>Mario Viviani<\/strong> di G.B.S. su imprese e sostenibilit\u00e0.<\/span><\/p><p><span style=\"font-weight: 400;\">La giornata si \u00e8 arricchita con una tavola rotonda, moderata da <strong>Simona Ceccarelli<\/strong> di SCS Consulting, con ospiti di rilievo come:<\/span><\/p><ul><li><span style=\"font-weight: 400;\"><strong>Erio Bagni<\/strong>, Presidente di Aseop<\/span><\/li><li><span style=\"font-weight: 400;\"><strong>Dario Domenichini<\/strong>, Presidente provinciale e regionale Confesercenti<\/span><\/li><li><span style=\"font-weight: 400;\"><strong>Giuseppina Gualtieri<\/strong>, Presidente TPER e Impronta Etica<\/span><\/li><li><span style=\"font-weight: 400;\"><strong>Paolo Lucchi<\/strong>, Presidente Legacoop Romagna<\/span><\/li><li><span style=\"font-weight: 400;\"><strong>Irene Mangani<\/strong>, Vicepresidente vicaria Legacoop Toscana<\/span><\/li><\/ul>\t\t\t\t\t\t<\/div>\n\t\t\t\t<\/div>\n\t\t\t\t<div class=\"elementor-element elementor-element-3a0346c1 elementor-widget elementor-widget-heading\" data-id=\"3a0346c1\" data-element_type=\"widget\" data-widget_type=\"heading.default\">\n\t\t\t\t<div class=\"elementor-widget-container\">\n\t\t\t<h4 class=\"elementor-heading-title elementor-size-default\">La Sostenibilit\u00e0:<\/h4>\t\t<\/div>\n\t\t\t\t<\/div>\n\t\t\t\t<div class=\"elementor-element elementor-element-50b8968 elementor-widget elementor-widget-text-editor\" data-id=\"50b8968\" data-element_type=\"widget\" data-widget_type=\"text-editor.default\">\n\t\t\t\t<div class=\"elementor-widget-container\">\n\t\t\t\t\t\t\t<p><span style=\"font-weight: 400;\">La sostenibilit\u00e0 non \u00e8 solo una parola per noi: \u00e8 un impegno concreto verso un futuro miglioreper le giovani generazioni e quelle future. Crediamo che ogni passo, piccolo o grande, possa fare la differenza. Insieme possiamo costruire un domani pi\u00f9 verde e responsabile.\u00a0<\/span><\/p><p><span style=\"font-weight: 400;\">Siamo orgogliosi del nostro percorso e pronti ad affrontare le sfide future con rinnovato impegno e dedizione.\u00a0<\/span><\/p><p><span style=\"font-weight: 400;\">Scoprite come stiamo trasformando la nostra visione di sostenibilit\u00e0 in azioni concrete nella <strong><a href=\"https:\/\/www.assicoop.it\/toscana\/sostenibilita\/\" target=\"_blank\" rel=\"noopener\">nostra pagina dedicata<\/a><\/strong> e in quella <a href=\"https:\/\/www.assicoop.it\/sostenibilita\/\" target=\"_blank\" rel=\"noopener\"><strong>dell&#8217;Associazione<\/strong><\/a>.\u00a0<\/span><span style=\"font-weight: 400;\"><br \/><\/span><\/p><p>\u00a0<\/p><p style=\"text-align: center;\"><a href=\"https:\/\/www.assicoop.it\/toscana\/wp-content\/uploads\/2025\/01\/quinto-bilancio-locandina.jpg\" target=\"_blank\" rel=\"noopener\"><strong>Visualizza la locandina<\/strong><\/a><\/p>\t\t\t\t\t\t<\/div>\n\t\t\t\t<\/div>\n\t\t\t\t\t<\/div>\n\t\t<\/div>\n\t\t\t\t\t<\/div>\n\t\t<\/section>\n\t\t\t\t<\/div>\n\t\t","protected":false},"excerpt":{"rendered":"<p>Un importante traguardo per Assicoop! Il 17 maggio scorso, presso l&#8217;auditorium Torre Unipol di Bologna, abbiamo presentato il nostro quinto bilancio di sostenibilit\u00e0 per il biennio 2021-2022. Questo bilancio non solo rende conto del lavoro svolto, ma ci guida anche verso i nostri impegni futuri, attraverso la riduzione dell\u2019impatto ecologico delle nostre operazioni, il sostegno [&hellip;]<\/p>\n","protected":false},"author":5,"featured_media":17426,"comment_status":"closed","ping_status":"open","sticky":false,"template":"","format":"standard","meta":{"_acf_changed":false,"footnotes":""},"categories":[8],"tags":[],"acf":[],"yoast_head":"<!-- This site is optimized with the Yoast SEO plugin v22.2 - https:\/\/yoast.com\/wordpress\/plugins\/seo\/ -->\n<title>Il nostro quinto bilancio di sostenibilit\u00e0 per il biennio 2021-2022 - Assicoop Toscana<\/title>\n<meta name=\"robots\" content=\"index, follow, max-snippet:-1, max-image-preview:large, max-video-preview:-1\" \/>\n<link rel=\"canonical\" href=\"https:\/\/www.assicoop.it\/toscana\/il-nostro-quinto-bilancio-di-sostenibilita-per-il-biennio-2021-2022\/\" \/>\n<meta property=\"og:locale\" content=\"it_IT\" \/>\n<meta property=\"og:type\" content=\"article\" \/>\n<meta property=\"og:title\" content=\"Il nostro quinto bilancio di sostenibilit\u00e0 per il biennio 2021-2022 - Assicoop Toscana\" \/>\n<meta property=\"og:description\" content=\"Un importante traguardo per Assicoop! Il 17 maggio scorso, presso l&#8217;auditorium Torre Unipol di Bologna, abbiamo presentato il nostro quinto bilancio di sostenibilit\u00e0 per il biennio 2021-2022. Questo bilancio non solo rende conto del lavoro svolto, ma ci guida anche verso i nostri impegni futuri, attraverso la riduzione dell\u2019impatto ecologico delle nostre operazioni, il sostegno [&hellip;]\" \/>\n<meta property=\"og:url\" content=\"https:\/\/www.assicoop.it\/toscana\/il-nostro-quinto-bilancio-di-sostenibilita-per-il-biennio-2021-2022\/\" \/>\n<meta property=\"og:site_name\" content=\"Assicoop Toscana\" \/>\n<meta property=\"article:publisher\" content=\"https:\/\/www.facebook.com\/AssicoopToscana\" \/>\n<meta property=\"article:published_time\" content=\"2024-05-22T14:50:19+00:00\" \/>\n<meta property=\"article:modified_time\" content=\"2025-01-03T15:56:36+00:00\" \/>\n<meta property=\"og:image\" content=\"https:\/\/www.assicoop.it\/toscana\/wp-content\/uploads\/2024\/05\/quinto-bilancio-sostenibilita.jpg\" \/>\n\t<meta property=\"og:image:width\" content=\"800\" \/>\n\t<meta property=\"og:image:height\" content=\"600\" \/>\n\t<meta property=\"og:image:type\" content=\"image\/jpeg\" \/>\n<meta name=\"author\" content=\"Barbara\" \/>\n<meta name=\"twitter:card\" content=\"summary_large_image\" \/>\n<meta name=\"twitter:label1\" content=\"Scritto da\" \/>\n\t<meta name=\"twitter:data1\" content=\"Barbara\" \/>\n\t<meta name=\"twitter:label2\" content=\"Tempo di lettura stimato\" \/>\n\t<meta name=\"twitter:data2\" content=\"2 minuti\" \/>\n<script type=\"application\/ld+json\" class=\"yoast-schema-graph\">{\"@context\":\"https:\/\/schema.org\",\"@graph\":[{\"@type\":\"Article\",\"@id\":\"https:\/\/www.assicoop.it\/toscana\/il-nostro-quinto-bilancio-di-sostenibilita-per-il-biennio-2021-2022\/#article\",\"isPartOf\":{\"@id\":\"https:\/\/www.assicoop.it\/toscana\/il-nostro-quinto-bilancio-di-sostenibilita-per-il-biennio-2021-2022\/\"},\"author\":{\"name\":\"Barbara\",\"@id\":\"https:\/\/www.assicoop.it\/toscana\/#\/schema\/person\/0798f13d46fb1755a9af76f1789d7431\"},\"headline\":\"Il nostro quinto bilancio di sostenibilit\u00e0 per il biennio 2021-2022\",\"datePublished\":\"2024-05-22T14:50:19+00:00\",\"dateModified\":\"2025-01-03T15:56:36+00:00\",\"mainEntityOfPage\":{\"@id\":\"https:\/\/www.assicoop.it\/toscana\/il-nostro-quinto-bilancio-di-sostenibilita-per-il-biennio-2021-2022\/\"},\"wordCount\":267,\"publisher\":{\"@id\":\"https:\/\/www.assicoop.it\/toscana\/#organization\"},\"image\":{\"@id\":\"https:\/\/www.assicoop.it\/toscana\/il-nostro-quinto-bilancio-di-sostenibilita-per-il-biennio-2021-2022\/#primaryimage\"},\"thumbnailUrl\":\"https:\/\/www.assicoop.it\/toscana\/wp-content\/uploads\/2024\/05\/quinto-bilancio-sostenibilita.jpg\",\"articleSection\":[\"News\"],\"inLanguage\":\"it-IT\"},{\"@type\":\"WebPage\",\"@id\":\"https:\/\/www.assicoop.it\/toscana\/il-nostro-quinto-bilancio-di-sostenibilita-per-il-biennio-2021-2022\/\",\"url\":\"https:\/\/www.assicoop.it\/toscana\/il-nostro-quinto-bilancio-di-sostenibilita-per-il-biennio-2021-2022\/\",\"name\":\"Il nostro quinto bilancio di sostenibilit\u00e0 per il biennio 2021-2022 - Assicoop Toscana\",\"isPartOf\":{\"@id\":\"https:\/\/www.assicoop.it\/toscana\/#website\"},\"primaryImageOfPage\":{\"@id\":\"https:\/\/www.assicoop.it\/toscana\/il-nostro-quinto-bilancio-di-sostenibilita-per-il-biennio-2021-2022\/#primaryimage\"},\"image\":{\"@id\":\"https:\/\/www.assicoop.it\/toscana\/il-nostro-quinto-bilancio-di-sostenibilita-per-il-biennio-2021-2022\/#primaryimage\"},\"thumbnailUrl\":\"https:\/\/www.assicoop.it\/toscana\/wp-content\/uploads\/2024\/05\/quinto-bilancio-sostenibilita.jpg\",\"datePublished\":\"2024-05-22T14:50:19+00:00\",\"dateModified\":\"2025-01-03T15:56:36+00:00\",\"breadcrumb\":{\"@id\":\"https:\/\/www.assicoop.it\/toscana\/il-nostro-quinto-bilancio-di-sostenibilita-per-il-biennio-2021-2022\/#breadcrumb\"},\"inLanguage\":\"it-IT\",\"potentialAction\":[{\"@type\":\"ReadAction\",\"target\":[\"https:\/\/www.assicoop.it\/toscana\/il-nostro-quinto-bilancio-di-sostenibilita-per-il-biennio-2021-2022\/\"]}]},{\"@type\":\"ImageObject\",\"inLanguage\":\"it-IT\",\"@id\":\"https:\/\/www.assicoop.it\/toscana\/il-nostro-quinto-bilancio-di-sostenibilita-per-il-biennio-2021-2022\/#primaryimage\",\"url\":\"https:\/\/www.assicoop.it\/toscana\/wp-content\/uploads\/2024\/05\/quinto-bilancio-sostenibilita.jpg\",\"contentUrl\":\"https:\/\/www.assicoop.it\/toscana\/wp-content\/uploads\/2024\/05\/quinto-bilancio-sostenibilita.jpg\",\"width\":800,\"height\":600},{\"@type\":\"BreadcrumbList\",\"@id\":\"https:\/\/www.assicoop.it\/toscana\/il-nostro-quinto-bilancio-di-sostenibilita-per-il-biennio-2021-2022\/#breadcrumb\",\"itemListElement\":[{\"@type\":\"ListItem\",\"position\":1,\"name\":\"Home\",\"item\":\"https:\/\/www.assicoop.it\/toscana\/\"},{\"@type\":\"ListItem\",\"position\":2,\"name\":\"Il nostro quinto bilancio di sostenibilit\u00e0 per il biennio 2021-2022\"}]},{\"@type\":\"WebSite\",\"@id\":\"https:\/\/www.assicoop.it\/toscana\/#website\",\"url\":\"https:\/\/www.assicoop.it\/toscana\/\",\"name\":\"Assicoop Toscana\",\"description\":\"Vicina. Sicura. Tua.\",\"publisher\":{\"@id\":\"https:\/\/www.assicoop.it\/toscana\/#organization\"},\"potentialAction\":[{\"@type\":\"SearchAction\",\"target\":{\"@type\":\"EntryPoint\",\"urlTemplate\":\"https:\/\/www.assicoop.it\/toscana\/?s={search_term_string}\"},\"query-input\":\"required name=search_term_string\"}],\"inLanguage\":\"it-IT\"},{\"@type\":\"Organization\",\"@id\":\"https:\/\/www.assicoop.it\/toscana\/#organization\",\"name\":\"Assicoop Toscana\",\"url\":\"https:\/\/www.assicoop.it\/toscana\/\",\"logo\":{\"@type\":\"ImageObject\",\"inLanguage\":\"it-IT\",\"@id\":\"https:\/\/www.assicoop.it\/toscana\/#\/schema\/logo\/image\/\",\"url\":\"https:\/\/www.assicoop.it\/toscana\/wp-content\/uploads\/2019\/10\/Assicoop-Toscana.png\",\"contentUrl\":\"https:\/\/www.assicoop.it\/toscana\/wp-content\/uploads\/2019\/10\/Assicoop-Toscana.png\",\"width\":3154,\"height\":645,\"caption\":\"Assicoop Toscana\"},\"image\":{\"@id\":\"https:\/\/www.assicoop.it\/toscana\/#\/schema\/logo\/image\/\"},\"sameAs\":[\"https:\/\/www.facebook.com\/AssicoopToscana\",\"https:\/\/www.instagram.com\/assicooptoscana_unipolsai\/\",\"https:\/\/www.linkedin.com\/company\/assicoop-toscana---unipolsai-assicurazioni\/\"]},{\"@type\":\"Person\",\"@id\":\"https:\/\/www.assicoop.it\/toscana\/#\/schema\/person\/0798f13d46fb1755a9af76f1789d7431\",\"name\":\"Barbara\",\"image\":{\"@type\":\"ImageObject\",\"inLanguage\":\"it-IT\",\"@id\":\"https:\/\/www.assicoop.it\/toscana\/#\/schema\/person\/image\/\",\"url\":\"https:\/\/secure.gravatar.com\/avatar\/00c026db8927e2518d2b151f133428e9?s=96&d=mm&r=g\",\"contentUrl\":\"https:\/\/secure.gravatar.com\/avatar\/00c026db8927e2518d2b151f133428e9?s=96&d=mm&r=g\",\"caption\":\"Barbara\"},\"url\":\"https:\/\/www.assicoop.it\/toscana\/author\/barbara\/\"}]}<\/script>\n<!-- \/ Yoast SEO plugin. -->","yoast_head_json":{"title":"Il nostro quinto bilancio di sostenibilit\u00e0 per il biennio 2021-2022 - Assicoop Toscana","robots":{"index":"index","follow":"follow","max-snippet":"max-snippet:-1","max-image-preview":"max-image-preview:large","max-video-preview":"max-video-preview:-1"},"canonical":"https:\/\/www.assicoop.it\/toscana\/il-nostro-quinto-bilancio-di-sostenibilita-per-il-biennio-2021-2022\/","og_locale":"it_IT","og_type":"article","og_title":"Il nostro quinto bilancio di sostenibilit\u00e0 per il biennio 2021-2022 - Assicoop Toscana","og_description":"Un importante traguardo per Assicoop! Il 17 maggio scorso, presso l&#8217;auditorium Torre Unipol di Bologna, abbiamo presentato il nostro quinto bilancio di sostenibilit\u00e0 per il biennio 2021-2022. Questo bilancio non solo rende conto del lavoro svolto, ma ci guida anche verso i nostri impegni futuri, attraverso la riduzione dell\u2019impatto ecologico delle nostre operazioni, il sostegno [&hellip;]","og_url":"https:\/\/www.assicoop.it\/toscana\/il-nostro-quinto-bilancio-di-sostenibilita-per-il-biennio-2021-2022\/","og_site_name":"Assicoop Toscana","article_publisher":"https:\/\/www.facebook.com\/AssicoopToscana","article_published_time":"2024-05-22T14:50:19+00:00","article_modified_time":"2025-01-03T15:56:36+00:00","og_image":[{"width":800,"height":600,"url":"https:\/\/www.assicoop.it\/toscana\/wp-content\/uploads\/2024\/05\/quinto-bilancio-sostenibilita.jpg","type":"image\/jpeg"}],"author":"Barbara","twitter_card":"summary_large_image","twitter_misc":{"Scritto da":"Barbara","Tempo di lettura stimato":"2 minuti"},"schema":{"@context":"https:\/\/schema.org","@graph":[{"@type":"Article","@id":"https:\/\/www.assicoop.it\/toscana\/il-nostro-quinto-bilancio-di-sostenibilita-per-il-biennio-2021-2022\/#article","isPartOf":{"@id":"https:\/\/www.assicoop.it\/toscana\/il-nostro-quinto-bilancio-di-sostenibilita-per-il-biennio-2021-2022\/"},"author":{"name":"Barbara","@id":"https:\/\/www.assicoop.it\/toscana\/#\/schema\/person\/0798f13d46fb1755a9af76f1789d7431"},"headline":"Il nostro quinto bilancio di sostenibilit\u00e0 per il biennio 2021-2022","datePublished":"2024-05-22T14:50:19+00:00","dateModified":"2025-01-03T15:56:36+00:00","mainEntityOfPage":{"@id":"https:\/\/www.assicoop.it\/toscana\/il-nostro-quinto-bilancio-di-sostenibilita-per-il-biennio-2021-2022\/"},"wordCount":267,"publisher":{"@id":"https:\/\/www.assicoop.it\/toscana\/#organization"},"image":{"@id":"https:\/\/www.assicoop.it\/toscana\/il-nostro-quinto-bilancio-di-sostenibilita-per-il-biennio-2021-2022\/#primaryimage"},"thumbnailUrl":"https:\/\/www.assicoop.it\/toscana\/wp-content\/uploads\/2024\/05\/quinto-bilancio-sostenibilita.jpg","articleSection":["News"],"inLanguage":"it-IT"},{"@type":"WebPage","@id":"https:\/\/www.assicoop.it\/toscana\/il-nostro-quinto-bilancio-di-sostenibilita-per-il-biennio-2021-2022\/","url":"https:\/\/www.assicoop.it\/toscana\/il-nostro-quinto-bilancio-di-sostenibilita-per-il-biennio-2021-2022\/","name":"Il nostro quinto bilancio di sostenibilit\u00e0 per il biennio 2021-2022 - Assicoop Toscana","isPartOf":{"@id":"https:\/\/www.assicoop.it\/toscana\/#website"},"primaryImageOfPage":{"@id":"https:\/\/www.assicoop.it\/toscana\/il-nostro-quinto-bilancio-di-sostenibilita-per-il-biennio-2021-2022\/#primaryimage"},"image":{"@id":"https:\/\/www.assicoop.it\/toscana\/il-nostro-quinto-bilancio-di-sostenibilita-per-il-biennio-2021-2022\/#primaryimage"},"thumbnailUrl":"https:\/\/www.assicoop.it\/toscana\/wp-content\/uploads\/2024\/05\/quinto-bilancio-sostenibilita.jpg","datePublished":"2024-05-22T14:50:19+00:00","dateModified":"2025-01-03T15:56:36+00:00","breadcrumb":{"@id":"https:\/\/www.assicoop.it\/toscana\/il-nostro-quinto-bilancio-di-sostenibilita-per-il-biennio-2021-2022\/#breadcrumb"},"inLanguage":"it-IT","potentialAction":[{"@type":"ReadAction","target":["https:\/\/www.assicoop.it\/toscana\/il-nostro-quinto-bilancio-di-sostenibilita-per-il-biennio-2021-2022\/"]}]},{"@type":"ImageObject","inLanguage":"it-IT","@id":"https:\/\/www.assicoop.it\/toscana\/il-nostro-quinto-bilancio-di-sostenibilita-per-il-biennio-2021-2022\/#primaryimage","url":"https:\/\/www.assicoop.it\/toscana\/wp-content\/uploads\/2024\/05\/quinto-bilancio-sostenibilita.jpg","contentUrl":"https:\/\/www.assicoop.it\/toscana\/wp-content\/uploads\/2024\/05\/quinto-bilancio-sostenibilita.jpg","width":800,"height":600},{"@type":"BreadcrumbList","@id":"https:\/\/www.assicoop.it\/toscana\/il-nostro-quinto-bilancio-di-sostenibilita-per-il-biennio-2021-2022\/#breadcrumb","itemListElement":[{"@type":"ListItem","position":1,"name":"Home","item":"https:\/\/www.assicoop.it\/toscana\/"},{"@type":"ListItem","position":2,"name":"Il nostro quinto bilancio di sostenibilit\u00e0 per il biennio 2021-2022"}]},{"@type":"WebSite","@id":"https:\/\/www.assicoop.it\/toscana\/#website","url":"https:\/\/www.assicoop.it\/toscana\/","name":"Assicoop Toscana","description":"Vicina. Sicura. Tua.","publisher":{"@id":"https:\/\/www.assicoop.it\/toscana\/#organization"},"potentialAction":[{"@type":"SearchAction","target":{"@type":"EntryPoint","urlTemplate":"https:\/\/www.assicoop.it\/toscana\/?s={search_term_string}"},"query-input":"required name=search_term_string"}],"inLanguage":"it-IT"},{"@type":"Organization","@id":"https:\/\/www.assicoop.it\/toscana\/#organization","name":"Assicoop Toscana","url":"https:\/\/www.assicoop.it\/toscana\/","logo":{"@type":"ImageObject","inLanguage":"it-IT","@id":"https:\/\/www.assicoop.it\/toscana\/#\/schema\/logo\/image\/","url":"https:\/\/www.assicoop.it\/toscana\/wp-content\/uploads\/2019\/10\/Assicoop-Toscana.png","contentUrl":"https:\/\/www.assicoop.it\/toscana\/wp-content\/uploads\/2019\/10\/Assicoop-Toscana.png","width":3154,"height":645,"caption":"Assicoop Toscana"},"image":{"@id":"https:\/\/www.assicoop.it\/toscana\/#\/schema\/logo\/image\/"},"sameAs":["https:\/\/www.facebook.com\/AssicoopToscana","https:\/\/www.instagram.com\/assicooptoscana_unipolsai\/","https:\/\/www.linkedin.com\/company\/assicoop-toscana---unipolsai-assicurazioni\/"]},{"@type":"Person","@id":"https:\/\/www.assicoop.it\/toscana\/#\/schema\/person\/0798f13d46fb1755a9af76f1789d7431","name":"Barbara","image":{"@type":"ImageObject","inLanguage":"it-IT","@id":"https:\/\/www.assicoop.it\/toscana\/#\/schema\/person\/image\/","url":"https:\/\/secure.gravatar.com\/avatar\/00c026db8927e2518d2b151f133428e9?s=96&d=mm&r=g","contentUrl":"https:\/\/secure.gravatar.com\/avatar\/00c026db8927e2518d2b151f133428e9?s=96&d=mm&r=g","caption":"Barbara"},"url":"https:\/\/www.assicoop.it\/toscana\/author\/barbara\/"}]}},"_links":{"self":[{"href":"https:\/\/www.assicoop.it\/toscana\/wp-json\/wp\/v2\/posts\/14894"}],"collection":[{"href":"https:\/\/www.assicoop.it\/toscana\/wp-json\/wp\/v2\/posts"}],"about":[{"href":"https:\/\/www.assicoop.it\/toscana\/wp-json\/wp\/v2\/types\/post"}],"author":[{"embeddable":true,"href":"https:\/\/www.assicoop.it\/toscana\/wp-json\/wp\/v2\/users\/5"}],"replies":[{"embeddable":true,"href":"https:\/\/www.assicoop.it\/toscana\/wp-json\/wp\/v2\/comments?post=14894"}],"version-history":[{"count":17,"href":"https:\/\/www.assicoop.it\/toscana\/wp-json\/wp\/v2\/posts\/14894\/revisions"}],"predecessor-version":[{"id":17430,"href":"https:\/\/www.assicoop.it\/toscana\/wp-json\/wp\/v2\/posts\/14894\/revisions\/17430"}],"wp:featuredmedia":[{"embeddable":true,"href":"https:\/\/www.assicoop.it\/toscana\/wp-json\/wp\/v2\/media\/17426"}],"wp:attachment":[{"href":"https:\/\/www.assicoop.it\/toscana\/wp-json\/wp\/v2\/media?parent=14894"}],"wp:term":[{"taxonomy":"category","embeddable":true,"href":"https:\/\/www.assicoop.it\/toscana\/wp-json\/wp\/v2\/categories?post=14894"},{"taxonomy":"post_tag","embeddable":true,"href":"https:\/\/www.assicoop.it\/toscana\/wp-json\/wp\/v2\/tags?post=14894"}],"curies":[{"name":"wp","href":"https:\/\/api.w.org\/{rel}","templated":true}]}}