{"id":10200,"date":"2025-07-04T10:30:00","date_gmt":"2025-07-04T08:30:00","guid":{"rendered":"https:\/\/www.assicoop.it\/romagnafutura\/?p=10200"},"modified":"2025-07-04T11:19:17","modified_gmt":"2025-07-04T09:19:17","slug":"assicoop-presenta-il-bilancio-di-sostenibilita-2023-un-impegno-concreto-per-territorio-e-persone","status":"publish","type":"post","link":"https:\/\/www.assicoop.it\/romagnafutura\/assicoop-presenta-il-bilancio-di-sostenibilita-2023-un-impegno-concreto-per-territorio-e-persone\/","title":{"rendered":"Assicoop presenta il Bilancio di Sostenibilit\u00e0 2023: un impegno concreto per territorio e persone"},"content":{"rendered":"\t\t<div data-elementor-type=\"wp-post\" data-elementor-id=\"10200\" class=\"elementor elementor-10200\" data-elementor-post-type=\"post\">\n\t\t\t\t\t\t<section class=\"elementor-section elementor-top-section elementor-element elementor-element-26f677ca elementor-section-full_width elementor-section-height-min-height elementor-section-items-stretch elementor-section-content-bottom elementor-section-height-default\" data-id=\"26f677ca\" data-element_type=\"section\">\n\t\t\t\t\t\t<div class=\"elementor-container elementor-column-gap-no\">\n\t\t\t\t\t<div class=\"elementor-column elementor-col-50 elementor-top-column elementor-element elementor-element-6a6587f3\" data-id=\"6a6587f3\" data-element_type=\"column\" data-settings=\"{&quot;background_background&quot;:&quot;classic&quot;}\">\n\t\t\t<div class=\"elementor-widget-wrap elementor-element-populated\">\n\t\t\t\t\t\t<div class=\"elementor-element elementor-element-4c15d739 elementor-widget elementor-widget-theme-post-title elementor-page-title elementor-widget-heading\" data-id=\"4c15d739\" data-element_type=\"widget\" data-widget_type=\"theme-post-title.default\">\n\t\t\t\t<div class=\"elementor-widget-container\">\n\t\t\t\t\t<h1 class=\"elementor-heading-title elementor-size-default\">Assicoop presenta il Bilancio di Sostenibilit\u00e0 2023: un impegno concreto per territorio e persone<\/h1>\t\t\t\t<\/div>\n\t\t\t\t<\/div>\n\t\t\t\t<div class=\"elementor-element elementor-element-572b7eee elementor-widget elementor-widget-post-info\" data-id=\"572b7eee\" data-element_type=\"widget\" data-widget_type=\"post-info.default\">\n\t\t\t\t<div class=\"elementor-widget-container\">\n\t\t\t\t\t\t\t<ul class=\"elementor-inline-items elementor-icon-list-items elementor-post-info\">\n\t\t\t\t\t\t\t\t<li class=\"elementor-icon-list-item elementor-repeater-item-9093a23 elementor-inline-item\" itemprop=\"datePublished\">\n\t\t\t\t\t\t\t\t\t\t\t\t\t<span class=\"elementor-icon-list-text elementor-post-info__item elementor-post-info__item--type-date\">\n\t\t\t\t\t\t\t\t\t\t<time>Luglio 4, 2025<\/time>\t\t\t\t\t<\/span>\n\t\t\t\t\t\t\t\t<\/li>\n\t\t\t\t<li class=\"elementor-icon-list-item elementor-repeater-item-42b6822 elementor-inline-item\" itemprop=\"about\">\n\t\t\t\t\t\t\t\t\t\t\t\t\t<span class=\"elementor-icon-list-text elementor-post-info__item elementor-post-info__item--type-terms\">\n\t\t\t\t\t\t\t\t\t\t<span class=\"elementor-post-info__terms-list\">\n\t\t\t\t<a href=\"https:\/\/www.assicoop.it\/romagnafutura\/category\/news\/\" class=\"elementor-post-info__terms-list-item\">News<\/a>\t\t\t\t<\/span>\n\t\t\t\t\t<\/span>\n\t\t\t\t\t\t\t\t<\/li>\n\t\t\t\t<\/ul>\n\t\t\t\t\t\t<\/div>\n\t\t\t\t<\/div>\n\t\t\t\t\t<\/div>\n\t\t<\/div>\n\t\t\t\t<div class=\"elementor-column elementor-col-50 elementor-top-column elementor-element elementor-element-3ba5fe01\" data-id=\"3ba5fe01\" data-element_type=\"column\">\n\t\t\t<div class=\"elementor-widget-wrap elementor-element-populated\">\n\t\t\t\t\t\t<div class=\"elementor-element elementor-element-54408d89 elementor-hidden-tablet elementor-hidden-phone elementor-widget elementor-widget-theme-post-featured-image elementor-widget-image\" data-id=\"54408d89\" data-element_type=\"widget\" data-widget_type=\"theme-post-featured-image.default\">\n\t\t\t\t<div class=\"elementor-widget-container\">\n\t\t\t\t\t\t\t\t\t\t\t\t\t\t\t<img fetchpriority=\"high\" decoding=\"async\" width=\"1031\" height=\"774\" src=\"https:\/\/www.assicoop.it\/romagnafutura\/wp-content\/uploads\/2025\/07\/BilancioSostenibilita-2023.png\" class=\"attachment-full size-full wp-image-10209\" alt=\"Ragazzi che sorridono - Evento Bilancio di Sostenibilit\u00e0 2023\" srcset=\"https:\/\/www.assicoop.it\/romagnafutura\/wp-content\/uploads\/2025\/07\/BilancioSostenibilita-2023.png 1031w, https:\/\/www.assicoop.it\/romagnafutura\/wp-content\/uploads\/2025\/07\/BilancioSostenibilita-2023-300x225.png 300w, https:\/\/www.assicoop.it\/romagnafutura\/wp-content\/uploads\/2025\/07\/BilancioSostenibilita-2023-1024x769.png 1024w, https:\/\/www.assicoop.it\/romagnafutura\/wp-content\/uploads\/2025\/07\/BilancioSostenibilita-2023-768x577.png 768w\" sizes=\"(max-width: 1031px) 100vw, 1031px\" \/>\t\t\t\t\t\t\t\t\t\t\t\t\t\t\t<\/div>\n\t\t\t\t<\/div>\n\t\t\t\t\t<\/div>\n\t\t<\/div>\n\t\t\t\t\t<\/div>\n\t\t<\/section>\n\t\t\t\t<section class=\"elementor-section elementor-top-section elementor-element elementor-element-511c61b9 elementor-section-boxed elementor-section-height-default elementor-section-height-default\" data-id=\"511c61b9\" data-element_type=\"section\">\n\t\t\t\t\t\t<div class=\"elementor-container elementor-column-gap-default\">\n\t\t\t\t\t<div class=\"elementor-column elementor-col-100 elementor-top-column elementor-element elementor-element-30cacc12\" data-id=\"30cacc12\" data-element_type=\"column\">\n\t\t\t<div class=\"elementor-widget-wrap elementor-element-populated\">\n\t\t\t\t\t\t<div class=\"elementor-element elementor-element-b15970a elementor-widget elementor-widget-text-editor\" data-id=\"b15970a\" data-element_type=\"widget\" data-widget_type=\"text-editor.default\">\n\t\t\t\t<div class=\"elementor-widget-container\">\n\t\t\t\t\t\t\t\t\t<p><b>Venerd\u00ec 27 giugno 2025<\/b><span style=\"font-weight: 400;\">, nella cornice di Palazzo di Varignana, si \u00e8 tenuto l\u2019evento di presentazione del <\/span><b>Bilancio di Sostenibilit\u00e0 Assicoop 2023<\/b><span style=\"font-weight: 400;\">, un\u2019occasione per raccontare risultati, strategie e prospettive che guidano il nostro impegno verso una sostenibilit\u00e0 concreta, vicina alle persone e al territorio.<\/span><\/p><p><span style=\"font-weight: 400;\">Ad aprire i lavori, <\/span><b>Lorenzo Cottignoli<\/b><span style=\"font-weight: 400;\">, Presidente dell\u2019Associazione Agenzie Societarie Unipol Assicurazioni, seguito da <\/span><b>Rita Ghedini<\/b><span style=\"font-weight: 400;\">, referente per l\u2019attuazione del Piano ESG Assicoop, e <\/span><b>Samuele Renda<\/b><span style=\"font-weight: 400;\">, Manager Area Sostenibilit\u00e0 di SCS Consulting, che ha illustrato i contenuti principali del Bilancio 2023.<\/span><\/p><p><span style=\"font-weight: 400;\">Durante l\u2019evento, spazio anche alla riflessione accademica con l\u2019intervento di <\/span><b>Matteo Pedrini<\/b><span style=\"font-weight: 400;\">, docente di Corporate Strategy dell\u2019Universit\u00e0 Cattolica di Milano e Direttore di ALTIS, e al dialogo con il territorio attraverso la tavola rotonda \u201c<\/span><b>Sostenibilit\u00e0 e territorio<\/b><span style=\"font-weight: 400;\">\u201d, moderata da <\/span><b>Anna Lisa Balestra<\/b><span style=\"font-weight: 400;\">, Head of People &amp; Change Management di SCS Consulting.<\/span><\/p><p><span style=\"font-weight: 400;\">Al centro del confronto, le testimonianze di stakeholder rappresentativi delle comunit\u00e0 in cui operano le agenzie Assicoop:<\/span><\/p><ul><li style=\"font-weight: 400;\" aria-level=\"1\"><b>Andrea Mascherini<\/b><span style=\"font-weight: 400;\">, Presidente Coop Reno<\/span><\/li><li style=\"font-weight: 400;\" aria-level=\"1\"><b>Sandra Leoncini<\/b><span style=\"font-weight: 400;\">, AD Savino Del Bene Volley<\/span><\/li><li style=\"font-weight: 400;\" aria-level=\"1\"><b>Margherita Ruffilli<\/b><span style=\"font-weight: 400;\">, CFO CIA Conad<\/span><\/li><li style=\"font-weight: 400;\" aria-level=\"1\"><b>Elisa Petrini<\/b><span style=\"font-weight: 400;\">, Sustainability &amp; CSR Manager GranTerre Spa<\/span><\/li><li style=\"font-weight: 400;\" aria-level=\"1\"><b>Paola Pizzetti<\/b>, Consiglio Nazionale dei Dottori Commercialisti<\/li><\/ul><p><span style=\"font-weight: 400;\"><br \/>L\u2019incontro ha evidenziato il valore di una sostenibilit\u00e0 concreta, fatta di scelte responsabili, relazioni solide e attenzione costante alle persone e ai territori in cui operiamo. La sostenibilit\u00e0, per Assicoop, <\/span><b>non \u00e8 solo un tema ambientale<\/b><span style=\"font-weight: 400;\">, ma un valore che si intreccia al <\/span><b>modo stesso di fare impresa assicurativa<\/b><span style=\"font-weight: 400;\">:<\/span><\/p><ul><li style=\"font-weight: 400;\" aria-level=\"1\"><span style=\"font-weight: 400;\">costruendo fiducia e trasparenza con i clienti e con il territorio;<\/span><\/li><li style=\"font-weight: 400;\" aria-level=\"1\"><span style=\"font-weight: 400;\">adottando scelte etiche e responsabili nella gestione interna (es. governance, parit\u00e0, digitale);<\/span><\/li><li style=\"font-weight: 400;\" aria-level=\"1\"><span style=\"font-weight: 400;\">collaborando stabilmente con cooperative, imprese e stakeholder locali.<\/span><\/li><\/ul>\t\t\t\t\t\t\t\t<\/div>\n\t\t\t\t<\/div>\n\t\t\t\t<div class=\"elementor-element elementor-element-338059b elementor-widget elementor-widget-heading\" data-id=\"338059b\" data-element_type=\"widget\" data-widget_type=\"heading.default\">\n\t\t\t\t<div class=\"elementor-widget-container\">\n\t\t\t\t\t<h2 class=\"elementor-heading-title elementor-size-default\">Sostenibilit\u00e0: un percorso quotidiano<\/h2>\t\t\t\t<\/div>\n\t\t\t\t<\/div>\n\t\t\t\t<div class=\"elementor-element elementor-element-3c574af elementor-widget elementor-widget-text-editor\" data-id=\"3c574af\" data-element_type=\"widget\" data-widget_type=\"text-editor.default\">\n\t\t\t\t<div class=\"elementor-widget-container\">\n\t\t\t\t\t\t\t\t\t<p><span style=\"font-weight: 400;\">Per Assicoop, la sostenibilit\u00e0 non \u00e8 un quindi un obiettivo astratto, ma un modo di lavorare e relazionarsi ogni giorno, con trasparenza, attenzione e concretezza. Il <\/span><b>Bilancio di Sostenibilit\u00e0 Assicoop 2023<\/b><span style=\"font-weight: 400;\"> \u00e8\u00a0 la testimonianza di un impegno che si traduce in azioni misurabili, pensate per generare valore duraturo.<\/span><\/p><p><span style=\"font-weight: 400;\">Ringraziamo tutti i partecipanti e le partecipanti e chi ogni giorno contribuisce a rendere possibile questo percorso: perch\u00e9 il futuro si costruisce insieme, con cura, competenza e senso di responsabilit\u00e0.<\/span><\/p>\t\t\t\t\t\t\t\t<\/div>\n\t\t\t\t<\/div>\n\t\t\t\t<div class=\"elementor-element elementor-element-ae7557d elementor-align-center elementor-widget elementor-widget-button\" data-id=\"ae7557d\" data-element_type=\"widget\" data-widget_type=\"button.default\">\n\t\t\t\t<div class=\"elementor-widget-container\">\n\t\t\t\t\t\t\t\t\t<div class=\"elementor-button-wrapper\">\n\t\t\t\t\t<a class=\"elementor-button elementor-button-link elementor-size-sm elementor-animation-shrink\" href=\"https:\/\/www.assicoop.it\/romagnafutura\/wp-content\/uploads\/2025\/06\/Bilancio-di-Sostenibililta-Assicoop-2023_Romagna-Futura.pdf\" target=\"_blank\">\n\t\t\t\t\t\t<span class=\"elementor-button-content-wrapper\">\n\t\t\t\t\t\t\t\t\t<span class=\"elementor-button-text\">Leggi il bilancio<\/span>\n\t\t\t\t\t<\/span>\n\t\t\t\t\t<\/a>\n\t\t\t\t<\/div>\n\t\t\t\t\t\t\t\t<\/div>\n\t\t\t\t<\/div>\n\t\t\t\t\t<\/div>\n\t\t<\/div>\n\t\t\t\t\t<\/div>\n\t\t<\/section>\n\t\t\t\t<\/div>\n\t\t","protected":false},"excerpt":{"rendered":"<p>Venerd\u00ec 27 giugno 2025, nella cornice di Palazzo di Varignana, si \u00e8 tenuto l\u2019evento di presentazione del Bilancio di Sostenibilit\u00e0 Assicoop 2023<\/p>\n","protected":false},"author":9,"featured_media":10209,"comment_status":"open","ping_status":"open","sticky":false,"template":"","format":"standard","meta":{"footnotes":""},"categories":[74],"tags":[],"yoast_head":"<!-- This site is optimized with the Yoast SEO plugin v22.1 - https:\/\/yoast.com\/wordpress\/plugins\/seo\/ -->\n<title>Assicoop presenta il Bilancio di Sostenibilit\u00e0 2023: un impegno concreto per territorio e persone - Assicoop Romagna Futura<\/title>\n<meta name=\"description\" content=\"Venerd\u00ec 27 giugno 2025, nella cornice di Palazzo di Varignana, si \u00e8 tenuto l\u2019evento di presentazione del Bilancio di Sostenibilit\u00e0 Assicoop 2023\" \/>\n<meta name=\"robots\" content=\"index, follow, max-snippet:-1, max-image-preview:large, max-video-preview:-1\" \/>\n<link rel=\"canonical\" href=\"https:\/\/www.assicoop.it\/romagnafutura\/assicoop-presenta-il-bilancio-di-sostenibilita-2023-un-impegno-concreto-per-territorio-e-persone\/\" \/>\n<meta property=\"og:locale\" content=\"it_IT\" \/>\n<meta property=\"og:type\" content=\"article\" \/>\n<meta property=\"og:title\" content=\"Assicoop presenta il Bilancio di Sostenibilit\u00e0 2023: un impegno concreto per territorio e persone - Assicoop Romagna Futura\" \/>\n<meta property=\"og:description\" content=\"Venerd\u00ec 27 giugno 2025, nella cornice di Palazzo di Varignana, si \u00e8 tenuto l\u2019evento di presentazione del Bilancio di Sostenibilit\u00e0 Assicoop 2023\" \/>\n<meta property=\"og:url\" content=\"https:\/\/www.assicoop.it\/romagnafutura\/assicoop-presenta-il-bilancio-di-sostenibilita-2023-un-impegno-concreto-per-territorio-e-persone\/\" \/>\n<meta property=\"og:site_name\" content=\"Assicoop Romagna Futura\" \/>\n<meta property=\"article:publisher\" content=\"https:\/\/www.facebook.com\/AssicoopRomagnaFutura\/\" \/>\n<meta property=\"article:published_time\" content=\"2025-07-04T08:30:00+00:00\" \/>\n<meta property=\"article:modified_time\" content=\"2025-07-04T09:19:17+00:00\" \/>\n<meta property=\"og:image\" content=\"https:\/\/www.assicoop.it\/romagnafutura\/wp-content\/uploads\/2025\/07\/BilancioSostenibilita-2023.png\" \/>\n\t<meta property=\"og:image:width\" content=\"1031\" \/>\n\t<meta property=\"og:image:height\" content=\"774\" \/>\n\t<meta property=\"og:image:type\" content=\"image\/png\" \/>\n<meta name=\"author\" content=\"admin\" \/>\n<meta name=\"twitter:card\" content=\"summary_large_image\" \/>\n<meta name=\"twitter:label1\" content=\"Scritto da\" \/>\n\t<meta name=\"twitter:data1\" content=\"admin\" \/>\n\t<meta name=\"twitter:label2\" content=\"Tempo di lettura stimato\" \/>\n\t<meta name=\"twitter:data2\" content=\"3 minuti\" \/>\n<script type=\"application\/ld+json\" class=\"yoast-schema-graph\">{\"@context\":\"https:\/\/schema.org\",\"@graph\":[{\"@type\":\"Article\",\"@id\":\"https:\/\/www.assicoop.it\/romagnafutura\/assicoop-presenta-il-bilancio-di-sostenibilita-2023-un-impegno-concreto-per-territorio-e-persone\/#article\",\"isPartOf\":{\"@id\":\"https:\/\/www.assicoop.it\/romagnafutura\/assicoop-presenta-il-bilancio-di-sostenibilita-2023-un-impegno-concreto-per-territorio-e-persone\/\"},\"author\":{\"name\":\"admin\",\"@id\":\"https:\/\/www.assicoop.it\/romagnafutura\/#\/schema\/person\/9ffc89d9e41a8006be59bb3c0db45412\"},\"headline\":\"Assicoop presenta il Bilancio di Sostenibilit\u00e0 2023: un impegno concreto per territorio e persone\",\"datePublished\":\"2025-07-04T08:30:00+00:00\",\"dateModified\":\"2025-07-04T09:19:17+00:00\",\"mainEntityOfPage\":{\"@id\":\"https:\/\/www.assicoop.it\/romagnafutura\/assicoop-presenta-il-bilancio-di-sostenibilita-2023-un-impegno-concreto-per-territorio-e-persone\/\"},\"wordCount\":362,\"commentCount\":0,\"publisher\":{\"@id\":\"https:\/\/www.assicoop.it\/romagnafutura\/#organization\"},\"articleSection\":[\"News\"],\"inLanguage\":\"it-IT\",\"potentialAction\":[{\"@type\":\"CommentAction\",\"name\":\"Comment\",\"target\":[\"https:\/\/www.assicoop.it\/romagnafutura\/assicoop-presenta-il-bilancio-di-sostenibilita-2023-un-impegno-concreto-per-territorio-e-persone\/#respond\"]}]},{\"@type\":\"WebPage\",\"@id\":\"https:\/\/www.assicoop.it\/romagnafutura\/assicoop-presenta-il-bilancio-di-sostenibilita-2023-un-impegno-concreto-per-territorio-e-persone\/\",\"url\":\"https:\/\/www.assicoop.it\/romagnafutura\/assicoop-presenta-il-bilancio-di-sostenibilita-2023-un-impegno-concreto-per-territorio-e-persone\/\",\"name\":\"Assicoop presenta il Bilancio di Sostenibilit\u00e0 2023: un impegno concreto per territorio e persone - Assicoop Romagna Futura\",\"isPartOf\":{\"@id\":\"https:\/\/www.assicoop.it\/romagnafutura\/#website\"},\"datePublished\":\"2025-07-04T08:30:00+00:00\",\"dateModified\":\"2025-07-04T09:19:17+00:00\",\"description\":\"Venerd\u00ec 27 giugno 2025, nella cornice di Palazzo di Varignana, si \u00e8 tenuto l\u2019evento di presentazione del Bilancio di Sostenibilit\u00e0 Assicoop 2023\",\"breadcrumb\":{\"@id\":\"https:\/\/www.assicoop.it\/romagnafutura\/assicoop-presenta-il-bilancio-di-sostenibilita-2023-un-impegno-concreto-per-territorio-e-persone\/#breadcrumb\"},\"inLanguage\":\"it-IT\",\"potentialAction\":[{\"@type\":\"ReadAction\",\"target\":[\"https:\/\/www.assicoop.it\/romagnafutura\/assicoop-presenta-il-bilancio-di-sostenibilita-2023-un-impegno-concreto-per-territorio-e-persone\/\"]}]},{\"@type\":\"BreadcrumbList\",\"@id\":\"https:\/\/www.assicoop.it\/romagnafutura\/assicoop-presenta-il-bilancio-di-sostenibilita-2023-un-impegno-concreto-per-territorio-e-persone\/#breadcrumb\",\"itemListElement\":[{\"@type\":\"ListItem\",\"position\":1,\"name\":\"Home\",\"item\":\"https:\/\/www.assicoop.it\/romagnafutura\/\"},{\"@type\":\"ListItem\",\"position\":2,\"name\":\"Assicoop presenta il Bilancio di Sostenibilit\u00e0 2023: un impegno concreto per territorio e persone\"}]},{\"@type\":\"WebSite\",\"@id\":\"https:\/\/www.assicoop.it\/romagnafutura\/#website\",\"url\":\"https:\/\/www.assicoop.it\/romagnafutura\/\",\"name\":\"Assicoop Romagna Futura\",\"description\":\"Vicina. Sicura. Tua.\",\"publisher\":{\"@id\":\"https:\/\/www.assicoop.it\/romagnafutura\/#organization\"},\"potentialAction\":[{\"@type\":\"SearchAction\",\"target\":{\"@type\":\"EntryPoint\",\"urlTemplate\":\"https:\/\/www.assicoop.it\/romagnafutura\/?s={search_term_string}\"},\"query-input\":\"required name=search_term_string\"}],\"inLanguage\":\"it-IT\"},{\"@type\":\"Organization\",\"@id\":\"https:\/\/www.assicoop.it\/romagnafutura\/#organization\",\"name\":\"Assicoop Romagna Futura\",\"url\":\"https:\/\/www.assicoop.it\/romagnafutura\/\",\"logo\":{\"@type\":\"ImageObject\",\"inLanguage\":\"it-IT\",\"@id\":\"https:\/\/www.assicoop.it\/romagnafutura\/#\/schema\/logo\/image\/\",\"url\":\"https:\/\/www.assicoop.it\/romagnafutura\/wp-content\/uploads\/2021\/11\/Assicoop-Romagna-Futura-COLORE.svg\",\"contentUrl\":\"https:\/\/www.assicoop.it\/romagnafutura\/wp-content\/uploads\/2021\/11\/Assicoop-Romagna-Futura-COLORE.svg\",\"width\":209,\"height\":44,\"caption\":\"Assicoop Romagna Futura\"},\"image\":{\"@id\":\"https:\/\/www.assicoop.it\/romagnafutura\/#\/schema\/logo\/image\/\"},\"sameAs\":[\"https:\/\/www.facebook.com\/AssicoopRomagnaFutura\/\",\"https:\/\/www.instagram.com\/assicoopromagnafuturaunipolsai\/\"]},{\"@type\":\"Person\",\"@id\":\"https:\/\/www.assicoop.it\/romagnafutura\/#\/schema\/person\/9ffc89d9e41a8006be59bb3c0db45412\",\"name\":\"admin\",\"image\":{\"@type\":\"ImageObject\",\"inLanguage\":\"it-IT\",\"@id\":\"https:\/\/www.assicoop.it\/romagnafutura\/#\/schema\/person\/image\/\",\"url\":\"https:\/\/secure.gravatar.com\/avatar\/5767e7a1ee4373b71c91822a1d11154f?s=96&d=mm&r=g\",\"contentUrl\":\"https:\/\/secure.gravatar.com\/avatar\/5767e7a1ee4373b71c91822a1d11154f?s=96&d=mm&r=g\",\"caption\":\"admin\"},\"url\":\"https:\/\/www.assicoop.it\/romagnafutura\/author\/admin\/\"}]}<\/script>\n<!-- \/ Yoast SEO plugin. -->","yoast_head_json":{"title":"Assicoop presenta il Bilancio di Sostenibilit\u00e0 2023: un impegno concreto per territorio e persone - Assicoop Romagna Futura","description":"Venerd\u00ec 27 giugno 2025, nella cornice di Palazzo di Varignana, si \u00e8 tenuto l\u2019evento di presentazione del Bilancio di Sostenibilit\u00e0 Assicoop 2023","robots":{"index":"index","follow":"follow","max-snippet":"max-snippet:-1","max-image-preview":"max-image-preview:large","max-video-preview":"max-video-preview:-1"},"canonical":"https:\/\/www.assicoop.it\/romagnafutura\/assicoop-presenta-il-bilancio-di-sostenibilita-2023-un-impegno-concreto-per-territorio-e-persone\/","og_locale":"it_IT","og_type":"article","og_title":"Assicoop presenta il Bilancio di Sostenibilit\u00e0 2023: un impegno concreto per territorio e persone - Assicoop Romagna Futura","og_description":"Venerd\u00ec 27 giugno 2025, nella cornice di Palazzo di Varignana, si \u00e8 tenuto l\u2019evento di presentazione del Bilancio di Sostenibilit\u00e0 Assicoop 2023","og_url":"https:\/\/www.assicoop.it\/romagnafutura\/assicoop-presenta-il-bilancio-di-sostenibilita-2023-un-impegno-concreto-per-territorio-e-persone\/","og_site_name":"Assicoop Romagna Futura","article_publisher":"https:\/\/www.facebook.com\/AssicoopRomagnaFutura\/","article_published_time":"2025-07-04T08:30:00+00:00","article_modified_time":"2025-07-04T09:19:17+00:00","og_image":[{"width":1031,"height":774,"url":"https:\/\/www.assicoop.it\/romagnafutura\/wp-content\/uploads\/2025\/07\/BilancioSostenibilita-2023.png","type":"image\/png"}],"author":"admin","twitter_card":"summary_large_image","twitter_misc":{"Scritto da":"admin","Tempo di lettura stimato":"3 minuti"},"schema":{"@context":"https:\/\/schema.org","@graph":[{"@type":"Article","@id":"https:\/\/www.assicoop.it\/romagnafutura\/assicoop-presenta-il-bilancio-di-sostenibilita-2023-un-impegno-concreto-per-territorio-e-persone\/#article","isPartOf":{"@id":"https:\/\/www.assicoop.it\/romagnafutura\/assicoop-presenta-il-bilancio-di-sostenibilita-2023-un-impegno-concreto-per-territorio-e-persone\/"},"author":{"name":"admin","@id":"https:\/\/www.assicoop.it\/romagnafutura\/#\/schema\/person\/9ffc89d9e41a8006be59bb3c0db45412"},"headline":"Assicoop presenta il Bilancio di Sostenibilit\u00e0 2023: un impegno concreto per territorio e persone","datePublished":"2025-07-04T08:30:00+00:00","dateModified":"2025-07-04T09:19:17+00:00","mainEntityOfPage":{"@id":"https:\/\/www.assicoop.it\/romagnafutura\/assicoop-presenta-il-bilancio-di-sostenibilita-2023-un-impegno-concreto-per-territorio-e-persone\/"},"wordCount":362,"commentCount":0,"publisher":{"@id":"https:\/\/www.assicoop.it\/romagnafutura\/#organization"},"articleSection":["News"],"inLanguage":"it-IT","potentialAction":[{"@type":"CommentAction","name":"Comment","target":["https:\/\/www.assicoop.it\/romagnafutura\/assicoop-presenta-il-bilancio-di-sostenibilita-2023-un-impegno-concreto-per-territorio-e-persone\/#respond"]}]},{"@type":"WebPage","@id":"https:\/\/www.assicoop.it\/romagnafutura\/assicoop-presenta-il-bilancio-di-sostenibilita-2023-un-impegno-concreto-per-territorio-e-persone\/","url":"https:\/\/www.assicoop.it\/romagnafutura\/assicoop-presenta-il-bilancio-di-sostenibilita-2023-un-impegno-concreto-per-territorio-e-persone\/","name":"Assicoop presenta il Bilancio di Sostenibilit\u00e0 2023: un impegno concreto per territorio e persone - Assicoop Romagna Futura","isPartOf":{"@id":"https:\/\/www.assicoop.it\/romagnafutura\/#website"},"datePublished":"2025-07-04T08:30:00+00:00","dateModified":"2025-07-04T09:19:17+00:00","description":"Venerd\u00ec 27 giugno 2025, nella cornice di Palazzo di Varignana, si \u00e8 tenuto l\u2019evento di presentazione del Bilancio di Sostenibilit\u00e0 Assicoop 2023","breadcrumb":{"@id":"https:\/\/www.assicoop.it\/romagnafutura\/assicoop-presenta-il-bilancio-di-sostenibilita-2023-un-impegno-concreto-per-territorio-e-persone\/#breadcrumb"},"inLanguage":"it-IT","potentialAction":[{"@type":"ReadAction","target":["https:\/\/www.assicoop.it\/romagnafutura\/assicoop-presenta-il-bilancio-di-sostenibilita-2023-un-impegno-concreto-per-territorio-e-persone\/"]}]},{"@type":"BreadcrumbList","@id":"https:\/\/www.assicoop.it\/romagnafutura\/assicoop-presenta-il-bilancio-di-sostenibilita-2023-un-impegno-concreto-per-territorio-e-persone\/#breadcrumb","itemListElement":[{"@type":"ListItem","position":1,"name":"Home","item":"https:\/\/www.assicoop.it\/romagnafutura\/"},{"@type":"ListItem","position":2,"name":"Assicoop presenta il Bilancio di Sostenibilit\u00e0 2023: un impegno concreto per territorio e persone"}]},{"@type":"WebSite","@id":"https:\/\/www.assicoop.it\/romagnafutura\/#website","url":"https:\/\/www.assicoop.it\/romagnafutura\/","name":"Assicoop Romagna Futura","description":"Vicina. Sicura. Tua.","publisher":{"@id":"https:\/\/www.assicoop.it\/romagnafutura\/#organization"},"potentialAction":[{"@type":"SearchAction","target":{"@type":"EntryPoint","urlTemplate":"https:\/\/www.assicoop.it\/romagnafutura\/?s={search_term_string}"},"query-input":"required name=search_term_string"}],"inLanguage":"it-IT"},{"@type":"Organization","@id":"https:\/\/www.assicoop.it\/romagnafutura\/#organization","name":"Assicoop Romagna Futura","url":"https:\/\/www.assicoop.it\/romagnafutura\/","logo":{"@type":"ImageObject","inLanguage":"it-IT","@id":"https:\/\/www.assicoop.it\/romagnafutura\/#\/schema\/logo\/image\/","url":"https:\/\/www.assicoop.it\/romagnafutura\/wp-content\/uploads\/2021\/11\/Assicoop-Romagna-Futura-COLORE.svg","contentUrl":"https:\/\/www.assicoop.it\/romagnafutura\/wp-content\/uploads\/2021\/11\/Assicoop-Romagna-Futura-COLORE.svg","width":209,"height":44,"caption":"Assicoop Romagna Futura"},"image":{"@id":"https:\/\/www.assicoop.it\/romagnafutura\/#\/schema\/logo\/image\/"},"sameAs":["https:\/\/www.facebook.com\/AssicoopRomagnaFutura\/","https:\/\/www.instagram.com\/assicoopromagnafuturaunipolsai\/"]},{"@type":"Person","@id":"https:\/\/www.assicoop.it\/romagnafutura\/#\/schema\/person\/9ffc89d9e41a8006be59bb3c0db45412","name":"admin","image":{"@type":"ImageObject","inLanguage":"it-IT","@id":"https:\/\/www.assicoop.it\/romagnafutura\/#\/schema\/person\/image\/","url":"https:\/\/secure.gravatar.com\/avatar\/5767e7a1ee4373b71c91822a1d11154f?s=96&d=mm&r=g","contentUrl":"https:\/\/secure.gravatar.com\/avatar\/5767e7a1ee4373b71c91822a1d11154f?s=96&d=mm&r=g","caption":"admin"},"url":"https:\/\/www.assicoop.it\/romagnafutura\/author\/admin\/"}]}},"_links":{"self":[{"href":"https:\/\/www.assicoop.it\/romagnafutura\/wp-json\/wp\/v2\/posts\/10200"}],"collection":[{"href":"https:\/\/www.assicoop.it\/romagnafutura\/wp-json\/wp\/v2\/posts"}],"about":[{"href":"https:\/\/www.assicoop.it\/romagnafutura\/wp-json\/wp\/v2\/types\/post"}],"author":[{"embeddable":true,"href":"https:\/\/www.assicoop.it\/romagnafutura\/wp-json\/wp\/v2\/users\/9"}],"replies":[{"embeddable":true,"href":"https:\/\/www.assicoop.it\/romagnafutura\/wp-json\/wp\/v2\/comments?post=10200"}],"version-history":[{"count":4,"href":"https:\/\/www.assicoop.it\/romagnafutura\/wp-json\/wp\/v2\/posts\/10200\/revisions"}],"predecessor-version":[{"id":10205,"href":"https:\/\/www.assicoop.it\/romagnafutura\/wp-json\/wp\/v2\/posts\/10200\/revisions\/10205"}],"wp:featuredmedia":[{"embeddable":true,"href":"https:\/\/www.assicoop.it\/romagnafutura\/wp-json\/wp\/v2\/media\/10209"}],"wp:attachment":[{"href":"https:\/\/www.assicoop.it\/romagnafutura\/wp-json\/wp\/v2\/media?parent=10200"}],"wp:term":[{"taxonomy":"category","embeddable":true,"href":"https:\/\/www.assicoop.it\/romagnafutura\/wp-json\/wp\/v2\/categories?post=10200"},{"taxonomy":"post_tag","embeddable":true,"href":"https:\/\/www.assicoop.it\/romagnafutura\/wp-json\/wp\/v2\/tags?post=10200"}],"curies":[{"name":"wp","href":"https:\/\/api.w.org\/{rel}","templated":true}]}}