{"id":5121,"date":"2025-11-12T12:16:46","date_gmt":"2025-11-12T11:16:46","guid":{"rendered":"https:\/\/www.assicoop.it\/emilianord\/?p=5121"},"modified":"2025-11-12T14:31:22","modified_gmt":"2025-11-12T13:31:22","slug":"pensare-al-futuro-con-serenita","status":"publish","type":"post","link":"https:\/\/www.assicoop.it\/emilianord\/pensare-al-futuro-con-serenita\/","title":{"rendered":"Ottimizzare oggi, costruire domani, perch\u00e8 pensare al futuro non deve far paura"},"content":{"rendered":"\t\t<div data-elementor-type=\"wp-post\" data-elementor-id=\"5121\" class=\"elementor elementor-5121\" data-elementor-post-type=\"post\">\n\t\t\t\t\t\t<section class=\"elementor-section elementor-top-section elementor-element elementor-element-386abc4b elementor-section-full_width elementor-section-height-min-height elementor-section-items-stretch elementor-section-content-bottom elementor-section-height-default\" data-id=\"386abc4b\" data-element_type=\"section\">\n\t\t\t\t\t\t<div class=\"elementor-container elementor-column-gap-no\">\n\t\t\t\t\t<div class=\"elementor-column elementor-col-50 elementor-top-column elementor-element elementor-element-26ca9564\" data-id=\"26ca9564\" data-element_type=\"column\" data-settings=\"{&quot;background_background&quot;:&quot;classic&quot;}\">\n\t\t\t<div class=\"elementor-widget-wrap elementor-element-populated\">\n\t\t\t\t\t\t<div class=\"elementor-element elementor-element-719c69c elementor-widget elementor-widget-heading\" data-id=\"719c69c\" data-element_type=\"widget\" data-widget_type=\"heading.default\">\n\t\t\t\t<div class=\"elementor-widget-container\">\n\t\t\t\t\t<h2 class=\"elementor-heading-title elementor-size-default\">Ottimizzare oggi, costruire domani, perch\u00e8 pensare al futuro non deve far paura<\/h2>\t\t\t\t<\/div>\n\t\t\t\t<\/div>\n\t\t\t\t<div class=\"elementor-element elementor-element-22415def elementor-widget elementor-widget-post-info\" data-id=\"22415def\" data-element_type=\"widget\" data-widget_type=\"post-info.default\">\n\t\t\t\t<div class=\"elementor-widget-container\">\n\t\t\t\t\t\t\t<ul class=\"elementor-inline-items elementor-icon-list-items elementor-post-info\">\n\t\t\t\t\t\t\t\t<li class=\"elementor-icon-list-item elementor-repeater-item-9093a23 elementor-inline-item\" itemprop=\"datePublished\">\n\t\t\t\t\t\t\t\t\t\t\t\t\t<span class=\"elementor-icon-list-text elementor-post-info__item elementor-post-info__item--type-date\">\n\t\t\t\t\t\t\t\t\t\t<time>Novembre 12, 2025<\/time>\t\t\t\t\t<\/span>\n\t\t\t\t\t\t\t\t<\/li>\n\t\t\t\t<li class=\"elementor-icon-list-item elementor-repeater-item-42b6822 elementor-inline-item\" itemprop=\"about\">\n\t\t\t\t\t\t\t\t\t\t\t\t\t<span class=\"elementor-icon-list-text elementor-post-info__item elementor-post-info__item--type-terms\">\n\t\t\t\t\t\t\t\t\t\t<span class=\"elementor-post-info__terms-list\">\n\t\t\t\t<a href=\"https:\/\/www.assicoop.it\/emilianord\/categoria\/news\/\" class=\"elementor-post-info__terms-list-item\">News<\/a>, <a href=\"https:\/\/www.assicoop.it\/emilianord\/categoria\/prodotti\/\" class=\"elementor-post-info__terms-list-item\">Prodotti<\/a>\t\t\t\t<\/span>\n\t\t\t\t\t<\/span>\n\t\t\t\t\t\t\t\t<\/li>\n\t\t\t\t<\/ul>\n\t\t\t\t\t\t<\/div>\n\t\t\t\t<\/div>\n\t\t\t\t\t<\/div>\n\t\t<\/div>\n\t\t\t\t<div class=\"elementor-column elementor-col-50 elementor-top-column elementor-element elementor-element-391bccd\" data-id=\"391bccd\" data-element_type=\"column\">\n\t\t\t<div class=\"elementor-widget-wrap elementor-element-populated\">\n\t\t\t\t\t\t<div class=\"elementor-element elementor-element-114f4465 elementor-hidden-tablet elementor-hidden-phone elementor-widget elementor-widget-theme-post-featured-image elementor-widget-image\" data-id=\"114f4465\" data-element_type=\"widget\" data-widget_type=\"theme-post-featured-image.default\">\n\t\t\t\t<div class=\"elementor-widget-container\">\n\t\t\t\t\t\t\t\t\t\t\t\t\t\t\t<img fetchpriority=\"high\" decoding=\"async\" width=\"800\" height=\"600\" src=\"https:\/\/www.assicoop.it\/emilianord\/wp-content\/uploads\/2025\/11\/non-serve-tanto-per-iniziare-blog-800-x-600-px-1.jpg\" class=\"attachment-full size-full wp-image-5135\" alt=\"risparmio\" srcset=\"https:\/\/www.assicoop.it\/emilianord\/wp-content\/uploads\/2025\/11\/non-serve-tanto-per-iniziare-blog-800-x-600-px-1.jpg 800w, https:\/\/www.assicoop.it\/emilianord\/wp-content\/uploads\/2025\/11\/non-serve-tanto-per-iniziare-blog-800-x-600-px-1-300x225.jpg 300w, https:\/\/www.assicoop.it\/emilianord\/wp-content\/uploads\/2025\/11\/non-serve-tanto-per-iniziare-blog-800-x-600-px-1-768x576.jpg 768w\" sizes=\"(max-width: 800px) 100vw, 800px\" \/>\t\t\t\t\t\t\t\t\t\t\t\t\t\t\t<\/div>\n\t\t\t\t<\/div>\n\t\t\t\t\t<\/div>\n\t\t<\/div>\n\t\t\t\t\t<\/div>\n\t\t<\/section>\n\t\t\t\t<section class=\"elementor-section elementor-top-section elementor-element elementor-element-8dc51a4 elementor-section-boxed elementor-section-height-default elementor-section-height-default\" data-id=\"8dc51a4\" data-element_type=\"section\">\n\t\t\t\t\t\t<div class=\"elementor-container elementor-column-gap-default\">\n\t\t\t\t\t<div class=\"elementor-column elementor-col-100 elementor-top-column elementor-element elementor-element-2373d4dd\" data-id=\"2373d4dd\" data-element_type=\"column\">\n\t\t\t<div class=\"elementor-widget-wrap elementor-element-populated\">\n\t\t\t\t\t\t<div class=\"elementor-element elementor-element-3bf90607 elementor-widget__width-initial elementor-widget elementor-widget-heading\" data-id=\"3bf90607\" data-element_type=\"widget\" data-widget_type=\"heading.default\">\n\t\t\t\t<div class=\"elementor-widget-container\">\n\t\t\t\t\t<h2 class=\"elementor-heading-title elementor-size-default\">\u201cCi penser\u00f2 domani.\u201d \u00c8 una frase che tutti, prima o poi, abbiamo detto.\nEppure il domani si costruisce ogni giorno, con piccole scelte che diventano grandi risultati nel tempo.\n<\/h2>\t\t\t\t<\/div>\n\t\t\t\t<\/div>\n\t\t\t\t\t<\/div>\n\t\t<\/div>\n\t\t\t\t\t<\/div>\n\t\t<\/section>\n\t\t\t\t<section class=\"elementor-section elementor-top-section elementor-element elementor-element-53ead63 elementor-section-boxed elementor-section-height-default elementor-section-height-default\" data-id=\"53ead63\" data-element_type=\"section\">\n\t\t\t\t\t\t<div class=\"elementor-container elementor-column-gap-default\">\n\t\t\t\t\t<div class=\"elementor-column elementor-col-100 elementor-top-column elementor-element elementor-element-ce44726\" data-id=\"ce44726\" data-element_type=\"column\">\n\t\t\t<div class=\"elementor-widget-wrap elementor-element-populated\">\n\t\t\t\t\t\t<div class=\"elementor-element elementor-element-8736476 elementor-widget elementor-widget-text-editor\" data-id=\"8736476\" data-element_type=\"widget\" data-widget_type=\"text-editor.default\">\n\t\t\t\t<div class=\"elementor-widget-container\">\n\t\t\t\t\t\t\t\t\t<p data-start=\"401\" data-end=\"703\">Tra queste, c\u2019\u00e8 anche la decisione di <strong data-start=\"620\" data-end=\"667\">prendersi cura del proprio futuro economico<\/strong>, in modo consapevole e sostenibile.<\/p><h3 data-start=\"705\" data-end=\"746\">\u00a0<\/h3><h3 data-start=\"705\" data-end=\"746\">Il valore di iniziare, anche con poco<\/h3><p data-start=\"705\" data-end=\"746\">Quando si parla di previdenza, molti pensano a qualcosa di distante, complicato o adatto solo a chi ha grandi disponibilit\u00e0.<br data-start=\"872\" data-end=\"875\" \/>In realt\u00e0 \u00e8 esattamente il contrario: il vantaggio pi\u00f9 grande nasce <strong data-start=\"943\" data-end=\"956\">dal tempo<\/strong>, non dalla cifra.<br data-start=\"974\" data-end=\"977\" \/>Iniziare presto, anche con piccoli versamenti, significa <strong data-start=\"1036\" data-end=\"1075\">costruire serenit\u00e0 passo dopo passo<\/strong>, beneficiando fin da subito di <strong data-start=\"1107\" data-end=\"1127\">vantaggi fiscali<\/strong> e di una pianificazione pi\u00f9 solida.<\/p><p data-start=\"1165\" data-end=\"1262\">Pensare al futuro non \u00e8 una rinuncia: \u00e8 un modo per <strong data-start=\"1217\" data-end=\"1261\">vivere con pi\u00f9 libert\u00e0 e leggerezza oggi<\/strong>.<\/p><h3 data-start=\"1264\" data-end=\"1313\">\u00a0<\/h3><h3 data-start=\"1264\" data-end=\"1313\">Perch\u00e9 la previdenza integrativa ha senso ora<\/h3><p data-start=\"1315\" data-end=\"1728\">La pensione pubblica continuer\u00e0 a garantire una base importante, ma per molti non sar\u00e0 sufficiente a mantenere lo stesso tenore di vita. Integrare significa <strong data-start=\"1474\" data-end=\"1516\">non lasciare il proprio futuro al caso<\/strong>, ma scegliere di avere un margine di sicurezza in pi\u00f9.<br data-start=\"1571\" data-end=\"1574\" \/>In pi\u00f9, i versamenti in un fondo pensione sono <strong data-start=\"1621\" data-end=\"1647\">deducibili fiscalmente<\/strong>: una scelta intelligente per chi desidera risparmiare oggi e proteggersi domani.<\/p><h3 data-start=\"1730\" data-end=\"1768\">\u00a0<\/h3><h3 data-start=\"1730\" data-end=\"1768\">Una scelta personale, non standard<\/h3><p data-start=\"1770\" data-end=\"2056\">Non esiste un piano previdenziale \u201cgiusto per tutti\u201d. Cambia in base all\u2019et\u00e0, al reddito, alle priorit\u00e0 e ai progetti di ciascuno.<br data-start=\"1902\" data-end=\"1905\" \/>Per questo \u00e8 importante <strong data-start=\"1929\" data-end=\"1998\">farsi affiancare da chi pu\u00f2 spiegare in modo chiaro e trasparente<\/strong> le opportunit\u00e0, senza tecnicismi e con esempi concreti. La nostra consulenza nasce proprio da qui: dall\u2019ascolto, dalla chiarezza, dalla volont\u00e0 di aiutare ogni persona a <strong data-start=\"2174\" data-end=\"2204\">capire, non solo scegliere<\/strong>.<\/p><h3 data-start=\"2207\" data-end=\"2230\">\u00a0<\/h3><h3 data-start=\"2207\" data-end=\"2230\">Un passo alla volta<\/h3><p data-start=\"2232\" data-end=\"2470\">La sicurezza non si costruisce in un giorno, ma inizia da un primo passo.<br data-start=\"2305\" data-end=\"2308\" \/>E quel passo pu\u00f2 essere semplicemente una conversazione: per capire come funziona, cosa conviene nel proprio caso, quali benefici si possono ottenere gi\u00e0 da oggi.<\/p><p data-start=\"2232\" data-end=\"2470\">\u00a0<\/p><p data-start=\"2472\" data-end=\"2657\"><strong data-start=\"2475\" data-end=\"2512\">Vuoi capire meglio come iniziare?<\/strong><br data-start=\"2512\" data-end=\"2515\" \/>Parlane con un consulente Assicoop Emilia Nord: insieme troverete la soluzione pi\u00f9 adatta a te.<\/p>\t\t\t\t\t\t\t\t<\/div>\n\t\t\t\t<\/div>\n\t\t\t\t<div class=\"elementor-element elementor-element-7f07369 elementor-align-center elementor-widget elementor-widget-button\" data-id=\"7f07369\" data-element_type=\"widget\" data-widget_type=\"button.default\">\n\t\t\t\t<div class=\"elementor-widget-container\">\n\t\t\t\t\t\t\t\t\t<div class=\"elementor-button-wrapper\">\n\t\t\t\t\t<a class=\"elementor-button elementor-button-link elementor-size-sm\" href=\"https:\/\/www.assicoop.it\/emilianord\/agenzie\/\" target=\"_blank\">\n\t\t\t\t\t\t<span class=\"elementor-button-content-wrapper\">\n\t\t\t\t\t\t\t\t\t<span class=\"elementor-button-text\">trova l'agenzia pi\u00f9 vicina a te<\/span>\n\t\t\t\t\t<\/span>\n\t\t\t\t\t<\/a>\n\t\t\t\t<\/div>\n\t\t\t\t\t\t\t\t<\/div>\n\t\t\t\t<\/div>\n\t\t\t\t\t<\/div>\n\t\t<\/div>\n\t\t\t\t\t<\/div>\n\t\t<\/section>\n\t\t\t\t<section class=\"elementor-section elementor-top-section elementor-element elementor-element-7d68df0 elementor-section-boxed elementor-section-height-default elementor-section-height-default\" data-id=\"7d68df0\" data-element_type=\"section\">\n\t\t\t\t\t\t<div class=\"elementor-container elementor-column-gap-default\">\n\t\t\t\t\t<div class=\"elementor-column elementor-col-100 elementor-top-column elementor-element elementor-element-a9ad034\" data-id=\"a9ad034\" data-element_type=\"column\">\n\t\t\t<div class=\"elementor-widget-wrap\">\n\t\t\t\t\t\t\t<\/div>\n\t\t<\/div>\n\t\t\t\t\t<\/div>\n\t\t<\/section>\n\t\t\t\t<section class=\"elementor-section elementor-top-section elementor-element elementor-element-b51ebb6 elementor-section-boxed elementor-section-height-default elementor-section-height-default\" data-id=\"b51ebb6\" data-element_type=\"section\">\n\t\t\t\t\t\t<div class=\"elementor-container elementor-column-gap-default\">\n\t\t\t\t\t<div class=\"elementor-column elementor-col-100 elementor-top-column elementor-element elementor-element-8474fec\" data-id=\"8474fec\" data-element_type=\"column\">\n\t\t\t<div class=\"elementor-widget-wrap elementor-element-populated\">\n\t\t\t\t\t\t<div class=\"elementor-element elementor-element-6c68fe1 elementor-share-buttons--view-icon elementor-share-buttons--skin-gradient elementor-share-buttons--shape-square elementor-grid-0 elementor-share-buttons--color-official elementor-widget elementor-widget-share-buttons\" data-id=\"6c68fe1\" data-element_type=\"widget\" data-widget_type=\"share-buttons.default\">\n\t\t\t\t<div class=\"elementor-widget-container\">\n\t\t\t\t\t\t\t<div class=\"elementor-grid\">\n\t\t\t\t\t\t\t\t<div class=\"elementor-grid-item\">\n\t\t\t\t\t\t<div\n\t\t\t\t\t\t\tclass=\"elementor-share-btn elementor-share-btn_facebook\"\n\t\t\t\t\t\t\trole=\"button\"\n\t\t\t\t\t\t\ttabindex=\"0\"\n\t\t\t\t\t\t\taria-label=\"Condividi su facebook\"\n\t\t\t\t\t\t>\n\t\t\t\t\t\t\t\t\t\t\t\t\t\t\t<span class=\"elementor-share-btn__icon\">\n\t\t\t\t\t\t\t\t<i class=\"fab fa-facebook\" aria-hidden=\"true\"><\/i>\t\t\t\t\t\t\t<\/span>\n\t\t\t\t\t\t\t\t\t\t\t\t\t\t\t\t\t\t\t\t<\/div>\n\t\t\t\t\t<\/div>\n\t\t\t\t\t\t\t\t\t<div class=\"elementor-grid-item\">\n\t\t\t\t\t\t<div\n\t\t\t\t\t\t\tclass=\"elementor-share-btn elementor-share-btn_twitter\"\n\t\t\t\t\t\t\trole=\"button\"\n\t\t\t\t\t\t\ttabindex=\"0\"\n\t\t\t\t\t\t\taria-label=\"Condividi su twitter\"\n\t\t\t\t\t\t>\n\t\t\t\t\t\t\t\t\t\t\t\t\t\t\t<span class=\"elementor-share-btn__icon\">\n\t\t\t\t\t\t\t\t<i class=\"fab fa-twitter\" aria-hidden=\"true\"><\/i>\t\t\t\t\t\t\t<\/span>\n\t\t\t\t\t\t\t\t\t\t\t\t\t\t\t\t\t\t\t\t<\/div>\n\t\t\t\t\t<\/div>\n\t\t\t\t\t\t\t\t\t<div class=\"elementor-grid-item\">\n\t\t\t\t\t\t<div\n\t\t\t\t\t\t\tclass=\"elementor-share-btn elementor-share-btn_linkedin\"\n\t\t\t\t\t\t\trole=\"button\"\n\t\t\t\t\t\t\ttabindex=\"0\"\n\t\t\t\t\t\t\taria-label=\"Condividi su linkedin\"\n\t\t\t\t\t\t>\n\t\t\t\t\t\t\t\t\t\t\t\t\t\t\t<span class=\"elementor-share-btn__icon\">\n\t\t\t\t\t\t\t\t<i class=\"fab fa-linkedin\" aria-hidden=\"true\"><\/i>\t\t\t\t\t\t\t<\/span>\n\t\t\t\t\t\t\t\t\t\t\t\t\t\t\t\t\t\t\t\t<\/div>\n\t\t\t\t\t<\/div>\n\t\t\t\t\t\t<\/div>\n\t\t\t\t\t\t<\/div>\n\t\t\t\t<\/div>\n\t\t\t\t\t<\/div>\n\t\t<\/div>\n\t\t\t\t\t<\/div>\n\t\t<\/section>\n\t\t\t\t<section class=\"elementor-section elementor-top-section elementor-element elementor-element-3dda2f5 elementor-section-boxed elementor-section-height-default elementor-section-height-default\" data-id=\"3dda2f5\" data-element_type=\"section\">\n\t\t\t\t\t\t<div class=\"elementor-container elementor-column-gap-default\">\n\t\t\t\t\t<div class=\"elementor-column elementor-col-100 elementor-top-column elementor-element elementor-element-eeb3563\" data-id=\"eeb3563\" data-element_type=\"column\">\n\t\t\t<div class=\"elementor-widget-wrap elementor-element-populated\">\n\t\t\t\t\t\t<div class=\"elementor-element elementor-element-5da5c3f elementor-widget elementor-widget-post-navigation\" data-id=\"5da5c3f\" data-element_type=\"widget\" data-widget_type=\"post-navigation.default\">\n\t\t\t\t<div class=\"elementor-widget-container\">\n\t\t\t\t\t\t\t<div class=\"elementor-post-navigation\">\n\t\t\t<div class=\"elementor-post-navigation__prev elementor-post-navigation__link\">\n\t\t\t\t<a href=\"https:\/\/www.assicoop.it\/emilianord\/inutile-dolore-fatti-seme-di-bellezza-arte-contemporanea-per-riflettere-su-cura-e-vicinanza\/\" rel=\"prev\"><span class=\"post-navigation__arrow-wrapper post-navigation__arrow-prev\"><i class=\"fa fa-chevron-left\" aria-hidden=\"true\"><\/i><span class=\"elementor-screen-only\">Precedente<\/span><\/span><span class=\"elementor-post-navigation__link__prev\"><span class=\"post-navigation__prev--label\">Precedente<\/span><\/span><\/a>\t\t\t<\/div>\n\t\t\t\t\t\t<div class=\"elementor-post-navigation__next elementor-post-navigation__link\">\n\t\t\t\t\t\t\t<\/div>\n\t\t<\/div>\n\t\t\t\t\t\t<\/div>\n\t\t\t\t<\/div>\n\t\t\t\t\t<\/div>\n\t\t<\/div>\n\t\t\t\t\t<\/div>\n\t\t<\/section>\n\t\t\t\t<\/div>\n\t\t","protected":false},"excerpt":{"rendered":"<p>Ottimizzare oggi, costruire domani, perch\u00e8 pensare al futuro non deve far paura \u201cCi penser\u00f2 domani.\u201d \u00c8 una frase che tutti, prima o poi, abbiamo detto. Eppure il domani si costruisce ogni giorno, con piccole scelte che diventano grandi risultati nel tempo. Tra queste, c\u2019\u00e8 anche la decisione di prendersi cura del proprio futuro economico, in [&hellip;]<\/p>\n","protected":false},"author":4,"featured_media":5135,"comment_status":"closed","ping_status":"open","sticky":false,"template":"","format":"standard","meta":{"footnotes":""},"categories":[12,11],"tags":[],"yoast_head":"<!-- This site is optimized with the Yoast SEO plugin v22.1 - https:\/\/yoast.com\/wordpress\/plugins\/seo\/ -->\n<title>Ottimizzare oggi, costruire domani, perch\u00e8 pensare al futuro non deve far paura - Assicoop Emilia Nord<\/title>\n<meta name=\"description\" content=\"Pensare al futuro non deve far paura. Si costruisce con calma, un passo alla volta \u2014 ed \u00e8 proprio da questa idea che nasce la nuova campagna di Assicoop Emilia Nord dedicata alla previdenza integrativa: \u201cMeno tasse oggi. Pi\u00f9 serenit\u00e0 domani.\u201d\" \/>\n<meta name=\"robots\" content=\"index, follow, max-snippet:-1, max-image-preview:large, max-video-preview:-1\" \/>\n<link rel=\"canonical\" href=\"https:\/\/www.assicoop.it\/emilianord\/pensare-al-futuro-con-serenita\/\" \/>\n<meta property=\"og:locale\" content=\"it_IT\" \/>\n<meta property=\"og:type\" content=\"article\" \/>\n<meta property=\"og:title\" content=\"Ottimizzare oggi, costruire domani, perch\u00e8 pensare al futuro non deve far paura - Assicoop Emilia Nord\" \/>\n<meta property=\"og:description\" content=\"Pensare al futuro non deve far paura. Si costruisce con calma, un passo alla volta \u2014 ed \u00e8 proprio da questa idea che nasce la nuova campagna di Assicoop Emilia Nord dedicata alla previdenza integrativa: \u201cMeno tasse oggi. Pi\u00f9 serenit\u00e0 domani.\u201d\" \/>\n<meta property=\"og:url\" content=\"https:\/\/www.assicoop.it\/emilianord\/pensare-al-futuro-con-serenita\/\" \/>\n<meta property=\"og:site_name\" content=\"Assicoop Emilia Nord\" \/>\n<meta property=\"article:published_time\" content=\"2025-11-12T11:16:46+00:00\" \/>\n<meta property=\"article:modified_time\" content=\"2025-11-12T13:31:22+00:00\" \/>\n<meta property=\"og:image\" content=\"https:\/\/www.assicoop.it\/emilianord\/wp-content\/uploads\/2025\/11\/non-serve-tanto-per-iniziare-blog-800-x-600-px-1.jpg\" \/>\n\t<meta property=\"og:image:width\" content=\"800\" \/>\n\t<meta property=\"og:image:height\" content=\"600\" \/>\n\t<meta property=\"og:image:type\" content=\"image\/jpeg\" \/>\n<meta name=\"author\" content=\"Barbara\" \/>\n<meta name=\"twitter:card\" content=\"summary_large_image\" \/>\n<meta name=\"twitter:label1\" content=\"Scritto da\" \/>\n\t<meta name=\"twitter:data1\" content=\"Barbara\" \/>\n\t<meta name=\"twitter:label2\" content=\"Tempo di lettura stimato\" \/>\n\t<meta name=\"twitter:data2\" content=\"3 minuti\" \/>\n<script type=\"application\/ld+json\" class=\"yoast-schema-graph\">{\"@context\":\"https:\/\/schema.org\",\"@graph\":[{\"@type\":\"WebPage\",\"@id\":\"https:\/\/www.assicoop.it\/emilianord\/pensare-al-futuro-con-serenita\/\",\"url\":\"https:\/\/www.assicoop.it\/emilianord\/pensare-al-futuro-con-serenita\/\",\"name\":\"Ottimizzare oggi, costruire domani, perch\u00e8 pensare al futuro non deve far paura - Assicoop Emilia Nord\",\"isPartOf\":{\"@id\":\"https:\/\/www.assicoop.it\/emilianord\/#website\"},\"datePublished\":\"2025-11-12T11:16:46+00:00\",\"dateModified\":\"2025-11-12T13:31:22+00:00\",\"author\":{\"@id\":\"https:\/\/www.assicoop.it\/emilianord\/#\/schema\/person\/77fb64ee06ab0517a6da132496ba76fc\"},\"description\":\"Pensare al futuro non deve far paura. Si costruisce con calma, un passo alla volta \u2014 ed \u00e8 proprio da questa idea che nasce la nuova campagna di Assicoop Emilia Nord dedicata alla previdenza integrativa: \u201cMeno tasse oggi. Pi\u00f9 serenit\u00e0 domani.\u201d\",\"breadcrumb\":{\"@id\":\"https:\/\/www.assicoop.it\/emilianord\/pensare-al-futuro-con-serenita\/#breadcrumb\"},\"inLanguage\":\"it-IT\",\"potentialAction\":[{\"@type\":\"ReadAction\",\"target\":[\"https:\/\/www.assicoop.it\/emilianord\/pensare-al-futuro-con-serenita\/\"]}]},{\"@type\":\"BreadcrumbList\",\"@id\":\"https:\/\/www.assicoop.it\/emilianord\/pensare-al-futuro-con-serenita\/#breadcrumb\",\"itemListElement\":[{\"@type\":\"ListItem\",\"position\":1,\"name\":\"Home\",\"item\":\"https:\/\/www.assicoop.it\/emilianord\/\"},{\"@type\":\"ListItem\",\"position\":2,\"name\":\"Ottimizzare oggi, costruire domani, perch\u00e8 pensare al futuro non deve far paura\"}]},{\"@type\":\"WebSite\",\"@id\":\"https:\/\/www.assicoop.it\/emilianord\/#website\",\"url\":\"https:\/\/www.assicoop.it\/emilianord\/\",\"name\":\"Assicoop Emilia Nord\",\"description\":\"Vicina. Sicura. Tua.\",\"potentialAction\":[{\"@type\":\"SearchAction\",\"target\":{\"@type\":\"EntryPoint\",\"urlTemplate\":\"https:\/\/www.assicoop.it\/emilianord\/?s={search_term_string}\"},\"query-input\":\"required name=search_term_string\"}],\"inLanguage\":\"it-IT\"},{\"@type\":\"Person\",\"@id\":\"https:\/\/www.assicoop.it\/emilianord\/#\/schema\/person\/77fb64ee06ab0517a6da132496ba76fc\",\"name\":\"Barbara\",\"image\":{\"@type\":\"ImageObject\",\"inLanguage\":\"it-IT\",\"@id\":\"https:\/\/www.assicoop.it\/emilianord\/#\/schema\/person\/image\/\",\"url\":\"https:\/\/secure.gravatar.com\/avatar\/00c026db8927e2518d2b151f133428e9?s=96&d=mm&r=g\",\"contentUrl\":\"https:\/\/secure.gravatar.com\/avatar\/00c026db8927e2518d2b151f133428e9?s=96&d=mm&r=g\",\"caption\":\"Barbara\"},\"url\":\"https:\/\/www.assicoop.it\/emilianord\/author\/05baee84ae1e8c3a\/\"}]}<\/script>\n<!-- \/ Yoast SEO plugin. -->","yoast_head_json":{"title":"Ottimizzare oggi, costruire domani, perch\u00e8 pensare al futuro non deve far paura - Assicoop Emilia Nord","description":"Pensare al futuro non deve far paura. Si costruisce con calma, un passo alla volta \u2014 ed \u00e8 proprio da questa idea che nasce la nuova campagna di Assicoop Emilia Nord dedicata alla previdenza integrativa: \u201cMeno tasse oggi. Pi\u00f9 serenit\u00e0 domani.\u201d","robots":{"index":"index","follow":"follow","max-snippet":"max-snippet:-1","max-image-preview":"max-image-preview:large","max-video-preview":"max-video-preview:-1"},"canonical":"https:\/\/www.assicoop.it\/emilianord\/pensare-al-futuro-con-serenita\/","og_locale":"it_IT","og_type":"article","og_title":"Ottimizzare oggi, costruire domani, perch\u00e8 pensare al futuro non deve far paura - Assicoop Emilia Nord","og_description":"Pensare al futuro non deve far paura. Si costruisce con calma, un passo alla volta \u2014 ed \u00e8 proprio da questa idea che nasce la nuova campagna di Assicoop Emilia Nord dedicata alla previdenza integrativa: \u201cMeno tasse oggi. Pi\u00f9 serenit\u00e0 domani.\u201d","og_url":"https:\/\/www.assicoop.it\/emilianord\/pensare-al-futuro-con-serenita\/","og_site_name":"Assicoop Emilia Nord","article_published_time":"2025-11-12T11:16:46+00:00","article_modified_time":"2025-11-12T13:31:22+00:00","og_image":[{"width":800,"height":600,"url":"https:\/\/www.assicoop.it\/emilianord\/wp-content\/uploads\/2025\/11\/non-serve-tanto-per-iniziare-blog-800-x-600-px-1.jpg","type":"image\/jpeg"}],"author":"Barbara","twitter_card":"summary_large_image","twitter_misc":{"Scritto da":"Barbara","Tempo di lettura stimato":"3 minuti"},"schema":{"@context":"https:\/\/schema.org","@graph":[{"@type":"WebPage","@id":"https:\/\/www.assicoop.it\/emilianord\/pensare-al-futuro-con-serenita\/","url":"https:\/\/www.assicoop.it\/emilianord\/pensare-al-futuro-con-serenita\/","name":"Ottimizzare oggi, costruire domani, perch\u00e8 pensare al futuro non deve far paura - Assicoop Emilia Nord","isPartOf":{"@id":"https:\/\/www.assicoop.it\/emilianord\/#website"},"datePublished":"2025-11-12T11:16:46+00:00","dateModified":"2025-11-12T13:31:22+00:00","author":{"@id":"https:\/\/www.assicoop.it\/emilianord\/#\/schema\/person\/77fb64ee06ab0517a6da132496ba76fc"},"description":"Pensare al futuro non deve far paura. Si costruisce con calma, un passo alla volta \u2014 ed \u00e8 proprio da questa idea che nasce la nuova campagna di Assicoop Emilia Nord dedicata alla previdenza integrativa: \u201cMeno tasse oggi. Pi\u00f9 serenit\u00e0 domani.\u201d","breadcrumb":{"@id":"https:\/\/www.assicoop.it\/emilianord\/pensare-al-futuro-con-serenita\/#breadcrumb"},"inLanguage":"it-IT","potentialAction":[{"@type":"ReadAction","target":["https:\/\/www.assicoop.it\/emilianord\/pensare-al-futuro-con-serenita\/"]}]},{"@type":"BreadcrumbList","@id":"https:\/\/www.assicoop.it\/emilianord\/pensare-al-futuro-con-serenita\/#breadcrumb","itemListElement":[{"@type":"ListItem","position":1,"name":"Home","item":"https:\/\/www.assicoop.it\/emilianord\/"},{"@type":"ListItem","position":2,"name":"Ottimizzare oggi, costruire domani, perch\u00e8 pensare al futuro non deve far paura"}]},{"@type":"WebSite","@id":"https:\/\/www.assicoop.it\/emilianord\/#website","url":"https:\/\/www.assicoop.it\/emilianord\/","name":"Assicoop Emilia Nord","description":"Vicina. Sicura. Tua.","potentialAction":[{"@type":"SearchAction","target":{"@type":"EntryPoint","urlTemplate":"https:\/\/www.assicoop.it\/emilianord\/?s={search_term_string}"},"query-input":"required name=search_term_string"}],"inLanguage":"it-IT"},{"@type":"Person","@id":"https:\/\/www.assicoop.it\/emilianord\/#\/schema\/person\/77fb64ee06ab0517a6da132496ba76fc","name":"Barbara","image":{"@type":"ImageObject","inLanguage":"it-IT","@id":"https:\/\/www.assicoop.it\/emilianord\/#\/schema\/person\/image\/","url":"https:\/\/secure.gravatar.com\/avatar\/00c026db8927e2518d2b151f133428e9?s=96&d=mm&r=g","contentUrl":"https:\/\/secure.gravatar.com\/avatar\/00c026db8927e2518d2b151f133428e9?s=96&d=mm&r=g","caption":"Barbara"},"url":"https:\/\/www.assicoop.it\/emilianord\/author\/05baee84ae1e8c3a\/"}]}},"_links":{"self":[{"href":"https:\/\/www.assicoop.it\/emilianord\/wp-json\/wp\/v2\/posts\/5121"}],"collection":[{"href":"https:\/\/www.assicoop.it\/emilianord\/wp-json\/wp\/v2\/posts"}],"about":[{"href":"https:\/\/www.assicoop.it\/emilianord\/wp-json\/wp\/v2\/types\/post"}],"author":[{"embeddable":true,"href":"https:\/\/www.assicoop.it\/emilianord\/wp-json\/wp\/v2\/users\/4"}],"replies":[{"embeddable":true,"href":"https:\/\/www.assicoop.it\/emilianord\/wp-json\/wp\/v2\/comments?post=5121"}],"version-history":[{"count":10,"href":"https:\/\/www.assicoop.it\/emilianord\/wp-json\/wp\/v2\/posts\/5121\/revisions"}],"predecessor-version":[{"id":5146,"href":"https:\/\/www.assicoop.it\/emilianord\/wp-json\/wp\/v2\/posts\/5121\/revisions\/5146"}],"wp:featuredmedia":[{"embeddable":true,"href":"https:\/\/www.assicoop.it\/emilianord\/wp-json\/wp\/v2\/media\/5135"}],"wp:attachment":[{"href":"https:\/\/www.assicoop.it\/emilianord\/wp-json\/wp\/v2\/media?parent=5121"}],"wp:term":[{"taxonomy":"category","embeddable":true,"href":"https:\/\/www.assicoop.it\/emilianord\/wp-json\/wp\/v2\/categories?post=5121"},{"taxonomy":"post_tag","embeddable":true,"href":"https:\/\/www.assicoop.it\/emilianord\/wp-json\/wp\/v2\/tags?post=5121"}],"curies":[{"name":"wp","href":"https:\/\/api.w.org\/{rel}","templated":true}]}}