{"id":5021,"date":"2025-07-11T15:46:14","date_gmt":"2025-07-11T13:46:14","guid":{"rendered":"https:\/\/www.assicoop.it\/emilianord\/?p=5021"},"modified":"2025-07-11T15:54:28","modified_gmt":"2025-07-11T13:54:28","slug":"assicoop-emilia-nord-e-sponsor-di-regium-lepidi-opera-festival-2025","status":"publish","type":"post","link":"https:\/\/www.assicoop.it\/emilianord\/assicoop-emilia-nord-e-sponsor-di-regium-lepidi-opera-festival-2025\/","title":{"rendered":"Assicoop Emilia Nord \u00e8 sponsor di Regium Lepidi Opera Festival 2025"},"content":{"rendered":"\t\t<div data-elementor-type=\"wp-post\" data-elementor-id=\"5021\" class=\"elementor elementor-5021\" data-elementor-post-type=\"post\">\n\t\t\t\t\t\t<section class=\"elementor-section elementor-top-section elementor-element elementor-element-386abc4b elementor-section-full_width elementor-section-height-min-height elementor-section-items-stretch elementor-section-content-bottom elementor-section-height-default\" data-id=\"386abc4b\" data-element_type=\"section\">\n\t\t\t\t\t\t<div class=\"elementor-container elementor-column-gap-no\">\n\t\t\t\t\t<div class=\"elementor-column elementor-col-50 elementor-top-column elementor-element elementor-element-26ca9564\" data-id=\"26ca9564\" data-element_type=\"column\" data-settings=\"{&quot;background_background&quot;:&quot;classic&quot;}\">\n\t\t\t<div class=\"elementor-widget-wrap elementor-element-populated\">\n\t\t\t\t\t\t<div class=\"elementor-element elementor-element-719c69c elementor-widget elementor-widget-heading\" data-id=\"719c69c\" data-element_type=\"widget\" data-widget_type=\"heading.default\">\n\t\t\t\t<div class=\"elementor-widget-container\">\n\t\t\t\t\t<h2 class=\"elementor-heading-title elementor-size-default\">Assicoop Emilia Nord \u00e8 sponsor di Regium Lepidi Opera Festival 2025 <\/h2>\t\t\t\t<\/div>\n\t\t\t\t<\/div>\n\t\t\t\t<div class=\"elementor-element elementor-element-22415def elementor-widget elementor-widget-post-info\" data-id=\"22415def\" data-element_type=\"widget\" data-widget_type=\"post-info.default\">\n\t\t\t\t<div class=\"elementor-widget-container\">\n\t\t\t\t\t\t\t<ul class=\"elementor-inline-items elementor-icon-list-items elementor-post-info\">\n\t\t\t\t\t\t\t\t<li class=\"elementor-icon-list-item elementor-repeater-item-9093a23 elementor-inline-item\" itemprop=\"datePublished\">\n\t\t\t\t\t\t\t\t\t\t\t\t\t<span class=\"elementor-icon-list-text elementor-post-info__item elementor-post-info__item--type-date\">\n\t\t\t\t\t\t\t\t\t\t<time>Luglio 11, 2025<\/time>\t\t\t\t\t<\/span>\n\t\t\t\t\t\t\t\t<\/li>\n\t\t\t\t<li class=\"elementor-icon-list-item elementor-repeater-item-42b6822 elementor-inline-item\" itemprop=\"about\">\n\t\t\t\t\t\t\t\t\t\t\t\t\t<span class=\"elementor-icon-list-text elementor-post-info__item elementor-post-info__item--type-terms\">\n\t\t\t\t\t\t\t\t\t\t<span class=\"elementor-post-info__terms-list\">\n\t\t\t\t<a href=\"https:\/\/www.assicoop.it\/emilianord\/categoria\/news\/\" class=\"elementor-post-info__terms-list-item\">News<\/a>, <a href=\"https:\/\/www.assicoop.it\/emilianord\/categoria\/per-il-territorio\/\" class=\"elementor-post-info__terms-list-item\">Per il territorio<\/a>\t\t\t\t<\/span>\n\t\t\t\t\t<\/span>\n\t\t\t\t\t\t\t\t<\/li>\n\t\t\t\t<\/ul>\n\t\t\t\t\t\t<\/div>\n\t\t\t\t<\/div>\n\t\t\t\t\t<\/div>\n\t\t<\/div>\n\t\t\t\t<div class=\"elementor-column elementor-col-50 elementor-top-column elementor-element elementor-element-391bccd\" data-id=\"391bccd\" data-element_type=\"column\">\n\t\t\t<div class=\"elementor-widget-wrap elementor-element-populated\">\n\t\t\t\t\t\t<div class=\"elementor-element elementor-element-114f4465 elementor-hidden-phone elementor-widget elementor-widget-theme-post-featured-image elementor-widget-image\" data-id=\"114f4465\" data-element_type=\"widget\" data-widget_type=\"theme-post-featured-image.default\">\n\t\t\t\t<div class=\"elementor-widget-container\">\n\t\t\t\t\t\t\t\t\t\t\t\t\t\t\t<img fetchpriority=\"high\" decoding=\"async\" width=\"800\" height=\"600\" src=\"https:\/\/www.assicoop.it\/emilianord\/wp-content\/uploads\/2025\/07\/AssicoopEN_Blog-immagini-in-evidenza.jpg\" class=\"attachment-full size-full wp-image-5022\" alt=\"\" srcset=\"https:\/\/www.assicoop.it\/emilianord\/wp-content\/uploads\/2025\/07\/AssicoopEN_Blog-immagini-in-evidenza.jpg 800w, https:\/\/www.assicoop.it\/emilianord\/wp-content\/uploads\/2025\/07\/AssicoopEN_Blog-immagini-in-evidenza-300x225.jpg 300w, https:\/\/www.assicoop.it\/emilianord\/wp-content\/uploads\/2025\/07\/AssicoopEN_Blog-immagini-in-evidenza-768x576.jpg 768w\" sizes=\"(max-width: 800px) 100vw, 800px\" \/>\t\t\t\t\t\t\t\t\t\t\t\t\t\t\t<\/div>\n\t\t\t\t<\/div>\n\t\t\t\t\t<\/div>\n\t\t<\/div>\n\t\t\t\t\t<\/div>\n\t\t<\/section>\n\t\t\t\t<section class=\"elementor-section elementor-top-section elementor-element elementor-element-53ead63 elementor-section-boxed elementor-section-height-default elementor-section-height-default\" data-id=\"53ead63\" data-element_type=\"section\">\n\t\t\t\t\t\t<div class=\"elementor-container elementor-column-gap-default\">\n\t\t\t\t\t<div class=\"elementor-column elementor-col-100 elementor-top-column elementor-element elementor-element-ce44726\" data-id=\"ce44726\" data-element_type=\"column\">\n\t\t\t<div class=\"elementor-widget-wrap elementor-element-populated\">\n\t\t\t\t\t\t<div class=\"elementor-element elementor-element-cf5680a elementor-widget elementor-widget-heading\" data-id=\"cf5680a\" data-element_type=\"widget\" data-widget_type=\"heading.default\">\n\t\t\t\t<div class=\"elementor-widget-container\">\n\t\t\t\t\t<h2 class=\"elementor-heading-title elementor-size-default\">Assicoop Emilia Nord \u00e8 entusiasta di annunciare il suo rinnovato sostegno al Regium Lepidi Opera Festival 2025, l'evento culturale pi\u00f9 atteso dell\u2019estate <\/h2>\t\t\t\t<\/div>\n\t\t\t\t<\/div>\n\t\t\t\t<div class=\"elementor-element elementor-element-8736476 elementor-widget elementor-widget-text-editor\" data-id=\"8736476\" data-element_type=\"widget\" data-widget_type=\"text-editor.default\">\n\t\t\t\t<div class=\"elementor-widget-container\">\n\t\t\t\t\t\t\t\t\t<p>Con la sponsorizzazione di questo bellissimo festival, vogliamo riaffermare il nostro profondo legame con il territorio e il nostro impegno per la valorizzazione del patrimonio artistico e culturale Italiano come l\u2019opera lirica.<\/p><p>Crediamo fermamente che la cultura sia un motore di crescita, un veicolo per la coesione sociale e un elemento fondamentale per il benessere dei cittadini. La musica, l&#8217;arte e lo spettacolo sono espressioni vitali che arricchiscono le nostre vite e promuovono un senso di appartenenza.<\/p>\t\t\t\t\t\t\t\t<\/div>\n\t\t\t\t<\/div>\n\t\t\t\t<div class=\"elementor-element elementor-element-4f4f633 elementor-widget elementor-widget-heading\" data-id=\"4f4f633\" data-element_type=\"widget\" data-widget_type=\"heading.default\">\n\t\t\t\t<div class=\"elementor-widget-container\">\n\t\t\t\t\t<h2 class=\"elementor-heading-title elementor-size-default\">I prossimi spettacoli: <\/h2>\t\t\t\t<\/div>\n\t\t\t\t<\/div>\n\t\t\t\t<div class=\"elementor-element elementor-element-69d7dd3 elementor-widget elementor-widget-text-editor\" data-id=\"69d7dd3\" data-element_type=\"widget\" data-widget_type=\"text-editor.default\">\n\t\t\t\t<div class=\"elementor-widget-container\">\n\t\t\t\t\t\t\t\t\t<p><em>Concerto Lirico<\/em><br \/>22 Luglio, ore 20:00<br \/>Teatro B. Asioli, Correggio<br \/>Biglietti disponibili su Vivaticket <a href=\"https:\/\/www.vivaticket.com\/it\/ticket\/concerto-lirico\/271772?culture=it-it\" target=\"_blank\" rel=\"noopener\">https:\/\/www.vivaticket.com\/it\/ticket\/concerto-lirico\/271772<\/a><\/p><p><strong><a href=\"https:\/\/www.assicoop.it\/emilianord\/wp-content\/uploads\/2025\/07\/Poster-7x10-Opera-Gala-Correggio.pdf\" target=\"_blank\" rel=\"noopener\">Visualizza la locandina<\/a><\/strong><\/p><p><em>Le nozze di Figaro<\/em><br \/>30 e 31 Luglio, ore 20:00<br \/>Teatro B. Asioli, Correggio<br \/>Biglietti disponibili su Vivaticket <a href=\"https:\/\/www.vivaticket.com\/it\/ticket\/le-nozze-di-figaro\/271773\" target=\"_blank\" rel=\"noopener\">https:\/\/www.vivaticket.com\/it\/ticket\/le-nozze-di-figaro\/271773<\/a><\/p><p><strong><a href=\"https:\/\/www.assicoop.it\/emilianord\/wp-content\/uploads\/2025\/07\/Definitivo-Poster-Le-Nozze-di-figaro.pdf\" target=\"_blank\" rel=\"noopener\">Visualizza la locandina<\/a><\/strong><\/p><p>Vi invitiamo a scoprire il programma del <a href=\"https:\/\/www.regiumlepidi.com\/\" target=\"_blank\" rel=\"noopener\">Regium Lepidi<\/a> Opera Festival 2025 e a partecipare numerosi agli spettacoli.<\/p><p>Sar\u00e0 un&#8217;occasione unica per vivere emozioni indimenticabili e per celebrare insieme la bellezza dell&#8217;opera lirica.<\/p>\t\t\t\t\t\t\t\t<\/div>\n\t\t\t\t<\/div>\n\t\t\t\t\t<\/div>\n\t\t<\/div>\n\t\t\t\t\t<\/div>\n\t\t<\/section>\n\t\t\t\t<section class=\"elementor-section elementor-top-section elementor-element elementor-element-b51ebb6 elementor-section-boxed elementor-section-height-default elementor-section-height-default\" data-id=\"b51ebb6\" data-element_type=\"section\">\n\t\t\t\t\t\t<div class=\"elementor-container elementor-column-gap-default\">\n\t\t\t\t\t<div class=\"elementor-column elementor-col-100 elementor-top-column elementor-element elementor-element-8474fec\" data-id=\"8474fec\" data-element_type=\"column\">\n\t\t\t<div class=\"elementor-widget-wrap elementor-element-populated\">\n\t\t\t\t\t\t<div class=\"elementor-element elementor-element-6c68fe1 elementor-share-buttons--view-icon elementor-share-buttons--skin-gradient elementor-share-buttons--shape-square elementor-grid-0 elementor-share-buttons--color-official elementor-widget elementor-widget-share-buttons\" data-id=\"6c68fe1\" data-element_type=\"widget\" data-widget_type=\"share-buttons.default\">\n\t\t\t\t<div class=\"elementor-widget-container\">\n\t\t\t\t\t\t\t<div class=\"elementor-grid\">\n\t\t\t\t\t\t\t\t<div class=\"elementor-grid-item\">\n\t\t\t\t\t\t<div\n\t\t\t\t\t\t\tclass=\"elementor-share-btn elementor-share-btn_facebook\"\n\t\t\t\t\t\t\trole=\"button\"\n\t\t\t\t\t\t\ttabindex=\"0\"\n\t\t\t\t\t\t\taria-label=\"Condividi su facebook\"\n\t\t\t\t\t\t>\n\t\t\t\t\t\t\t\t\t\t\t\t\t\t\t<span class=\"elementor-share-btn__icon\">\n\t\t\t\t\t\t\t\t<i class=\"fab fa-facebook\" aria-hidden=\"true\"><\/i>\t\t\t\t\t\t\t<\/span>\n\t\t\t\t\t\t\t\t\t\t\t\t\t\t\t\t\t\t\t\t<\/div>\n\t\t\t\t\t<\/div>\n\t\t\t\t\t\t\t\t\t<div class=\"elementor-grid-item\">\n\t\t\t\t\t\t<div\n\t\t\t\t\t\t\tclass=\"elementor-share-btn elementor-share-btn_twitter\"\n\t\t\t\t\t\t\trole=\"button\"\n\t\t\t\t\t\t\ttabindex=\"0\"\n\t\t\t\t\t\t\taria-label=\"Condividi su twitter\"\n\t\t\t\t\t\t>\n\t\t\t\t\t\t\t\t\t\t\t\t\t\t\t<span class=\"elementor-share-btn__icon\">\n\t\t\t\t\t\t\t\t<i class=\"fab fa-twitter\" aria-hidden=\"true\"><\/i>\t\t\t\t\t\t\t<\/span>\n\t\t\t\t\t\t\t\t\t\t\t\t\t\t\t\t\t\t\t\t<\/div>\n\t\t\t\t\t<\/div>\n\t\t\t\t\t\t\t\t\t<div class=\"elementor-grid-item\">\n\t\t\t\t\t\t<div\n\t\t\t\t\t\t\tclass=\"elementor-share-btn elementor-share-btn_linkedin\"\n\t\t\t\t\t\t\trole=\"button\"\n\t\t\t\t\t\t\ttabindex=\"0\"\n\t\t\t\t\t\t\taria-label=\"Condividi su linkedin\"\n\t\t\t\t\t\t>\n\t\t\t\t\t\t\t\t\t\t\t\t\t\t\t<span class=\"elementor-share-btn__icon\">\n\t\t\t\t\t\t\t\t<i class=\"fab fa-linkedin\" aria-hidden=\"true\"><\/i>\t\t\t\t\t\t\t<\/span>\n\t\t\t\t\t\t\t\t\t\t\t\t\t\t\t\t\t\t\t\t<\/div>\n\t\t\t\t\t<\/div>\n\t\t\t\t\t\t<\/div>\n\t\t\t\t\t\t<\/div>\n\t\t\t\t<\/div>\n\t\t\t\t\t<\/div>\n\t\t<\/div>\n\t\t\t\t\t<\/div>\n\t\t<\/section>\n\t\t\t\t<section class=\"elementor-section elementor-top-section elementor-element elementor-element-3dda2f5 elementor-section-boxed elementor-section-height-default elementor-section-height-default\" data-id=\"3dda2f5\" data-element_type=\"section\">\n\t\t\t\t\t\t<div class=\"elementor-container elementor-column-gap-default\">\n\t\t\t\t\t<div class=\"elementor-column elementor-col-100 elementor-top-column elementor-element elementor-element-eeb3563\" data-id=\"eeb3563\" data-element_type=\"column\">\n\t\t\t<div class=\"elementor-widget-wrap elementor-element-populated\">\n\t\t\t\t\t\t<div class=\"elementor-element elementor-element-5da5c3f elementor-widget elementor-widget-post-navigation\" data-id=\"5da5c3f\" data-element_type=\"widget\" data-widget_type=\"post-navigation.default\">\n\t\t\t\t<div class=\"elementor-widget-container\">\n\t\t\t\t\t\t\t<div class=\"elementor-post-navigation\">\n\t\t\t<div class=\"elementor-post-navigation__prev elementor-post-navigation__link\">\n\t\t\t\t<a href=\"https:\/\/www.assicoop.it\/emilianord\/assicoop-presenta-il-bilancio-di-sostenibilita-2023-un-impegno-concreto-per-territorio-e-persone\/\" rel=\"prev\"><span class=\"post-navigation__arrow-wrapper post-navigation__arrow-prev\"><i class=\"fa fa-chevron-left\" aria-hidden=\"true\"><\/i><span class=\"elementor-screen-only\">Precedente<\/span><\/span><span class=\"elementor-post-navigation__link__prev\"><span class=\"post-navigation__prev--label\">Precedente<\/span><\/span><\/a>\t\t\t<\/div>\n\t\t\t\t\t\t<div class=\"elementor-post-navigation__next elementor-post-navigation__link\">\n\t\t\t\t<a href=\"https:\/\/www.assicoop.it\/emilianord\/protezione-su-misura-unica-la-nuova-soluzione-di-assicoop-e-unipol\/\" rel=\"next\"><span class=\"elementor-post-navigation__link__next\"><span class=\"post-navigation__next--label\">Successivo<\/span><\/span><span class=\"post-navigation__arrow-wrapper post-navigation__arrow-next\"><i class=\"fa fa-chevron-right\" aria-hidden=\"true\"><\/i><span class=\"elementor-screen-only\">Successivo<\/span><\/span><\/a>\t\t\t<\/div>\n\t\t<\/div>\n\t\t\t\t\t\t<\/div>\n\t\t\t\t<\/div>\n\t\t\t\t\t<\/div>\n\t\t<\/div>\n\t\t\t\t\t<\/div>\n\t\t<\/section>\n\t\t\t\t<\/div>\n\t\t","protected":false},"excerpt":{"rendered":"<p>Assicoop Emilia Nord \u00e8 entusiasta di annunciare il suo rinnovato sostegno al Regium Lepidi Opera Festival 2025, l&#8217;evento culturale pi\u00f9 atteso dell\u2019estate<\/p>\n","protected":false},"author":9,"featured_media":5022,"comment_status":"closed","ping_status":"open","sticky":false,"template":"","format":"standard","meta":{"footnotes":""},"categories":[12,6],"tags":[],"yoast_head":"<!-- This site is optimized with the Yoast SEO plugin v22.1 - https:\/\/yoast.com\/wordpress\/plugins\/seo\/ -->\n<title>Assicoop Emilia Nord \u00e8 sponsor di Regium Lepidi Opera Festival 2025 - Assicoop Emilia Nord<\/title>\n<meta name=\"description\" content=\"Assicoop Emilia Nord \u00e8 entusiasta di annunciare il suo rinnovato sostegno al Regium Lepidi Opera Festival 2025, l&#039;evento culturale pi\u00f9 atteso dell\u2019estate\" \/>\n<meta name=\"robots\" content=\"index, follow, max-snippet:-1, max-image-preview:large, max-video-preview:-1\" \/>\n<link rel=\"canonical\" href=\"https:\/\/www.assicoop.it\/emilianord\/assicoop-emilia-nord-e-sponsor-di-regium-lepidi-opera-festival-2025\/\" \/>\n<meta property=\"og:locale\" content=\"it_IT\" \/>\n<meta property=\"og:type\" content=\"article\" \/>\n<meta property=\"og:title\" content=\"Assicoop Emilia Nord \u00e8 sponsor di Regium Lepidi Opera Festival 2025 - Assicoop Emilia Nord\" \/>\n<meta property=\"og:description\" content=\"Assicoop Emilia Nord \u00e8 entusiasta di annunciare il suo rinnovato sostegno al Regium Lepidi Opera Festival 2025, l&#039;evento culturale pi\u00f9 atteso dell\u2019estate\" \/>\n<meta property=\"og:url\" content=\"https:\/\/www.assicoop.it\/emilianord\/assicoop-emilia-nord-e-sponsor-di-regium-lepidi-opera-festival-2025\/\" \/>\n<meta property=\"og:site_name\" content=\"Assicoop Emilia Nord\" \/>\n<meta property=\"article:published_time\" content=\"2025-07-11T13:46:14+00:00\" \/>\n<meta property=\"article:modified_time\" content=\"2025-07-11T13:54:28+00:00\" \/>\n<meta property=\"og:image\" content=\"https:\/\/www.assicoop.it\/emilianord\/wp-content\/uploads\/2025\/07\/AssicoopEN_Blog-immagini-in-evidenza.jpg\" \/>\n\t<meta property=\"og:image:width\" content=\"800\" \/>\n\t<meta property=\"og:image:height\" content=\"600\" \/>\n\t<meta property=\"og:image:type\" content=\"image\/jpeg\" \/>\n<meta name=\"author\" content=\"admin\" \/>\n<meta name=\"twitter:card\" content=\"summary_large_image\" \/>\n<meta name=\"twitter:label1\" content=\"Scritto da\" \/>\n\t<meta name=\"twitter:data1\" content=\"admin\" \/>\n\t<meta name=\"twitter:label2\" content=\"Tempo di lettura stimato\" \/>\n\t<meta name=\"twitter:data2\" content=\"2 minuti\" \/>\n<script type=\"application\/ld+json\" class=\"yoast-schema-graph\">{\"@context\":\"https:\/\/schema.org\",\"@graph\":[{\"@type\":\"WebPage\",\"@id\":\"https:\/\/www.assicoop.it\/emilianord\/assicoop-emilia-nord-e-sponsor-di-regium-lepidi-opera-festival-2025\/\",\"url\":\"https:\/\/www.assicoop.it\/emilianord\/assicoop-emilia-nord-e-sponsor-di-regium-lepidi-opera-festival-2025\/\",\"name\":\"Assicoop Emilia Nord \u00e8 sponsor di Regium Lepidi Opera Festival 2025 - Assicoop Emilia Nord\",\"isPartOf\":{\"@id\":\"https:\/\/www.assicoop.it\/emilianord\/#website\"},\"datePublished\":\"2025-07-11T13:46:14+00:00\",\"dateModified\":\"2025-07-11T13:54:28+00:00\",\"author\":{\"@id\":\"https:\/\/www.assicoop.it\/emilianord\/#\/schema\/person\/05df95978acfa448da9dc78c9b833b31\"},\"description\":\"Assicoop Emilia Nord \u00e8 entusiasta di annunciare il suo rinnovato sostegno al Regium Lepidi Opera Festival 2025, l'evento culturale pi\u00f9 atteso dell\u2019estate\",\"breadcrumb\":{\"@id\":\"https:\/\/www.assicoop.it\/emilianord\/assicoop-emilia-nord-e-sponsor-di-regium-lepidi-opera-festival-2025\/#breadcrumb\"},\"inLanguage\":\"it-IT\",\"potentialAction\":[{\"@type\":\"ReadAction\",\"target\":[\"https:\/\/www.assicoop.it\/emilianord\/assicoop-emilia-nord-e-sponsor-di-regium-lepidi-opera-festival-2025\/\"]}]},{\"@type\":\"BreadcrumbList\",\"@id\":\"https:\/\/www.assicoop.it\/emilianord\/assicoop-emilia-nord-e-sponsor-di-regium-lepidi-opera-festival-2025\/#breadcrumb\",\"itemListElement\":[{\"@type\":\"ListItem\",\"position\":1,\"name\":\"Home\",\"item\":\"https:\/\/www.assicoop.it\/emilianord\/\"},{\"@type\":\"ListItem\",\"position\":2,\"name\":\"Assicoop Emilia Nord \u00e8 sponsor di Regium Lepidi Opera Festival 2025\"}]},{\"@type\":\"WebSite\",\"@id\":\"https:\/\/www.assicoop.it\/emilianord\/#website\",\"url\":\"https:\/\/www.assicoop.it\/emilianord\/\",\"name\":\"Assicoop Emilia Nord\",\"description\":\"Vicina. Sicura. Tua.\",\"potentialAction\":[{\"@type\":\"SearchAction\",\"target\":{\"@type\":\"EntryPoint\",\"urlTemplate\":\"https:\/\/www.assicoop.it\/emilianord\/?s={search_term_string}\"},\"query-input\":\"required name=search_term_string\"}],\"inLanguage\":\"it-IT\"},{\"@type\":\"Person\",\"@id\":\"https:\/\/www.assicoop.it\/emilianord\/#\/schema\/person\/05df95978acfa448da9dc78c9b833b31\",\"name\":\"admin\",\"image\":{\"@type\":\"ImageObject\",\"inLanguage\":\"it-IT\",\"@id\":\"https:\/\/www.assicoop.it\/emilianord\/#\/schema\/person\/image\/\",\"url\":\"https:\/\/secure.gravatar.com\/avatar\/5767e7a1ee4373b71c91822a1d11154f?s=96&d=mm&r=g\",\"contentUrl\":\"https:\/\/secure.gravatar.com\/avatar\/5767e7a1ee4373b71c91822a1d11154f?s=96&d=mm&r=g\",\"caption\":\"admin\"},\"url\":\"https:\/\/www.assicoop.it\/emilianord\/author\/edb6250cc9baedd1\/\"}]}<\/script>\n<!-- \/ Yoast SEO plugin. -->","yoast_head_json":{"title":"Assicoop Emilia Nord \u00e8 sponsor di Regium Lepidi Opera Festival 2025 - Assicoop Emilia Nord","description":"Assicoop Emilia Nord \u00e8 entusiasta di annunciare il suo rinnovato sostegno al Regium Lepidi Opera Festival 2025, l'evento culturale pi\u00f9 atteso dell\u2019estate","robots":{"index":"index","follow":"follow","max-snippet":"max-snippet:-1","max-image-preview":"max-image-preview:large","max-video-preview":"max-video-preview:-1"},"canonical":"https:\/\/www.assicoop.it\/emilianord\/assicoop-emilia-nord-e-sponsor-di-regium-lepidi-opera-festival-2025\/","og_locale":"it_IT","og_type":"article","og_title":"Assicoop Emilia Nord \u00e8 sponsor di Regium Lepidi Opera Festival 2025 - Assicoop Emilia Nord","og_description":"Assicoop Emilia Nord \u00e8 entusiasta di annunciare il suo rinnovato sostegno al Regium Lepidi Opera Festival 2025, l'evento culturale pi\u00f9 atteso dell\u2019estate","og_url":"https:\/\/www.assicoop.it\/emilianord\/assicoop-emilia-nord-e-sponsor-di-regium-lepidi-opera-festival-2025\/","og_site_name":"Assicoop Emilia Nord","article_published_time":"2025-07-11T13:46:14+00:00","article_modified_time":"2025-07-11T13:54:28+00:00","og_image":[{"width":800,"height":600,"url":"https:\/\/www.assicoop.it\/emilianord\/wp-content\/uploads\/2025\/07\/AssicoopEN_Blog-immagini-in-evidenza.jpg","type":"image\/jpeg"}],"author":"admin","twitter_card":"summary_large_image","twitter_misc":{"Scritto da":"admin","Tempo di lettura stimato":"2 minuti"},"schema":{"@context":"https:\/\/schema.org","@graph":[{"@type":"WebPage","@id":"https:\/\/www.assicoop.it\/emilianord\/assicoop-emilia-nord-e-sponsor-di-regium-lepidi-opera-festival-2025\/","url":"https:\/\/www.assicoop.it\/emilianord\/assicoop-emilia-nord-e-sponsor-di-regium-lepidi-opera-festival-2025\/","name":"Assicoop Emilia Nord \u00e8 sponsor di Regium Lepidi Opera Festival 2025 - Assicoop Emilia Nord","isPartOf":{"@id":"https:\/\/www.assicoop.it\/emilianord\/#website"},"datePublished":"2025-07-11T13:46:14+00:00","dateModified":"2025-07-11T13:54:28+00:00","author":{"@id":"https:\/\/www.assicoop.it\/emilianord\/#\/schema\/person\/05df95978acfa448da9dc78c9b833b31"},"description":"Assicoop Emilia Nord \u00e8 entusiasta di annunciare il suo rinnovato sostegno al Regium Lepidi Opera Festival 2025, l'evento culturale pi\u00f9 atteso dell\u2019estate","breadcrumb":{"@id":"https:\/\/www.assicoop.it\/emilianord\/assicoop-emilia-nord-e-sponsor-di-regium-lepidi-opera-festival-2025\/#breadcrumb"},"inLanguage":"it-IT","potentialAction":[{"@type":"ReadAction","target":["https:\/\/www.assicoop.it\/emilianord\/assicoop-emilia-nord-e-sponsor-di-regium-lepidi-opera-festival-2025\/"]}]},{"@type":"BreadcrumbList","@id":"https:\/\/www.assicoop.it\/emilianord\/assicoop-emilia-nord-e-sponsor-di-regium-lepidi-opera-festival-2025\/#breadcrumb","itemListElement":[{"@type":"ListItem","position":1,"name":"Home","item":"https:\/\/www.assicoop.it\/emilianord\/"},{"@type":"ListItem","position":2,"name":"Assicoop Emilia Nord \u00e8 sponsor di Regium Lepidi Opera Festival 2025"}]},{"@type":"WebSite","@id":"https:\/\/www.assicoop.it\/emilianord\/#website","url":"https:\/\/www.assicoop.it\/emilianord\/","name":"Assicoop Emilia Nord","description":"Vicina. Sicura. Tua.","potentialAction":[{"@type":"SearchAction","target":{"@type":"EntryPoint","urlTemplate":"https:\/\/www.assicoop.it\/emilianord\/?s={search_term_string}"},"query-input":"required name=search_term_string"}],"inLanguage":"it-IT"},{"@type":"Person","@id":"https:\/\/www.assicoop.it\/emilianord\/#\/schema\/person\/05df95978acfa448da9dc78c9b833b31","name":"admin","image":{"@type":"ImageObject","inLanguage":"it-IT","@id":"https:\/\/www.assicoop.it\/emilianord\/#\/schema\/person\/image\/","url":"https:\/\/secure.gravatar.com\/avatar\/5767e7a1ee4373b71c91822a1d11154f?s=96&d=mm&r=g","contentUrl":"https:\/\/secure.gravatar.com\/avatar\/5767e7a1ee4373b71c91822a1d11154f?s=96&d=mm&r=g","caption":"admin"},"url":"https:\/\/www.assicoop.it\/emilianord\/author\/edb6250cc9baedd1\/"}]}},"_links":{"self":[{"href":"https:\/\/www.assicoop.it\/emilianord\/wp-json\/wp\/v2\/posts\/5021"}],"collection":[{"href":"https:\/\/www.assicoop.it\/emilianord\/wp-json\/wp\/v2\/posts"}],"about":[{"href":"https:\/\/www.assicoop.it\/emilianord\/wp-json\/wp\/v2\/types\/post"}],"author":[{"embeddable":true,"href":"https:\/\/www.assicoop.it\/emilianord\/wp-json\/wp\/v2\/users\/9"}],"replies":[{"embeddable":true,"href":"https:\/\/www.assicoop.it\/emilianord\/wp-json\/wp\/v2\/comments?post=5021"}],"version-history":[{"count":6,"href":"https:\/\/www.assicoop.it\/emilianord\/wp-json\/wp\/v2\/posts\/5021\/revisions"}],"predecessor-version":[{"id":5030,"href":"https:\/\/www.assicoop.it\/emilianord\/wp-json\/wp\/v2\/posts\/5021\/revisions\/5030"}],"wp:featuredmedia":[{"embeddable":true,"href":"https:\/\/www.assicoop.it\/emilianord\/wp-json\/wp\/v2\/media\/5022"}],"wp:attachment":[{"href":"https:\/\/www.assicoop.it\/emilianord\/wp-json\/wp\/v2\/media?parent=5021"}],"wp:term":[{"taxonomy":"category","embeddable":true,"href":"https:\/\/www.assicoop.it\/emilianord\/wp-json\/wp\/v2\/categories?post=5021"},{"taxonomy":"post_tag","embeddable":true,"href":"https:\/\/www.assicoop.it\/emilianord\/wp-json\/wp\/v2\/tags?post=5021"}],"curies":[{"name":"wp","href":"https:\/\/api.w.org\/{rel}","templated":true}]}}