{"id":4441,"date":"2024-12-23T12:30:16","date_gmt":"2024-12-23T11:30:16","guid":{"rendered":"https:\/\/www.assicoop.it\/emilianord\/?p=4441"},"modified":"2025-01-02T18:30:57","modified_gmt":"2025-01-02T17:30:57","slug":"assicoop-emilia-nord-al-fianco-di-apro-ets-per-un-futuro-piu-sano","status":"publish","type":"post","link":"https:\/\/www.assicoop.it\/emilianord\/assicoop-emilia-nord-al-fianco-di-apro-ets-per-un-futuro-piu-sano\/","title":{"rendered":"Assicoop Emilia Nord, al fianco di Apro Ets per un futuro pi\u00f9 sano"},"content":{"rendered":"\t\t<div data-elementor-type=\"wp-post\" data-elementor-id=\"4441\" class=\"elementor elementor-4441\" data-elementor-post-type=\"post\">\n\t\t\t\t\t\t<section class=\"elementor-section elementor-top-section elementor-element elementor-element-386abc4b elementor-section-full_width elementor-section-height-min-height elementor-section-items-stretch elementor-section-content-bottom elementor-section-height-default\" data-id=\"386abc4b\" data-element_type=\"section\">\n\t\t\t\t\t\t<div class=\"elementor-container elementor-column-gap-no\">\n\t\t\t\t\t<div class=\"elementor-column elementor-col-50 elementor-top-column elementor-element elementor-element-26ca9564\" data-id=\"26ca9564\" data-element_type=\"column\" data-settings=\"{&quot;background_background&quot;:&quot;classic&quot;}\">\n\t\t\t<div class=\"elementor-widget-wrap elementor-element-populated\">\n\t\t\t\t\t\t<div class=\"elementor-element elementor-element-719c69c elementor-widget elementor-widget-heading\" data-id=\"719c69c\" data-element_type=\"widget\" data-widget_type=\"heading.default\">\n\t\t\t\t<div class=\"elementor-widget-container\">\n\t\t\t\t\t<h2 class=\"elementor-heading-title elementor-size-default\">Assicoop Emilia Nord, al fianco di Apro Ets per un futuro pi\u00f9 sano<\/h2>\t\t\t\t<\/div>\n\t\t\t\t<\/div>\n\t\t\t\t<div class=\"elementor-element elementor-element-22415def elementor-widget elementor-widget-post-info\" data-id=\"22415def\" data-element_type=\"widget\" data-widget_type=\"post-info.default\">\n\t\t\t\t<div class=\"elementor-widget-container\">\n\t\t\t\t\t\t\t<ul class=\"elementor-inline-items elementor-icon-list-items elementor-post-info\">\n\t\t\t\t\t\t\t\t<li class=\"elementor-icon-list-item elementor-repeater-item-9093a23 elementor-inline-item\" itemprop=\"datePublished\">\n\t\t\t\t\t\t\t\t\t\t\t\t\t<span class=\"elementor-icon-list-text elementor-post-info__item elementor-post-info__item--type-date\">\n\t\t\t\t\t\t\t\t\t\t<time>Dicembre 23, 2024<\/time>\t\t\t\t\t<\/span>\n\t\t\t\t\t\t\t\t<\/li>\n\t\t\t\t<li class=\"elementor-icon-list-item elementor-repeater-item-42b6822 elementor-inline-item\" itemprop=\"about\">\n\t\t\t\t\t\t\t\t\t\t\t\t\t<span class=\"elementor-icon-list-text elementor-post-info__item elementor-post-info__item--type-terms\">\n\t\t\t\t\t\t\t\t\t\t<span class=\"elementor-post-info__terms-list\">\n\t\t\t\t<a href=\"https:\/\/www.assicoop.it\/emilianord\/categoria\/news\/\" class=\"elementor-post-info__terms-list-item\">News<\/a>, <a href=\"https:\/\/www.assicoop.it\/emilianord\/categoria\/prodotti\/\" class=\"elementor-post-info__terms-list-item\">Prodotti<\/a>\t\t\t\t<\/span>\n\t\t\t\t\t<\/span>\n\t\t\t\t\t\t\t\t<\/li>\n\t\t\t\t<\/ul>\n\t\t\t\t\t\t<\/div>\n\t\t\t\t<\/div>\n\t\t\t\t\t<\/div>\n\t\t<\/div>\n\t\t\t\t<div class=\"elementor-column elementor-col-50 elementor-top-column elementor-element elementor-element-391bccd\" data-id=\"391bccd\" data-element_type=\"column\">\n\t\t\t<div class=\"elementor-widget-wrap elementor-element-populated\">\n\t\t\t\t\t\t<div class=\"elementor-element elementor-element-114f4465 elementor-hidden-tablet elementor-hidden-phone elementor-widget elementor-widget-theme-post-featured-image elementor-widget-image\" data-id=\"114f4465\" data-element_type=\"widget\" data-widget_type=\"theme-post-featured-image.default\">\n\t\t\t\t<div class=\"elementor-widget-container\">\n\t\t\t\t\t\t\t\t\t\t\t\t\t\t\t<img fetchpriority=\"high\" decoding=\"async\" width=\"800\" height=\"600\" src=\"https:\/\/www.assicoop.it\/emilianord\/wp-content\/uploads\/2024\/12\/Apro-ets.jpg\" class=\"attachment-full size-full wp-image-4478\" alt=\"\" srcset=\"https:\/\/www.assicoop.it\/emilianord\/wp-content\/uploads\/2024\/12\/Apro-ets.jpg 800w, https:\/\/www.assicoop.it\/emilianord\/wp-content\/uploads\/2024\/12\/Apro-ets-300x225.jpg 300w, https:\/\/www.assicoop.it\/emilianord\/wp-content\/uploads\/2024\/12\/Apro-ets-768x576.jpg 768w\" sizes=\"(max-width: 800px) 100vw, 800px\" \/>\t\t\t\t\t\t\t\t\t\t\t\t\t\t\t<\/div>\n\t\t\t\t<\/div>\n\t\t\t\t\t<\/div>\n\t\t<\/div>\n\t\t\t\t\t<\/div>\n\t\t<\/section>\n\t\t\t\t<section class=\"elementor-section elementor-top-section elementor-element elementor-element-8dc51a4 elementor-section-boxed elementor-section-height-default elementor-section-height-default\" data-id=\"8dc51a4\" data-element_type=\"section\">\n\t\t\t\t\t\t<div class=\"elementor-container elementor-column-gap-default\">\n\t\t\t\t\t<div class=\"elementor-column elementor-col-100 elementor-top-column elementor-element elementor-element-2373d4dd\" data-id=\"2373d4dd\" data-element_type=\"column\">\n\t\t\t<div class=\"elementor-widget-wrap elementor-element-populated\">\n\t\t\t\t\t\t<div class=\"elementor-element elementor-element-3bf90607 elementor-widget__width-initial elementor-widget elementor-widget-heading\" data-id=\"3bf90607\" data-element_type=\"widget\" data-widget_type=\"heading.default\">\n\t\t\t\t<div class=\"elementor-widget-container\">\n\t\t\t\t\t<h2 class=\"elementor-heading-title elementor-size-default\">Un impegno concreto per la comunit\u00e0 e la sanit\u00e0 del territorio<\/h2>\t\t\t\t<\/div>\n\t\t\t\t<\/div>\n\t\t\t\t\t<\/div>\n\t\t<\/div>\n\t\t\t\t\t<\/div>\n\t\t<\/section>\n\t\t\t\t<section class=\"elementor-section elementor-top-section elementor-element elementor-element-53ead63 elementor-section-boxed elementor-section-height-default elementor-section-height-default\" data-id=\"53ead63\" data-element_type=\"section\">\n\t\t\t\t\t\t<div class=\"elementor-container elementor-column-gap-default\">\n\t\t\t\t\t<div class=\"elementor-column elementor-col-100 elementor-top-column elementor-element elementor-element-ce44726\" data-id=\"ce44726\" data-element_type=\"column\">\n\t\t\t<div class=\"elementor-widget-wrap elementor-element-populated\">\n\t\t\t\t\t\t<div class=\"elementor-element elementor-element-8736476 elementor-widget elementor-widget-text-editor\" data-id=\"8736476\" data-element_type=\"widget\" data-widget_type=\"text-editor.default\">\n\t\t\t\t<div class=\"elementor-widget-container\">\n\t\t\t\t\t\t\t\t\t<p>Da oltre quarant\u2019anni, l\u2019Associazione Apro Ets rappresenta un pilastro della comunit\u00e0 reggiana, sostenendo con dedizione il sistema sanitario pubblico locale. Nata nel 1984, Apro Ets ha contribuito a migliorare la qualit\u00e0 delle cure offerte alla cittadinanza, grazie al lavoro instancabile di volontari e volontarie e al supporto di donatori\/trici e partner. Un percorso fatto di progetti concreti, attenzione ai bisogni delle persone e innovazione tecnologica al servizio della salute.<\/p><p>Anche noi di <strong>Assicoop Emilia Nord<\/strong> crediamo nel valore della solidariet\u00e0 e della vicinanza al territorio. Per questo, abbiamo scelto di sostenere Apro Ets nella <a href=\"https:\/\/aproets.it\/progetti-in-corso\/\" target=\"_blank\" rel=\"noopener\"><strong>campagna di raccolta fondi dedicata all&#8217;acquisto di un ecoendoscopio con intelligenza artificiale<\/strong><\/a>. Questo strumento all\u2019avanguardia consentir\u00e0 diagnosi pi\u00f9 tempestive e accurate del cancro al pancreas e di altre patologie gastrointestinali, offrendo ai pazienti migliori possibilit\u00e0 di cura e un\u2019importante speranza in pi\u00f9.<\/p><p>La scelta di sostenere Apro Ets nasce da valori in cui crediamo profondamente:<\/p><ul><li><strong>Migliorare la qualit\u00e0 delle cure<\/strong>, perch\u00e9 l\u2019innovazione tecnologica pu\u00f2 fare davvero la differenza nella vita delle persone: grazie ai fondi raccolti l&#8217;ospedale di Reggio Emilia potr\u00e0 dotarsi di tecnologie all&#8217;avanguardia e offrire ai pazienti trattamenti pi\u00f9 efficaci.<\/li><li><strong>Sostenere la ricerca<\/strong>, motore indispensabile per sviluppare nuove terapie e affrontare le malattie con soluzioni sempre pi\u00f9 efficaci<\/li><li><strong>Essere accanto alle persone malate e alle loro famiglie<\/strong>, con un aiuto concreto in momenti difficili.<\/li><li><strong>Costruire un futuro pi\u00f9 sano per la comunit\u00e0<\/strong>, perch\u00e9 investire nella salute significa prendersi cura del benessere collettivo e delle generazioni future.<\/li><\/ul><p><br \/>Essere vicini al territorio non \u00e8 solo una promessa, ma un impegno che Assicoop Emilia Nord rinnova ogni giorno per una comunit\u00e0 pi\u00f9 unita, solidale e sicura.<\/p><p>Se ti interessa approfondire, <strong><a href=\"https:\/\/www.assicoop.it\/emilianord\/wp-content\/uploads\/2024\/12\/Intervista-Dott.-Romano-Sassatelli.pdf\" target=\"_blank\" rel=\"noopener\">qui<\/a> <\/strong>un&#8217;interessante intervista al dott. Romano Sassatelli, Direttore della Gastroenterologia Endoscopia Digestiva dell\u2019Ausl di Reggio-Emilia.\u00a0<\/p><p>Da parte di tutti noi, un augurio di serenit\u00e0 e salute.<br \/><strong>Buone Feste!<\/strong><\/p>\t\t\t\t\t\t\t\t<\/div>\n\t\t\t\t<\/div>\n\t\t\t\t\t<\/div>\n\t\t<\/div>\n\t\t\t\t\t<\/div>\n\t\t<\/section>\n\t\t\t\t<section class=\"elementor-section elementor-top-section elementor-element elementor-element-b51ebb6 elementor-section-boxed elementor-section-height-default elementor-section-height-default\" data-id=\"b51ebb6\" data-element_type=\"section\">\n\t\t\t\t\t\t<div class=\"elementor-container elementor-column-gap-default\">\n\t\t\t\t\t<div class=\"elementor-column elementor-col-100 elementor-top-column elementor-element elementor-element-8474fec\" data-id=\"8474fec\" data-element_type=\"column\">\n\t\t\t<div class=\"elementor-widget-wrap elementor-element-populated\">\n\t\t\t\t\t\t<div class=\"elementor-element elementor-element-6c68fe1 elementor-share-buttons--view-icon elementor-share-buttons--skin-gradient elementor-share-buttons--shape-square elementor-grid-0 elementor-share-buttons--color-official elementor-widget elementor-widget-share-buttons\" data-id=\"6c68fe1\" data-element_type=\"widget\" data-widget_type=\"share-buttons.default\">\n\t\t\t\t<div class=\"elementor-widget-container\">\n\t\t\t\t\t\t\t<div class=\"elementor-grid\">\n\t\t\t\t\t\t\t\t<div class=\"elementor-grid-item\">\n\t\t\t\t\t\t<div\n\t\t\t\t\t\t\tclass=\"elementor-share-btn elementor-share-btn_facebook\"\n\t\t\t\t\t\t\trole=\"button\"\n\t\t\t\t\t\t\ttabindex=\"0\"\n\t\t\t\t\t\t\taria-label=\"Condividi su facebook\"\n\t\t\t\t\t\t>\n\t\t\t\t\t\t\t\t\t\t\t\t\t\t\t<span class=\"elementor-share-btn__icon\">\n\t\t\t\t\t\t\t\t<i class=\"fab fa-facebook\" aria-hidden=\"true\"><\/i>\t\t\t\t\t\t\t<\/span>\n\t\t\t\t\t\t\t\t\t\t\t\t\t\t\t\t\t\t\t\t<\/div>\n\t\t\t\t\t<\/div>\n\t\t\t\t\t\t\t\t\t<div class=\"elementor-grid-item\">\n\t\t\t\t\t\t<div\n\t\t\t\t\t\t\tclass=\"elementor-share-btn elementor-share-btn_twitter\"\n\t\t\t\t\t\t\trole=\"button\"\n\t\t\t\t\t\t\ttabindex=\"0\"\n\t\t\t\t\t\t\taria-label=\"Condividi su twitter\"\n\t\t\t\t\t\t>\n\t\t\t\t\t\t\t\t\t\t\t\t\t\t\t<span class=\"elementor-share-btn__icon\">\n\t\t\t\t\t\t\t\t<i class=\"fab fa-twitter\" aria-hidden=\"true\"><\/i>\t\t\t\t\t\t\t<\/span>\n\t\t\t\t\t\t\t\t\t\t\t\t\t\t\t\t\t\t\t\t<\/div>\n\t\t\t\t\t<\/div>\n\t\t\t\t\t\t\t\t\t<div class=\"elementor-grid-item\">\n\t\t\t\t\t\t<div\n\t\t\t\t\t\t\tclass=\"elementor-share-btn elementor-share-btn_linkedin\"\n\t\t\t\t\t\t\trole=\"button\"\n\t\t\t\t\t\t\ttabindex=\"0\"\n\t\t\t\t\t\t\taria-label=\"Condividi su linkedin\"\n\t\t\t\t\t\t>\n\t\t\t\t\t\t\t\t\t\t\t\t\t\t\t<span class=\"elementor-share-btn__icon\">\n\t\t\t\t\t\t\t\t<i class=\"fab fa-linkedin\" aria-hidden=\"true\"><\/i>\t\t\t\t\t\t\t<\/span>\n\t\t\t\t\t\t\t\t\t\t\t\t\t\t\t\t\t\t\t\t<\/div>\n\t\t\t\t\t<\/div>\n\t\t\t\t\t\t<\/div>\n\t\t\t\t\t\t<\/div>\n\t\t\t\t<\/div>\n\t\t\t\t\t<\/div>\n\t\t<\/div>\n\t\t\t\t\t<\/div>\n\t\t<\/section>\n\t\t\t\t<section class=\"elementor-section elementor-top-section elementor-element elementor-element-3dda2f5 elementor-section-boxed elementor-section-height-default elementor-section-height-default\" data-id=\"3dda2f5\" data-element_type=\"section\">\n\t\t\t\t\t\t<div class=\"elementor-container elementor-column-gap-default\">\n\t\t\t\t\t<div class=\"elementor-column elementor-col-100 elementor-top-column elementor-element elementor-element-eeb3563\" data-id=\"eeb3563\" data-element_type=\"column\">\n\t\t\t<div class=\"elementor-widget-wrap elementor-element-populated\">\n\t\t\t\t\t\t<div class=\"elementor-element elementor-element-5da5c3f elementor-widget elementor-widget-post-navigation\" data-id=\"5da5c3f\" data-element_type=\"widget\" data-widget_type=\"post-navigation.default\">\n\t\t\t\t<div class=\"elementor-widget-container\">\n\t\t\t\t\t\t\t<div class=\"elementor-post-navigation\">\n\t\t\t<div class=\"elementor-post-navigation__prev elementor-post-navigation__link\">\n\t\t\t\t<a href=\"https:\/\/www.assicoop.it\/emilianord\/la-previdenza-complementare-miti-da-sfatare\/\" rel=\"prev\"><span class=\"post-navigation__arrow-wrapper post-navigation__arrow-prev\"><i class=\"fa fa-chevron-left\" aria-hidden=\"true\"><\/i><span class=\"elementor-screen-only\">Precedente<\/span><\/span><span class=\"elementor-post-navigation__link__prev\"><span class=\"post-navigation__prev--label\">Precedente<\/span><\/span><\/a>\t\t\t<\/div>\n\t\t\t\t\t\t<div class=\"elementor-post-navigation__next elementor-post-navigation__link\">\n\t\t\t\t<a href=\"https:\/\/www.assicoop.it\/emilianord\/assicoop-emilia-nord-sponsor-della-pallacanestro-reggiana\/\" rel=\"next\"><span class=\"elementor-post-navigation__link__next\"><span class=\"post-navigation__next--label\">Successivo<\/span><\/span><span class=\"post-navigation__arrow-wrapper post-navigation__arrow-next\"><i class=\"fa fa-chevron-right\" aria-hidden=\"true\"><\/i><span class=\"elementor-screen-only\">Successivo<\/span><\/span><\/a>\t\t\t<\/div>\n\t\t<\/div>\n\t\t\t\t\t\t<\/div>\n\t\t\t\t<\/div>\n\t\t\t\t\t<\/div>\n\t\t<\/div>\n\t\t\t\t\t<\/div>\n\t\t<\/section>\n\t\t\t\t<\/div>\n\t\t","protected":false},"excerpt":{"rendered":"<p>Assicoop Emilia Nord, al fianco di Apro Ets per un futuro pi\u00f9 sano Un impegno concreto per la comunit\u00e0 e la sanit\u00e0 del territorio Da oltre quarant\u2019anni, l\u2019Associazione Apro Ets rappresenta un pilastro della comunit\u00e0 reggiana, sostenendo con dedizione il sistema sanitario pubblico locale. Nata nel 1984, Apro Ets ha contribuito a migliorare la qualit\u00e0 [&hellip;]<\/p>\n","protected":false},"author":9,"featured_media":4478,"comment_status":"closed","ping_status":"open","sticky":false,"template":"","format":"standard","meta":{"footnotes":""},"categories":[12,11],"tags":[],"yoast_head":"<!-- This site is optimized with the Yoast SEO plugin v22.1 - https:\/\/yoast.com\/wordpress\/plugins\/seo\/ -->\n<title>Assicoop Emilia Nord, al fianco di Apro Ets per un futuro pi\u00f9 sano - Assicoop Emilia Nord<\/title>\n<meta name=\"description\" content=\"Un impegno concreto per la comunit\u00e0 e la sanit\u00e0 del territorio\" \/>\n<meta name=\"robots\" content=\"index, follow, max-snippet:-1, max-image-preview:large, max-video-preview:-1\" \/>\n<link rel=\"canonical\" href=\"https:\/\/www.assicoop.it\/emilianord\/assicoop-emilia-nord-al-fianco-di-apro-ets-per-un-futuro-piu-sano\/\" \/>\n<meta property=\"og:locale\" content=\"it_IT\" \/>\n<meta property=\"og:type\" content=\"article\" \/>\n<meta property=\"og:title\" content=\"Assicoop Emilia Nord, al fianco di Apro Ets per un futuro pi\u00f9 sano - Assicoop Emilia Nord\" \/>\n<meta property=\"og:description\" content=\"Un impegno concreto per la comunit\u00e0 e la sanit\u00e0 del territorio\" \/>\n<meta property=\"og:url\" content=\"https:\/\/www.assicoop.it\/emilianord\/assicoop-emilia-nord-al-fianco-di-apro-ets-per-un-futuro-piu-sano\/\" \/>\n<meta property=\"og:site_name\" content=\"Assicoop Emilia Nord\" \/>\n<meta property=\"article:published_time\" content=\"2024-12-23T11:30:16+00:00\" \/>\n<meta property=\"article:modified_time\" content=\"2025-01-02T17:30:57+00:00\" \/>\n<meta property=\"og:image\" content=\"https:\/\/www.assicoop.it\/emilianord\/wp-content\/uploads\/2024\/12\/Apro-ets.jpg\" \/>\n\t<meta property=\"og:image:width\" content=\"800\" \/>\n\t<meta property=\"og:image:height\" content=\"600\" \/>\n\t<meta property=\"og:image:type\" content=\"image\/jpeg\" \/>\n<meta name=\"author\" content=\"admin\" \/>\n<meta name=\"twitter:card\" content=\"summary_large_image\" \/>\n<meta name=\"twitter:label1\" content=\"Scritto da\" \/>\n\t<meta name=\"twitter:data1\" content=\"admin\" \/>\n\t<meta name=\"twitter:label2\" content=\"Tempo di lettura stimato\" \/>\n\t<meta name=\"twitter:data2\" content=\"2 minuti\" \/>\n<script type=\"application\/ld+json\" class=\"yoast-schema-graph\">{\"@context\":\"https:\/\/schema.org\",\"@graph\":[{\"@type\":\"WebPage\",\"@id\":\"https:\/\/www.assicoop.it\/emilianord\/assicoop-emilia-nord-al-fianco-di-apro-ets-per-un-futuro-piu-sano\/\",\"url\":\"https:\/\/www.assicoop.it\/emilianord\/assicoop-emilia-nord-al-fianco-di-apro-ets-per-un-futuro-piu-sano\/\",\"name\":\"Assicoop Emilia Nord, al fianco di Apro Ets per un futuro pi\u00f9 sano - Assicoop Emilia Nord\",\"isPartOf\":{\"@id\":\"https:\/\/www.assicoop.it\/emilianord\/#website\"},\"datePublished\":\"2024-12-23T11:30:16+00:00\",\"dateModified\":\"2025-01-02T17:30:57+00:00\",\"author\":{\"@id\":\"https:\/\/www.assicoop.it\/emilianord\/#\/schema\/person\/05df95978acfa448da9dc78c9b833b31\"},\"description\":\"Un impegno concreto per la comunit\u00e0 e la sanit\u00e0 del territorio\",\"breadcrumb\":{\"@id\":\"https:\/\/www.assicoop.it\/emilianord\/assicoop-emilia-nord-al-fianco-di-apro-ets-per-un-futuro-piu-sano\/#breadcrumb\"},\"inLanguage\":\"it-IT\",\"potentialAction\":[{\"@type\":\"ReadAction\",\"target\":[\"https:\/\/www.assicoop.it\/emilianord\/assicoop-emilia-nord-al-fianco-di-apro-ets-per-un-futuro-piu-sano\/\"]}]},{\"@type\":\"BreadcrumbList\",\"@id\":\"https:\/\/www.assicoop.it\/emilianord\/assicoop-emilia-nord-al-fianco-di-apro-ets-per-un-futuro-piu-sano\/#breadcrumb\",\"itemListElement\":[{\"@type\":\"ListItem\",\"position\":1,\"name\":\"Home\",\"item\":\"https:\/\/www.assicoop.it\/emilianord\/\"},{\"@type\":\"ListItem\",\"position\":2,\"name\":\"Assicoop Emilia Nord, al fianco di Apro Ets per un futuro pi\u00f9 sano\"}]},{\"@type\":\"WebSite\",\"@id\":\"https:\/\/www.assicoop.it\/emilianord\/#website\",\"url\":\"https:\/\/www.assicoop.it\/emilianord\/\",\"name\":\"Assicoop Emilia Nord\",\"description\":\"Vicina. Sicura. Tua.\",\"potentialAction\":[{\"@type\":\"SearchAction\",\"target\":{\"@type\":\"EntryPoint\",\"urlTemplate\":\"https:\/\/www.assicoop.it\/emilianord\/?s={search_term_string}\"},\"query-input\":\"required name=search_term_string\"}],\"inLanguage\":\"it-IT\"},{\"@type\":\"Person\",\"@id\":\"https:\/\/www.assicoop.it\/emilianord\/#\/schema\/person\/05df95978acfa448da9dc78c9b833b31\",\"name\":\"admin\",\"image\":{\"@type\":\"ImageObject\",\"inLanguage\":\"it-IT\",\"@id\":\"https:\/\/www.assicoop.it\/emilianord\/#\/schema\/person\/image\/\",\"url\":\"https:\/\/secure.gravatar.com\/avatar\/5767e7a1ee4373b71c91822a1d11154f?s=96&d=mm&r=g\",\"contentUrl\":\"https:\/\/secure.gravatar.com\/avatar\/5767e7a1ee4373b71c91822a1d11154f?s=96&d=mm&r=g\",\"caption\":\"admin\"},\"url\":\"https:\/\/www.assicoop.it\/emilianord\/author\/edb6250cc9baedd1\/\"}]}<\/script>\n<!-- \/ Yoast SEO plugin. -->","yoast_head_json":{"title":"Assicoop Emilia Nord, al fianco di Apro Ets per un futuro pi\u00f9 sano - Assicoop Emilia Nord","description":"Un impegno concreto per la comunit\u00e0 e la sanit\u00e0 del territorio","robots":{"index":"index","follow":"follow","max-snippet":"max-snippet:-1","max-image-preview":"max-image-preview:large","max-video-preview":"max-video-preview:-1"},"canonical":"https:\/\/www.assicoop.it\/emilianord\/assicoop-emilia-nord-al-fianco-di-apro-ets-per-un-futuro-piu-sano\/","og_locale":"it_IT","og_type":"article","og_title":"Assicoop Emilia Nord, al fianco di Apro Ets per un futuro pi\u00f9 sano - Assicoop Emilia Nord","og_description":"Un impegno concreto per la comunit\u00e0 e la sanit\u00e0 del territorio","og_url":"https:\/\/www.assicoop.it\/emilianord\/assicoop-emilia-nord-al-fianco-di-apro-ets-per-un-futuro-piu-sano\/","og_site_name":"Assicoop Emilia Nord","article_published_time":"2024-12-23T11:30:16+00:00","article_modified_time":"2025-01-02T17:30:57+00:00","og_image":[{"width":800,"height":600,"url":"https:\/\/www.assicoop.it\/emilianord\/wp-content\/uploads\/2024\/12\/Apro-ets.jpg","type":"image\/jpeg"}],"author":"admin","twitter_card":"summary_large_image","twitter_misc":{"Scritto da":"admin","Tempo di lettura stimato":"2 minuti"},"schema":{"@context":"https:\/\/schema.org","@graph":[{"@type":"WebPage","@id":"https:\/\/www.assicoop.it\/emilianord\/assicoop-emilia-nord-al-fianco-di-apro-ets-per-un-futuro-piu-sano\/","url":"https:\/\/www.assicoop.it\/emilianord\/assicoop-emilia-nord-al-fianco-di-apro-ets-per-un-futuro-piu-sano\/","name":"Assicoop Emilia Nord, al fianco di Apro Ets per un futuro pi\u00f9 sano - Assicoop Emilia Nord","isPartOf":{"@id":"https:\/\/www.assicoop.it\/emilianord\/#website"},"datePublished":"2024-12-23T11:30:16+00:00","dateModified":"2025-01-02T17:30:57+00:00","author":{"@id":"https:\/\/www.assicoop.it\/emilianord\/#\/schema\/person\/05df95978acfa448da9dc78c9b833b31"},"description":"Un impegno concreto per la comunit\u00e0 e la sanit\u00e0 del territorio","breadcrumb":{"@id":"https:\/\/www.assicoop.it\/emilianord\/assicoop-emilia-nord-al-fianco-di-apro-ets-per-un-futuro-piu-sano\/#breadcrumb"},"inLanguage":"it-IT","potentialAction":[{"@type":"ReadAction","target":["https:\/\/www.assicoop.it\/emilianord\/assicoop-emilia-nord-al-fianco-di-apro-ets-per-un-futuro-piu-sano\/"]}]},{"@type":"BreadcrumbList","@id":"https:\/\/www.assicoop.it\/emilianord\/assicoop-emilia-nord-al-fianco-di-apro-ets-per-un-futuro-piu-sano\/#breadcrumb","itemListElement":[{"@type":"ListItem","position":1,"name":"Home","item":"https:\/\/www.assicoop.it\/emilianord\/"},{"@type":"ListItem","position":2,"name":"Assicoop Emilia Nord, al fianco di Apro Ets per un futuro pi\u00f9 sano"}]},{"@type":"WebSite","@id":"https:\/\/www.assicoop.it\/emilianord\/#website","url":"https:\/\/www.assicoop.it\/emilianord\/","name":"Assicoop Emilia Nord","description":"Vicina. Sicura. Tua.","potentialAction":[{"@type":"SearchAction","target":{"@type":"EntryPoint","urlTemplate":"https:\/\/www.assicoop.it\/emilianord\/?s={search_term_string}"},"query-input":"required name=search_term_string"}],"inLanguage":"it-IT"},{"@type":"Person","@id":"https:\/\/www.assicoop.it\/emilianord\/#\/schema\/person\/05df95978acfa448da9dc78c9b833b31","name":"admin","image":{"@type":"ImageObject","inLanguage":"it-IT","@id":"https:\/\/www.assicoop.it\/emilianord\/#\/schema\/person\/image\/","url":"https:\/\/secure.gravatar.com\/avatar\/5767e7a1ee4373b71c91822a1d11154f?s=96&d=mm&r=g","contentUrl":"https:\/\/secure.gravatar.com\/avatar\/5767e7a1ee4373b71c91822a1d11154f?s=96&d=mm&r=g","caption":"admin"},"url":"https:\/\/www.assicoop.it\/emilianord\/author\/edb6250cc9baedd1\/"}]}},"_links":{"self":[{"href":"https:\/\/www.assicoop.it\/emilianord\/wp-json\/wp\/v2\/posts\/4441"}],"collection":[{"href":"https:\/\/www.assicoop.it\/emilianord\/wp-json\/wp\/v2\/posts"}],"about":[{"href":"https:\/\/www.assicoop.it\/emilianord\/wp-json\/wp\/v2\/types\/post"}],"author":[{"embeddable":true,"href":"https:\/\/www.assicoop.it\/emilianord\/wp-json\/wp\/v2\/users\/9"}],"replies":[{"embeddable":true,"href":"https:\/\/www.assicoop.it\/emilianord\/wp-json\/wp\/v2\/comments?post=4441"}],"version-history":[{"count":5,"href":"https:\/\/www.assicoop.it\/emilianord\/wp-json\/wp\/v2\/posts\/4441\/revisions"}],"predecessor-version":[{"id":4449,"href":"https:\/\/www.assicoop.it\/emilianord\/wp-json\/wp\/v2\/posts\/4441\/revisions\/4449"}],"wp:featuredmedia":[{"embeddable":true,"href":"https:\/\/www.assicoop.it\/emilianord\/wp-json\/wp\/v2\/media\/4478"}],"wp:attachment":[{"href":"https:\/\/www.assicoop.it\/emilianord\/wp-json\/wp\/v2\/media?parent=4441"}],"wp:term":[{"taxonomy":"category","embeddable":true,"href":"https:\/\/www.assicoop.it\/emilianord\/wp-json\/wp\/v2\/categories?post=4441"},{"taxonomy":"post_tag","embeddable":true,"href":"https:\/\/www.assicoop.it\/emilianord\/wp-json\/wp\/v2\/tags?post=4441"}],"curies":[{"name":"wp","href":"https:\/\/api.w.org\/{rel}","templated":true}]}}