{"id":4112,"date":"2024-05-22T16:35:50","date_gmt":"2024-05-22T14:35:50","guid":{"rendered":"https:\/\/www.assicoop.it\/emilianord\/?p=4112"},"modified":"2025-01-03T10:56:22","modified_gmt":"2025-01-03T09:56:22","slug":"quinto-bilancio-sostenibilita","status":"publish","type":"post","link":"https:\/\/www.assicoop.it\/emilianord\/quinto-bilancio-sostenibilita\/","title":{"rendered":"Il nostro quinto bilancio di sostenibilit\u00e0 per il biennio 2021-2022"},"content":{"rendered":"\t\t<div data-elementor-type=\"wp-post\" data-elementor-id=\"4112\" class=\"elementor elementor-4112\" data-elementor-post-type=\"post\">\n\t\t\t\t\t\t<section class=\"elementor-section elementor-top-section elementor-element elementor-element-32d0d817 elementor-section-full_width elementor-section-height-min-height elementor-section-items-stretch elementor-section-content-bottom elementor-section-height-default\" data-id=\"32d0d817\" data-element_type=\"section\">\n\t\t\t\t\t\t<div class=\"elementor-container elementor-column-gap-no\">\n\t\t\t\t\t<div class=\"elementor-column elementor-col-50 elementor-top-column elementor-element elementor-element-70a1cb9d\" data-id=\"70a1cb9d\" data-element_type=\"column\" data-settings=\"{&quot;background_background&quot;:&quot;classic&quot;}\">\n\t\t\t<div class=\"elementor-widget-wrap elementor-element-populated\">\n\t\t\t\t\t\t<div class=\"elementor-element elementor-element-42dd5e5 elementor-widget elementor-widget-heading\" data-id=\"42dd5e5\" data-element_type=\"widget\" data-widget_type=\"heading.default\">\n\t\t\t\t<div class=\"elementor-widget-container\">\n\t\t\t\t\t<h5 class=\"elementor-heading-title elementor-size-medium\">Il nostro quinto bilancio di sostenibilit\u00e0 per il biennio 2021-2022<\/h5>\t\t\t\t<\/div>\n\t\t\t\t<\/div>\n\t\t\t\t<div class=\"elementor-element elementor-element-e6edb35 elementor-widget elementor-widget-post-info\" data-id=\"e6edb35\" data-element_type=\"widget\" data-widget_type=\"post-info.default\">\n\t\t\t\t<div class=\"elementor-widget-container\">\n\t\t\t\t\t\t\t<ul class=\"elementor-inline-items elementor-icon-list-items elementor-post-info\">\n\t\t\t\t\t\t\t\t<li class=\"elementor-icon-list-item elementor-repeater-item-9093a23 elementor-inline-item\" itemprop=\"datePublished\">\n\t\t\t\t\t\t\t\t\t\t\t\t\t<span class=\"elementor-icon-list-text elementor-post-info__item elementor-post-info__item--type-date\">\n\t\t\t\t\t\t\t\t\t\t<time>Maggio 22, 2024<\/time>\t\t\t\t\t<\/span>\n\t\t\t\t\t\t\t\t<\/li>\n\t\t\t\t<li class=\"elementor-icon-list-item elementor-repeater-item-42b6822 elementor-inline-item\" itemprop=\"about\">\n\t\t\t\t\t\t\t\t\t\t\t\t\t<span class=\"elementor-icon-list-text elementor-post-info__item elementor-post-info__item--type-terms\">\n\t\t\t\t\t\t\t\t\t\t<span class=\"elementor-post-info__terms-list\">\n\t\t\t\t<a href=\"https:\/\/www.assicoop.it\/emilianord\/categoria\/news\/\" class=\"elementor-post-info__terms-list-item\">News<\/a>\t\t\t\t<\/span>\n\t\t\t\t\t<\/span>\n\t\t\t\t\t\t\t\t<\/li>\n\t\t\t\t<\/ul>\n\t\t\t\t\t\t<\/div>\n\t\t\t\t<\/div>\n\t\t\t\t\t<\/div>\n\t\t<\/div>\n\t\t\t\t<div class=\"elementor-column elementor-col-50 elementor-top-column elementor-element elementor-element-4dd8adc2\" data-id=\"4dd8adc2\" data-element_type=\"column\">\n\t\t\t<div class=\"elementor-widget-wrap elementor-element-populated\">\n\t\t\t\t\t\t<div class=\"elementor-element elementor-element-7627fc9e elementor-hidden-tablet elementor-hidden-phone elementor-widget elementor-widget-theme-post-featured-image elementor-widget-image\" data-id=\"7627fc9e\" data-element_type=\"widget\" data-widget_type=\"theme-post-featured-image.default\">\n\t\t\t\t<div class=\"elementor-widget-container\">\n\t\t\t\t\t\t\t\t\t\t\t\t\t\t\t<img fetchpriority=\"high\" decoding=\"async\" width=\"800\" height=\"600\" src=\"https:\/\/www.assicoop.it\/emilianord\/wp-content\/uploads\/2024\/05\/quinto-bilancio-sostenibilita.jpg\" class=\"attachment-full size-full wp-image-4504\" alt=\"\" srcset=\"https:\/\/www.assicoop.it\/emilianord\/wp-content\/uploads\/2024\/05\/quinto-bilancio-sostenibilita.jpg 800w, https:\/\/www.assicoop.it\/emilianord\/wp-content\/uploads\/2024\/05\/quinto-bilancio-sostenibilita-300x225.jpg 300w, https:\/\/www.assicoop.it\/emilianord\/wp-content\/uploads\/2024\/05\/quinto-bilancio-sostenibilita-768x576.jpg 768w\" sizes=\"(max-width: 800px) 100vw, 800px\" \/>\t\t\t\t\t\t\t\t\t\t\t\t\t\t\t<\/div>\n\t\t\t\t<\/div>\n\t\t\t\t\t<\/div>\n\t\t<\/div>\n\t\t\t\t\t<\/div>\n\t\t<\/section>\n\t\t\t\t<section class=\"elementor-section elementor-top-section elementor-element elementor-element-608238db elementor-section-boxed elementor-section-height-default elementor-section-height-default\" data-id=\"608238db\" data-element_type=\"section\">\n\t\t\t\t\t\t<div class=\"elementor-container elementor-column-gap-default\">\n\t\t\t\t\t<div class=\"elementor-column elementor-col-100 elementor-top-column elementor-element elementor-element-6e3a9b65\" data-id=\"6e3a9b65\" data-element_type=\"column\">\n\t\t\t<div class=\"elementor-widget-wrap elementor-element-populated\">\n\t\t\t\t\t\t<div class=\"elementor-element elementor-element-24439904 elementor-widget__width-initial elementor-widget elementor-widget-heading\" data-id=\"24439904\" data-element_type=\"widget\" data-widget_type=\"heading.default\">\n\t\t\t\t<div class=\"elementor-widget-container\">\n\t\t\t\t\t<h2 class=\"elementor-heading-title elementor-size-default\">Un importante traguardo per Assicoop!<\/h2>\t\t\t\t<\/div>\n\t\t\t\t<\/div>\n\t\t\t\t\t<\/div>\n\t\t<\/div>\n\t\t\t\t\t<\/div>\n\t\t<\/section>\n\t\t\t\t<section class=\"elementor-section elementor-top-section elementor-element elementor-element-5d742cf elementor-section-boxed elementor-section-height-default elementor-section-height-default\" data-id=\"5d742cf\" data-element_type=\"section\">\n\t\t\t\t\t\t<div class=\"elementor-container elementor-column-gap-default\">\n\t\t\t\t\t<div class=\"elementor-column elementor-col-100 elementor-top-column elementor-element elementor-element-5e303d53\" data-id=\"5e303d53\" data-element_type=\"column\">\n\t\t\t<div class=\"elementor-widget-wrap elementor-element-populated\">\n\t\t\t\t\t\t<div class=\"elementor-element elementor-element-1aaf3c20 elementor-widget elementor-widget-text-editor\" data-id=\"1aaf3c20\" data-element_type=\"widget\" data-widget_type=\"text-editor.default\">\n\t\t\t\t<div class=\"elementor-widget-container\">\n\t\t\t\t\t\t\t\t\t<p><span style=\"font-weight: 400;\">Il 17 maggio scorso, presso l&#8217;auditorium Torre Unipol di Bologna, abbiamo presentato il nostro <strong>quinto bilancio di sostenibilit\u00e0 per il biennio 2021-2022<\/strong>. Questo bilancio non solo rende conto del lavoro svolto, ma ci guida anche verso i nostri impegni futuri, attraverso la riduzione dell\u2019impatto ecologico delle nostre operazioni, il sostegno alle comunit\u00e0 locali e la promozione della diversit\u00e0 e dell&#8217;inclusione.<\/span><\/p><p><span style=\"font-weight: 400;\">L&#8217;evento ha visto la partecipazione di <strong>Lorenzo Cottignoli<\/strong>, Presidente Associazione Agenzie Societarie e Unipol Assicurazioni e <strong>Rita Ghedini<\/strong>, delegata per il piano di attuazione ESG Assicoop.<\/span><\/p><p>\u00a0<\/p>\t\t\t\t\t\t\t\t<\/div>\n\t\t\t\t<\/div>\n\t\t\t\t<div class=\"elementor-element elementor-element-3ea135e6 elementor-widget elementor-widget-heading\" data-id=\"3ea135e6\" data-element_type=\"widget\" data-widget_type=\"heading.default\">\n\t\t\t\t<div class=\"elementor-widget-container\">\n\t\t\t\t\t<h4 class=\"elementor-heading-title elementor-size-default\">La presentazione del Bilancio:\n<\/h4>\t\t\t\t<\/div>\n\t\t\t\t<\/div>\n\t\t\t\t<div class=\"elementor-element elementor-element-652970d9 elementor-widget elementor-widget-text-editor\" data-id=\"652970d9\" data-element_type=\"widget\" data-widget_type=\"text-editor.default\">\n\t\t\t\t<div class=\"elementor-widget-container\">\n\t\t\t\t\t\t\t\t\t<p><span style=\"font-weight: 400;\">La presentazione del Bilancio \u00e8 stata condotta da <strong>Giovanni Enrico Ravelli<\/strong> di SCS Consulting seguita da un intervento del Prof. <strong>Mario Viviani<\/strong> di G.B.S. su imprese e sostenibilit\u00e0.<\/span><\/p><p><span style=\"font-weight: 400;\">La giornata si \u00e8 arricchita con una tavola rotonda, moderata da <strong>Simona Ceccarelli<\/strong> di SCS Consulting, con ospiti di rilievo come:<\/span><\/p><ul><li><span style=\"font-weight: 400;\"><strong>Erio Bagni<\/strong>, Presidente di Aseop<\/span><\/li><li><span style=\"font-weight: 400;\"><strong>Dario Domenichini<\/strong>, Presidente provinciale e regionale Confesercenti<\/span><\/li><li><span style=\"font-weight: 400;\"><strong>Giuseppina Gualtieri<\/strong>, Presidente TPER e Impronta Etica<\/span><\/li><li><span style=\"font-weight: 400;\"><strong>Paolo Lucchi<\/strong>, Presidente Legacoop Romagna<\/span><\/li><li><span style=\"font-weight: 400;\"><strong>Irene Mangani<\/strong>, Vicepresidente vicaria Legacoop Toscana<\/span><\/li><\/ul>\t\t\t\t\t\t\t\t<\/div>\n\t\t\t\t<\/div>\n\t\t\t\t<div class=\"elementor-element elementor-element-29526e2 elementor-widget elementor-widget-heading\" data-id=\"29526e2\" data-element_type=\"widget\" data-widget_type=\"heading.default\">\n\t\t\t\t<div class=\"elementor-widget-container\">\n\t\t\t\t\t<h4 class=\"elementor-heading-title elementor-size-default\">La Sostenibilit\u00e0:<\/h4>\t\t\t\t<\/div>\n\t\t\t\t<\/div>\n\t\t\t\t<div class=\"elementor-element elementor-element-df504b9 elementor-widget elementor-widget-text-editor\" data-id=\"df504b9\" data-element_type=\"widget\" data-widget_type=\"text-editor.default\">\n\t\t\t\t<div class=\"elementor-widget-container\">\n\t\t\t\t\t\t\t\t\t<p><span style=\"font-weight: 400;\">La sostenibilit\u00e0 non \u00e8 solo una parola per noi: \u00e8 un impegno concreto verso un futuro miglioreper le giovani generazioni e quelle future. Crediamo che ogni passo, piccolo o grande, possa fare la differenza. Insieme possiamo costruire un domani pi\u00f9 verde e responsabile.\u00a0<\/span><\/p><p><span style=\"font-weight: 400;\">Siamo orgogliosi del nostro percorso e pronti ad affrontare le sfide future con rinnovato impegno e dedizione.\u00a0<\/span><\/p><p><span style=\"font-weight: 400;\">Scoprite come stiamo trasformando la nostra visione di sostenibilit\u00e0 in azioni concrete nella <strong><a href=\"https:\/\/www.assicoop.it\/emilianord\/sostenibilita\/\" target=\"_blank\" rel=\"noopener\">nostra pagina dedicata<\/a><\/strong> e in quella dell&#8217;<strong><a href=\"https:\/\/www.assicoop.it\/sostenibilita\/\" target=\"_blank\" rel=\"noopener\">Associazione<\/a><\/strong>.\u00a0<\/span><span style=\"font-weight: 400;\"><br \/><\/span><\/p>\t\t\t\t\t\t\t\t<\/div>\n\t\t\t\t<\/div>\n\t\t\t\t<div class=\"elementor-element elementor-element-bd0942a elementor-align-center elementor-widget elementor-widget-button\" data-id=\"bd0942a\" data-element_type=\"widget\" data-widget_type=\"button.default\">\n\t\t\t\t<div class=\"elementor-widget-container\">\n\t\t\t\t\t\t\t\t\t<div class=\"elementor-button-wrapper\">\n\t\t\t\t\t<a class=\"elementor-button elementor-button-link elementor-size-sm\" href=\"https:\/\/www.assicoop.it\/emilianord\/wp-content\/uploads\/2025\/01\/quinto-bilancio-locandina.jpg\" target=\"_blank\">\n\t\t\t\t\t\t<span class=\"elementor-button-content-wrapper\">\n\t\t\t\t\t\t\t\t\t<span class=\"elementor-button-text\">visualizza la locandina<\/span>\n\t\t\t\t\t<\/span>\n\t\t\t\t\t<\/a>\n\t\t\t\t<\/div>\n\t\t\t\t\t\t\t\t<\/div>\n\t\t\t\t<\/div>\n\t\t\t\t\t<\/div>\n\t\t<\/div>\n\t\t\t\t\t<\/div>\n\t\t<\/section>\n\t\t\t\t<section class=\"elementor-section elementor-top-section elementor-element elementor-element-589e79b elementor-section-boxed elementor-section-height-default elementor-section-height-default\" data-id=\"589e79b\" data-element_type=\"section\">\n\t\t\t\t\t\t<div class=\"elementor-container elementor-column-gap-default\">\n\t\t\t\t\t<div class=\"elementor-column elementor-col-100 elementor-top-column elementor-element elementor-element-66e6b42\" data-id=\"66e6b42\" data-element_type=\"column\">\n\t\t\t<div class=\"elementor-widget-wrap elementor-element-populated\">\n\t\t\t\t\t\t<div class=\"elementor-element elementor-element-c05cc61 elementor-share-buttons--view-icon elementor-share-buttons--skin-gradient elementor-share-buttons--shape-square elementor-grid-0 elementor-share-buttons--color-official elementor-widget elementor-widget-share-buttons\" data-id=\"c05cc61\" data-element_type=\"widget\" data-widget_type=\"share-buttons.default\">\n\t\t\t\t<div class=\"elementor-widget-container\">\n\t\t\t\t\t\t\t<div class=\"elementor-grid\">\n\t\t\t\t\t\t\t\t<div class=\"elementor-grid-item\">\n\t\t\t\t\t\t<div\n\t\t\t\t\t\t\tclass=\"elementor-share-btn elementor-share-btn_facebook\"\n\t\t\t\t\t\t\trole=\"button\"\n\t\t\t\t\t\t\ttabindex=\"0\"\n\t\t\t\t\t\t\taria-label=\"Condividi su facebook\"\n\t\t\t\t\t\t>\n\t\t\t\t\t\t\t\t\t\t\t\t\t\t\t<span class=\"elementor-share-btn__icon\">\n\t\t\t\t\t\t\t\t<i class=\"fab fa-facebook\" aria-hidden=\"true\"><\/i>\t\t\t\t\t\t\t<\/span>\n\t\t\t\t\t\t\t\t\t\t\t\t\t\t\t\t\t\t\t\t<\/div>\n\t\t\t\t\t<\/div>\n\t\t\t\t\t\t\t\t\t<div class=\"elementor-grid-item\">\n\t\t\t\t\t\t<div\n\t\t\t\t\t\t\tclass=\"elementor-share-btn elementor-share-btn_twitter\"\n\t\t\t\t\t\t\trole=\"button\"\n\t\t\t\t\t\t\ttabindex=\"0\"\n\t\t\t\t\t\t\taria-label=\"Condividi su twitter\"\n\t\t\t\t\t\t>\n\t\t\t\t\t\t\t\t\t\t\t\t\t\t\t<span class=\"elementor-share-btn__icon\">\n\t\t\t\t\t\t\t\t<i class=\"fab fa-twitter\" aria-hidden=\"true\"><\/i>\t\t\t\t\t\t\t<\/span>\n\t\t\t\t\t\t\t\t\t\t\t\t\t\t\t\t\t\t\t\t<\/div>\n\t\t\t\t\t<\/div>\n\t\t\t\t\t\t\t\t\t<div class=\"elementor-grid-item\">\n\t\t\t\t\t\t<div\n\t\t\t\t\t\t\tclass=\"elementor-share-btn elementor-share-btn_linkedin\"\n\t\t\t\t\t\t\trole=\"button\"\n\t\t\t\t\t\t\ttabindex=\"0\"\n\t\t\t\t\t\t\taria-label=\"Condividi su linkedin\"\n\t\t\t\t\t\t>\n\t\t\t\t\t\t\t\t\t\t\t\t\t\t\t<span class=\"elementor-share-btn__icon\">\n\t\t\t\t\t\t\t\t<i class=\"fab fa-linkedin\" aria-hidden=\"true\"><\/i>\t\t\t\t\t\t\t<\/span>\n\t\t\t\t\t\t\t\t\t\t\t\t\t\t\t\t\t\t\t\t<\/div>\n\t\t\t\t\t<\/div>\n\t\t\t\t\t\t<\/div>\n\t\t\t\t\t\t<\/div>\n\t\t\t\t<\/div>\n\t\t\t\t<div class=\"elementor-element elementor-element-5ef2f9d elementor-widget elementor-widget-post-navigation\" data-id=\"5ef2f9d\" data-element_type=\"widget\" data-widget_type=\"post-navigation.default\">\n\t\t\t\t<div class=\"elementor-widget-container\">\n\t\t\t\t\t\t\t<div class=\"elementor-post-navigation\">\n\t\t\t<div class=\"elementor-post-navigation__prev elementor-post-navigation__link\">\n\t\t\t\t<a href=\"https:\/\/www.assicoop.it\/emilianord\/assicoop-emilia-nord-sponsor-di-501-intorno-alla-grammatica-della-fantasia-di-gianni-rodari\/\" rel=\"prev\"><span class=\"post-navigation__arrow-wrapper post-navigation__arrow-prev\"><i class=\"fa fa-chevron-left\" aria-hidden=\"true\"><\/i><span class=\"elementor-screen-only\">Precedente<\/span><\/span><span class=\"elementor-post-navigation__link__prev\"><span class=\"post-navigation__prev--label\">Precedente<\/span><\/span><\/a>\t\t\t<\/div>\n\t\t\t\t\t\t<div class=\"elementor-post-navigation__next elementor-post-navigation__link\">\n\t\t\t\t<a href=\"https:\/\/www.assicoop.it\/emilianord\/una-ben-riuscita-assemblea-di-bilancio-di-assicoop-emilia-nord\/\" rel=\"next\"><span class=\"elementor-post-navigation__link__next\"><span class=\"post-navigation__next--label\">Successivo<\/span><\/span><span class=\"post-navigation__arrow-wrapper post-navigation__arrow-next\"><i class=\"fa fa-chevron-right\" aria-hidden=\"true\"><\/i><span class=\"elementor-screen-only\">Successivo<\/span><\/span><\/a>\t\t\t<\/div>\n\t\t<\/div>\n\t\t\t\t\t\t<\/div>\n\t\t\t\t<\/div>\n\t\t\t\t\t<\/div>\n\t\t<\/div>\n\t\t\t\t\t<\/div>\n\t\t<\/section>\n\t\t\t\t<\/div>\n\t\t","protected":false},"excerpt":{"rendered":"<p>Il nostro quinto bilancio di sostenibilit\u00e0 per il biennio 2021-2022 Un importante traguardo per Assicoop! Il 17 maggio scorso, presso l&#8217;auditorium Torre Unipol di Bologna, abbiamo presentato il nostro quinto bilancio di sostenibilit\u00e0 per il biennio 2021-2022. Questo bilancio non solo rende conto del lavoro svolto, ma ci guida anche verso i nostri impegni futuri, [&hellip;]<\/p>\n","protected":false},"author":4,"featured_media":4504,"comment_status":"closed","ping_status":"open","sticky":false,"template":"","format":"standard","meta":{"footnotes":""},"categories":[12],"tags":[],"yoast_head":"<!-- This site is optimized with the Yoast SEO plugin v22.1 - https:\/\/yoast.com\/wordpress\/plugins\/seo\/ -->\n<title>Il nostro quinto bilancio di sostenibilit\u00e0 per il biennio 2021-2022 - Assicoop Emilia Nord<\/title>\n<meta name=\"robots\" content=\"index, follow, max-snippet:-1, max-image-preview:large, max-video-preview:-1\" \/>\n<link rel=\"canonical\" href=\"https:\/\/www.assicoop.it\/emilianord\/quinto-bilancio-sostenibilita\/\" \/>\n<meta property=\"og:locale\" content=\"it_IT\" \/>\n<meta property=\"og:type\" content=\"article\" \/>\n<meta property=\"og:title\" content=\"Il nostro quinto bilancio di sostenibilit\u00e0 per il biennio 2021-2022 - Assicoop Emilia Nord\" \/>\n<meta property=\"og:description\" content=\"Il nostro quinto bilancio di sostenibilit\u00e0 per il biennio 2021-2022 Un importante traguardo per Assicoop! Il 17 maggio scorso, presso l&#8217;auditorium Torre Unipol di Bologna, abbiamo presentato il nostro quinto bilancio di sostenibilit\u00e0 per il biennio 2021-2022. Questo bilancio non solo rende conto del lavoro svolto, ma ci guida anche verso i nostri impegni futuri, [&hellip;]\" \/>\n<meta property=\"og:url\" content=\"https:\/\/www.assicoop.it\/emilianord\/quinto-bilancio-sostenibilita\/\" \/>\n<meta property=\"og:site_name\" content=\"Assicoop Emilia Nord\" \/>\n<meta property=\"article:published_time\" content=\"2024-05-22T14:35:50+00:00\" \/>\n<meta property=\"article:modified_time\" content=\"2025-01-03T09:56:22+00:00\" \/>\n<meta property=\"og:image\" content=\"https:\/\/www.assicoop.it\/emilianord\/wp-content\/uploads\/2024\/05\/quinto-bilancio-sostenibilita.jpg\" \/>\n\t<meta property=\"og:image:width\" content=\"800\" \/>\n\t<meta property=\"og:image:height\" content=\"600\" \/>\n\t<meta property=\"og:image:type\" content=\"image\/jpeg\" \/>\n<meta name=\"author\" content=\"Barbara\" \/>\n<meta name=\"twitter:card\" content=\"summary_large_image\" \/>\n<meta name=\"twitter:label1\" content=\"Scritto da\" \/>\n\t<meta name=\"twitter:data1\" content=\"Barbara\" \/>\n\t<meta name=\"twitter:label2\" content=\"Tempo di lettura stimato\" \/>\n\t<meta name=\"twitter:data2\" content=\"2 minuti\" \/>\n<script type=\"application\/ld+json\" class=\"yoast-schema-graph\">{\"@context\":\"https:\/\/schema.org\",\"@graph\":[{\"@type\":\"WebPage\",\"@id\":\"https:\/\/www.assicoop.it\/emilianord\/quinto-bilancio-sostenibilita\/\",\"url\":\"https:\/\/www.assicoop.it\/emilianord\/quinto-bilancio-sostenibilita\/\",\"name\":\"Il nostro quinto bilancio di sostenibilit\u00e0 per il biennio 2021-2022 - Assicoop Emilia Nord\",\"isPartOf\":{\"@id\":\"https:\/\/www.assicoop.it\/emilianord\/#website\"},\"datePublished\":\"2024-05-22T14:35:50+00:00\",\"dateModified\":\"2025-01-03T09:56:22+00:00\",\"author\":{\"@id\":\"https:\/\/www.assicoop.it\/emilianord\/#\/schema\/person\/77fb64ee06ab0517a6da132496ba76fc\"},\"breadcrumb\":{\"@id\":\"https:\/\/www.assicoop.it\/emilianord\/quinto-bilancio-sostenibilita\/#breadcrumb\"},\"inLanguage\":\"it-IT\",\"potentialAction\":[{\"@type\":\"ReadAction\",\"target\":[\"https:\/\/www.assicoop.it\/emilianord\/quinto-bilancio-sostenibilita\/\"]}]},{\"@type\":\"BreadcrumbList\",\"@id\":\"https:\/\/www.assicoop.it\/emilianord\/quinto-bilancio-sostenibilita\/#breadcrumb\",\"itemListElement\":[{\"@type\":\"ListItem\",\"position\":1,\"name\":\"Home\",\"item\":\"https:\/\/www.assicoop.it\/emilianord\/\"},{\"@type\":\"ListItem\",\"position\":2,\"name\":\"Il nostro quinto bilancio di sostenibilit\u00e0 per il biennio 2021-2022\"}]},{\"@type\":\"WebSite\",\"@id\":\"https:\/\/www.assicoop.it\/emilianord\/#website\",\"url\":\"https:\/\/www.assicoop.it\/emilianord\/\",\"name\":\"Assicoop Emilia Nord\",\"description\":\"Vicina. Sicura. Tua.\",\"potentialAction\":[{\"@type\":\"SearchAction\",\"target\":{\"@type\":\"EntryPoint\",\"urlTemplate\":\"https:\/\/www.assicoop.it\/emilianord\/?s={search_term_string}\"},\"query-input\":\"required name=search_term_string\"}],\"inLanguage\":\"it-IT\"},{\"@type\":\"Person\",\"@id\":\"https:\/\/www.assicoop.it\/emilianord\/#\/schema\/person\/77fb64ee06ab0517a6da132496ba76fc\",\"name\":\"Barbara\",\"image\":{\"@type\":\"ImageObject\",\"inLanguage\":\"it-IT\",\"@id\":\"https:\/\/www.assicoop.it\/emilianord\/#\/schema\/person\/image\/\",\"url\":\"https:\/\/secure.gravatar.com\/avatar\/00c026db8927e2518d2b151f133428e9?s=96&d=mm&r=g\",\"contentUrl\":\"https:\/\/secure.gravatar.com\/avatar\/00c026db8927e2518d2b151f133428e9?s=96&d=mm&r=g\",\"caption\":\"Barbara\"},\"url\":\"https:\/\/www.assicoop.it\/emilianord\/author\/05baee84ae1e8c3a\/\"}]}<\/script>\n<!-- \/ Yoast SEO plugin. -->","yoast_head_json":{"title":"Il nostro quinto bilancio di sostenibilit\u00e0 per il biennio 2021-2022 - Assicoop Emilia Nord","robots":{"index":"index","follow":"follow","max-snippet":"max-snippet:-1","max-image-preview":"max-image-preview:large","max-video-preview":"max-video-preview:-1"},"canonical":"https:\/\/www.assicoop.it\/emilianord\/quinto-bilancio-sostenibilita\/","og_locale":"it_IT","og_type":"article","og_title":"Il nostro quinto bilancio di sostenibilit\u00e0 per il biennio 2021-2022 - Assicoop Emilia Nord","og_description":"Il nostro quinto bilancio di sostenibilit\u00e0 per il biennio 2021-2022 Un importante traguardo per Assicoop! Il 17 maggio scorso, presso l&#8217;auditorium Torre Unipol di Bologna, abbiamo presentato il nostro quinto bilancio di sostenibilit\u00e0 per il biennio 2021-2022. Questo bilancio non solo rende conto del lavoro svolto, ma ci guida anche verso i nostri impegni futuri, [&hellip;]","og_url":"https:\/\/www.assicoop.it\/emilianord\/quinto-bilancio-sostenibilita\/","og_site_name":"Assicoop Emilia Nord","article_published_time":"2024-05-22T14:35:50+00:00","article_modified_time":"2025-01-03T09:56:22+00:00","og_image":[{"width":800,"height":600,"url":"https:\/\/www.assicoop.it\/emilianord\/wp-content\/uploads\/2024\/05\/quinto-bilancio-sostenibilita.jpg","type":"image\/jpeg"}],"author":"Barbara","twitter_card":"summary_large_image","twitter_misc":{"Scritto da":"Barbara","Tempo di lettura stimato":"2 minuti"},"schema":{"@context":"https:\/\/schema.org","@graph":[{"@type":"WebPage","@id":"https:\/\/www.assicoop.it\/emilianord\/quinto-bilancio-sostenibilita\/","url":"https:\/\/www.assicoop.it\/emilianord\/quinto-bilancio-sostenibilita\/","name":"Il nostro quinto bilancio di sostenibilit\u00e0 per il biennio 2021-2022 - Assicoop Emilia Nord","isPartOf":{"@id":"https:\/\/www.assicoop.it\/emilianord\/#website"},"datePublished":"2024-05-22T14:35:50+00:00","dateModified":"2025-01-03T09:56:22+00:00","author":{"@id":"https:\/\/www.assicoop.it\/emilianord\/#\/schema\/person\/77fb64ee06ab0517a6da132496ba76fc"},"breadcrumb":{"@id":"https:\/\/www.assicoop.it\/emilianord\/quinto-bilancio-sostenibilita\/#breadcrumb"},"inLanguage":"it-IT","potentialAction":[{"@type":"ReadAction","target":["https:\/\/www.assicoop.it\/emilianord\/quinto-bilancio-sostenibilita\/"]}]},{"@type":"BreadcrumbList","@id":"https:\/\/www.assicoop.it\/emilianord\/quinto-bilancio-sostenibilita\/#breadcrumb","itemListElement":[{"@type":"ListItem","position":1,"name":"Home","item":"https:\/\/www.assicoop.it\/emilianord\/"},{"@type":"ListItem","position":2,"name":"Il nostro quinto bilancio di sostenibilit\u00e0 per il biennio 2021-2022"}]},{"@type":"WebSite","@id":"https:\/\/www.assicoop.it\/emilianord\/#website","url":"https:\/\/www.assicoop.it\/emilianord\/","name":"Assicoop Emilia Nord","description":"Vicina. Sicura. Tua.","potentialAction":[{"@type":"SearchAction","target":{"@type":"EntryPoint","urlTemplate":"https:\/\/www.assicoop.it\/emilianord\/?s={search_term_string}"},"query-input":"required name=search_term_string"}],"inLanguage":"it-IT"},{"@type":"Person","@id":"https:\/\/www.assicoop.it\/emilianord\/#\/schema\/person\/77fb64ee06ab0517a6da132496ba76fc","name":"Barbara","image":{"@type":"ImageObject","inLanguage":"it-IT","@id":"https:\/\/www.assicoop.it\/emilianord\/#\/schema\/person\/image\/","url":"https:\/\/secure.gravatar.com\/avatar\/00c026db8927e2518d2b151f133428e9?s=96&d=mm&r=g","contentUrl":"https:\/\/secure.gravatar.com\/avatar\/00c026db8927e2518d2b151f133428e9?s=96&d=mm&r=g","caption":"Barbara"},"url":"https:\/\/www.assicoop.it\/emilianord\/author\/05baee84ae1e8c3a\/"}]}},"_links":{"self":[{"href":"https:\/\/www.assicoop.it\/emilianord\/wp-json\/wp\/v2\/posts\/4112"}],"collection":[{"href":"https:\/\/www.assicoop.it\/emilianord\/wp-json\/wp\/v2\/posts"}],"about":[{"href":"https:\/\/www.assicoop.it\/emilianord\/wp-json\/wp\/v2\/types\/post"}],"author":[{"embeddable":true,"href":"https:\/\/www.assicoop.it\/emilianord\/wp-json\/wp\/v2\/users\/4"}],"replies":[{"embeddable":true,"href":"https:\/\/www.assicoop.it\/emilianord\/wp-json\/wp\/v2\/comments?post=4112"}],"version-history":[{"count":34,"href":"https:\/\/www.assicoop.it\/emilianord\/wp-json\/wp\/v2\/posts\/4112\/revisions"}],"predecessor-version":[{"id":4556,"href":"https:\/\/www.assicoop.it\/emilianord\/wp-json\/wp\/v2\/posts\/4112\/revisions\/4556"}],"wp:featuredmedia":[{"embeddable":true,"href":"https:\/\/www.assicoop.it\/emilianord\/wp-json\/wp\/v2\/media\/4504"}],"wp:attachment":[{"href":"https:\/\/www.assicoop.it\/emilianord\/wp-json\/wp\/v2\/media?parent=4112"}],"wp:term":[{"taxonomy":"category","embeddable":true,"href":"https:\/\/www.assicoop.it\/emilianord\/wp-json\/wp\/v2\/categories?post=4112"},{"taxonomy":"post_tag","embeddable":true,"href":"https:\/\/www.assicoop.it\/emilianord\/wp-json\/wp\/v2\/tags?post=4112"}],"curies":[{"name":"wp","href":"https:\/\/api.w.org\/{rel}","templated":true}]}}