{"id":1896,"date":"2022-02-14T10:34:14","date_gmt":"2022-02-14T09:34:14","guid":{"rendered":"https:\/\/www.assicoop.it\/emilianord\/?p=1896"},"modified":"2023-11-07T12:22:26","modified_gmt":"2023-11-07T11:22:26","slug":"assicoop-emilia-nord-sponsor-dei-concerti-della-gazzetta-de-la-toscanini","status":"publish","type":"post","link":"https:\/\/www.assicoop.it\/emilianord\/assicoop-emilia-nord-sponsor-dei-concerti-della-gazzetta-de-la-toscanini\/","title":{"rendered":"Assicoop Emilia Nord sponsor dei Concerti della Gazzetta de La Toscanini"},"content":{"rendered":"\t\t<div data-elementor-type=\"wp-post\" data-elementor-id=\"1896\" class=\"elementor elementor-1896\" data-elementor-post-type=\"post\">\n\t\t\t\t\t\t<section class=\"elementor-section elementor-top-section elementor-element elementor-element-675e6eec elementor-section-full_width elementor-section-height-min-height elementor-section-items-stretch elementor-section-content-bottom elementor-section-height-default\" data-id=\"675e6eec\" data-element_type=\"section\">\n\t\t\t\t\t\t<div class=\"elementor-container elementor-column-gap-no\">\n\t\t\t\t\t<div class=\"elementor-column elementor-col-50 elementor-top-column elementor-element elementor-element-2ca18324\" data-id=\"2ca18324\" data-element_type=\"column\" data-settings=\"{&quot;background_background&quot;:&quot;classic&quot;}\">\n\t\t\t<div class=\"elementor-widget-wrap elementor-element-populated\">\n\t\t\t\t\t\t<div class=\"elementor-element elementor-element-7b2988b8 elementor-widget elementor-widget-theme-post-title elementor-page-title elementor-widget-heading\" data-id=\"7b2988b8\" data-element_type=\"widget\" data-widget_type=\"theme-post-title.default\">\n\t\t\t\t<div class=\"elementor-widget-container\">\n\t\t\t\t\t<h1 class=\"elementor-heading-title elementor-size-default\">Assicoop Emilia Nord sponsor dei Concerti della Gazzetta de La Toscanini<\/h1>\t\t\t\t<\/div>\n\t\t\t\t<\/div>\n\t\t\t\t<div class=\"elementor-element elementor-element-12eec44c elementor-widget elementor-widget-post-info\" data-id=\"12eec44c\" data-element_type=\"widget\" data-widget_type=\"post-info.default\">\n\t\t\t\t<div class=\"elementor-widget-container\">\n\t\t\t\t\t\t\t<ul class=\"elementor-inline-items elementor-icon-list-items elementor-post-info\">\n\t\t\t\t\t\t\t\t<li class=\"elementor-icon-list-item elementor-repeater-item-9093a23 elementor-inline-item\" itemprop=\"datePublished\">\n\t\t\t\t\t\t\t\t\t\t\t\t\t<span class=\"elementor-icon-list-text elementor-post-info__item elementor-post-info__item--type-date\">\n\t\t\t\t\t\t\t\t\t\t<time>Febbraio 14, 2022<\/time>\t\t\t\t\t<\/span>\n\t\t\t\t\t\t\t\t<\/li>\n\t\t\t\t<li class=\"elementor-icon-list-item elementor-repeater-item-42b6822 elementor-inline-item\" itemprop=\"about\">\n\t\t\t\t\t\t\t\t\t\t\t\t\t<span class=\"elementor-icon-list-text elementor-post-info__item elementor-post-info__item--type-terms\">\n\t\t\t\t\t\t\t\t\t\t<span class=\"elementor-post-info__terms-list\">\n\t\t\t\t<a href=\"https:\/\/www.assicoop.it\/emilianord\/categoria\/per-il-territorio\/\" class=\"elementor-post-info__terms-list-item\">Per il territorio<\/a>\t\t\t\t<\/span>\n\t\t\t\t\t<\/span>\n\t\t\t\t\t\t\t\t<\/li>\n\t\t\t\t<\/ul>\n\t\t\t\t\t\t<\/div>\n\t\t\t\t<\/div>\n\t\t\t\t\t<\/div>\n\t\t<\/div>\n\t\t\t\t<div class=\"elementor-column elementor-col-50 elementor-top-column elementor-element elementor-element-7662a813\" data-id=\"7662a813\" data-element_type=\"column\">\n\t\t\t<div class=\"elementor-widget-wrap elementor-element-populated\">\n\t\t\t\t\t\t<div class=\"elementor-element elementor-element-76b793ec elementor-hidden-tablet elementor-hidden-phone elementor-widget elementor-widget-theme-post-featured-image elementor-widget-image\" data-id=\"76b793ec\" data-element_type=\"widget\" data-widget_type=\"theme-post-featured-image.default\">\n\t\t\t\t<div class=\"elementor-widget-container\">\n\t\t\t\t\t\t\t\t\t\t\t\t\t\t\t<img fetchpriority=\"high\" decoding=\"async\" width=\"800\" height=\"600\" src=\"https:\/\/www.assicoop.it\/emilianord\/wp-content\/uploads\/2022\/02\/PER.jpg\" class=\"attachment-full size-full wp-image-1899\" alt=\"\" srcset=\"https:\/\/www.assicoop.it\/emilianord\/wp-content\/uploads\/2022\/02\/PER.jpg 800w, https:\/\/www.assicoop.it\/emilianord\/wp-content\/uploads\/2022\/02\/PER-300x225.jpg 300w, https:\/\/www.assicoop.it\/emilianord\/wp-content\/uploads\/2022\/02\/PER-768x576.jpg 768w\" sizes=\"(max-width: 800px) 100vw, 800px\" \/>\t\t\t\t\t\t\t\t\t\t\t\t\t\t\t<\/div>\n\t\t\t\t<\/div>\n\t\t\t\t\t<\/div>\n\t\t<\/div>\n\t\t\t\t\t<\/div>\n\t\t<\/section>\n\t\t\t\t<section class=\"elementor-section elementor-top-section elementor-element elementor-element-51160e9a elementor-section-full_width elementor-section-height-default elementor-section-height-default\" data-id=\"51160e9a\" data-element_type=\"section\">\n\t\t\t\t\t\t<div class=\"elementor-container elementor-column-gap-no\">\n\t\t\t\t\t<div class=\"elementor-column elementor-col-33 elementor-top-column elementor-element elementor-element-34edeec7\" data-id=\"34edeec7\" data-element_type=\"column\">\n\t\t\t<div class=\"elementor-widget-wrap\">\n\t\t\t\t\t\t\t<\/div>\n\t\t<\/div>\n\t\t\t\t<div class=\"elementor-column elementor-col-33 elementor-top-column elementor-element elementor-element-748dbbe6\" data-id=\"748dbbe6\" data-element_type=\"column\">\n\t\t\t<div class=\"elementor-widget-wrap elementor-element-populated\">\n\t\t\t\t\t\t<div class=\"elementor-element elementor-element-06b9ee0 elementor-widget elementor-widget-heading\" data-id=\"06b9ee0\" data-element_type=\"widget\" data-widget_type=\"heading.default\">\n\t\t\t\t<div class=\"elementor-widget-container\">\n\t\t\t\t\t<h4 class=\"elementor-heading-title elementor-size-default\">Tre appuntamenti imperdibili<\/h4>\t\t\t\t<\/div>\n\t\t\t\t<\/div>\n\t\t\t\t<section class=\"elementor-section elementor-inner-section elementor-element elementor-element-a9ff775 elementor-section-boxed elementor-section-height-default elementor-section-height-default\" data-id=\"a9ff775\" data-element_type=\"section\">\n\t\t\t\t\t\t<div class=\"elementor-container elementor-column-gap-default\">\n\t\t\t\t\t<div class=\"elementor-column elementor-col-100 elementor-inner-column elementor-element elementor-element-504a733\" data-id=\"504a733\" data-element_type=\"column\">\n\t\t\t<div class=\"elementor-widget-wrap elementor-element-populated\">\n\t\t\t\t\t\t<div class=\"elementor-element elementor-element-99aa01d elementor-widget elementor-widget-text-editor\" data-id=\"99aa01d\" data-element_type=\"widget\" data-widget_type=\"text-editor.default\">\n\t\t\t\t<div class=\"elementor-widget-container\">\n\t\t\t\t\t\t\t\t\t<div class=\"wpb_text_column wpb_content_element \"><div class=\"wpb_wrapper\"><p>Siamo fieri di sostenere <strong>La Toscanini<\/strong> per i <em>Concerti della Gazzetta<\/em>.<\/p><p>I prossimi appuntamenti in programma sono previsti per il <strong>27 marzo<\/strong>,\u00a0<strong>3 aprile\u00a0<\/strong>e\u00a0<strong>29 maggio 2022<\/strong>, e si svolgeranno al <strong>Teatro del Convitto Maria Luigia<\/strong> di <strong>Parma<\/strong> la <strong>domenica mattina alle ore 11.00<\/strong>.<\/p><\/div><\/div><div class=\"wpb_text_column wpb_content_element \"><div class=\"wpb_wrapper\"><div><em><strong>Il pubblico sar\u00e0 omaggiato con una copia della Gazzetta di Parma e un sacchetto di praline al cioccolato con chicco di caff\u00e8 dell\u2019azienda Lady Caf\u00e8.<\/strong><\/em><\/div><\/div><\/div>\t\t\t\t\t\t\t\t<\/div>\n\t\t\t\t<\/div>\n\t\t\t\t<div class=\"elementor-element elementor-element-2110201 elementor-widget-divider--view-line elementor-widget elementor-widget-divider\" data-id=\"2110201\" data-element_type=\"widget\" data-widget_type=\"divider.default\">\n\t\t\t\t<div class=\"elementor-widget-container\">\n\t\t\t\t\t\t\t<div class=\"elementor-divider\">\n\t\t\t<span class=\"elementor-divider-separator\">\n\t\t\t\t\t\t<\/span>\n\t\t<\/div>\n\t\t\t\t\t\t<\/div>\n\t\t\t\t<\/div>\n\t\t\t\t<div class=\"elementor-element elementor-element-b9a8331 elementor-widget elementor-widget-heading\" data-id=\"b9a8331\" data-element_type=\"widget\" data-widget_type=\"heading.default\">\n\t\t\t\t<div class=\"elementor-widget-container\">\n\t\t\t\t\t<h2 class=\"elementor-heading-title elementor-size-large\">I concerti <\/h2>\t\t\t\t<\/div>\n\t\t\t\t<\/div>\n\t\t\t\t<div class=\"elementor-element elementor-element-50d751b elementor-widget elementor-widget-spacer\" data-id=\"50d751b\" data-element_type=\"widget\" data-widget_type=\"spacer.default\">\n\t\t\t\t<div class=\"elementor-widget-container\">\n\t\t\t\t\t\t\t<div class=\"elementor-spacer\">\n\t\t\t<div class=\"elementor-spacer-inner\"><\/div>\n\t\t<\/div>\n\t\t\t\t\t\t<\/div>\n\t\t\t\t<\/div>\n\t\t\t\t\t<\/div>\n\t\t<\/div>\n\t\t\t\t\t<\/div>\n\t\t<\/section>\n\t\t\t\t<section class=\"elementor-section elementor-inner-section elementor-element elementor-element-33a5193 elementor-section-boxed elementor-section-height-default elementor-section-height-default\" data-id=\"33a5193\" data-element_type=\"section\">\n\t\t\t\t\t\t<div class=\"elementor-container elementor-column-gap-default\">\n\t\t\t\t\t<div class=\"elementor-column elementor-col-50 elementor-inner-column elementor-element elementor-element-3a8df7d\" data-id=\"3a8df7d\" data-element_type=\"column\">\n\t\t\t<div class=\"elementor-widget-wrap elementor-element-populated\">\n\t\t\t\t\t\t<div class=\"elementor-element elementor-element-4c57747 elementor-widget elementor-widget-image\" data-id=\"4c57747\" data-element_type=\"widget\" data-widget_type=\"image.default\">\n\t\t\t\t<div class=\"elementor-widget-container\">\n\t\t\t\t\t\t\t\t\t\t\t\t\t\t\t<img decoding=\"async\" width=\"800\" height=\"671\" src=\"https:\/\/www.assicoop.it\/emilianord\/wp-content\/uploads\/2022\/02\/Duo.jpg\" class=\"attachment-large size-large wp-image-2038\" alt=\"\" srcset=\"https:\/\/www.assicoop.it\/emilianord\/wp-content\/uploads\/2022\/02\/Duo.jpg 940w, https:\/\/www.assicoop.it\/emilianord\/wp-content\/uploads\/2022\/02\/Duo-300x251.jpg 300w, https:\/\/www.assicoop.it\/emilianord\/wp-content\/uploads\/2022\/02\/Duo-768x644.jpg 768w\" sizes=\"(max-width: 800px) 100vw, 800px\" \/>\t\t\t\t\t\t\t\t\t\t\t\t\t\t\t<\/div>\n\t\t\t\t<\/div>\n\t\t\t\t\t<\/div>\n\t\t<\/div>\n\t\t\t\t<div class=\"elementor-column elementor-col-50 elementor-inner-column elementor-element elementor-element-cac7ad8\" data-id=\"cac7ad8\" data-element_type=\"column\">\n\t\t\t<div class=\"elementor-widget-wrap elementor-element-populated\">\n\t\t\t\t\t\t<div class=\"elementor-element elementor-element-1199bb9 elementor-widget elementor-widget-text-editor\" data-id=\"1199bb9\" data-element_type=\"widget\" data-widget_type=\"text-editor.default\">\n\t\t\t\t<div class=\"elementor-widget-container\">\n\t\t\t\t\t\t\t\t\t<p>Il secondo appuntamento, il <strong>27 marzo<\/strong>, presenta il duo d\u2019archi formato da <strong>Mihalea Costea<\/strong>\u00a0e\u00a0<strong>Antonio Mercurio<\/strong>, rispettivamente primo violino e primo contrabbasso della Filarmonica. Costea e Mercurio proporranno un programma molto dinamico, alternando duetti a brani solistici, esaltando ognuno le caratteristiche timbriche del proprio strumento, con un finale elettrizzante dedicato ad\u00a0<strong>Astor Piazzolla<\/strong>.<\/p><p>Il violino e il contrabbasso sono della stessa famiglia ma agli antipodi per dimensioni, tessiture sonore&#8230; eppure s\u2019incontrano con piacere e sanno dare spettacolo. Sar\u00e0 cos\u00ec sicuramente domenica prossima, nell\u2019ambito de \u201cI Concerti della Gazzetta\u201d in cui \u00e8 protagonista il duo Micaela Costea e Antonio Mercurio rispettivamente spalla e primo contrabbasso della Filarmonica Toscanini impegnati in un programma denso, di tanti autori differenti dal barocco ai nostri giorni.\u00a0<\/p>\t\t\t\t\t\t\t\t<\/div>\n\t\t\t\t<\/div>\n\t\t\t\t\t<\/div>\n\t\t<\/div>\n\t\t\t\t\t<\/div>\n\t\t<\/section>\n\t\t\t\t<div class=\"elementor-element elementor-element-5d2faad elementor-widget elementor-widget-text-editor\" data-id=\"5d2faad\" data-element_type=\"widget\" data-widget_type=\"text-editor.default\">\n\t\t\t\t<div class=\"elementor-widget-container\">\n\t\t\t\t\t\t\t\t\t<p>Il programma, infatti, parte da Telemann e arriva ai nostri giorni, in quanto Vito Mercurio \u00e8 il padre del contrabbassista che oltre ad essere un violinista di fama \u00e8 anche un compositore: del primo eseguono un\u2019incantevole <em>Sonata a canone<\/em>\u00a0e del secondo\u00a0<em>Elegia Il canto dell\u2019anima<\/em>, musica appassionata fortemente incentrata sul canto. I musicisti suonano anche singolarmente: Motivy di Emil Tabakov il contrabbasso e di Kreisler\u00a0<em>Recitativo e Scherzo op. 6<\/em>\u00a0il violino, per poi ritornare in duo per i quattro deliziosi\u00a0<em>Duetti\u00a0<\/em>di Gli\u00e8re\u00a0una sintesi tra tradizione russa e raffinato impressionistico. Chiudono i\u00a0<em>Cinque tanghi<\/em>\u00a0di Piazzolla: musica sempre potente ed espressiva, a volte struggente come il celebre Adi\u00f3s Noni\u00f1o che chiude il concerto.<\/p>\t\t\t\t\t\t\t\t<\/div>\n\t\t\t\t<\/div>\n\t\t\t\t<section class=\"elementor-section elementor-inner-section elementor-element elementor-element-02ceff3 elementor-section-boxed elementor-section-height-default elementor-section-height-default\" data-id=\"02ceff3\" data-element_type=\"section\">\n\t\t\t\t\t\t<div class=\"elementor-container elementor-column-gap-default\">\n\t\t\t\t\t<div class=\"elementor-column elementor-col-50 elementor-inner-column elementor-element elementor-element-ae1775e\" data-id=\"ae1775e\" data-element_type=\"column\">\n\t\t\t<div class=\"elementor-widget-wrap elementor-element-populated\">\n\t\t\t\t\t\t<div class=\"elementor-element elementor-element-b5a28f0 elementor-widget elementor-widget-text-editor\" data-id=\"b5a28f0\" data-element_type=\"widget\" data-widget_type=\"text-editor.default\">\n\t\t\t\t<div class=\"elementor-widget-container\">\n\t\t\t\t\t\t\t\t\t<p>Il terzo appuntamento, il <strong>3 aprile<\/strong>, \u00e8 dedicato alla formazione principe della musica da camera, ovvero il Quartetto d\u2019Archi. Sul palcoscenico, il quartetto d\u2019archi <strong>I Concertini della Filarmonica<\/strong>\u00a0con un programma che spazier\u00e0 dal secondo Settecento al Novecento proponendo il delizioso\u00a0<em>Quartetto<\/em>\u00a0di\u00a0<strong>Giovanni Battista Viotti<\/strong>\u00a0e il grande secondo quartetto di\u00a0<strong>Aleksandr Borodin<\/strong>, comprendente il celebre\u00a0<em>Notturno<\/em>. A met\u00e0 programma spicca la bellissima\u00a0<em>Oracion del Torero<\/em>\u00a0di\u00a0<strong>Joaquin Turina<\/strong>. La preghiera del torero, scritta nel 1925, \u00e8 stata ispirata dalla visione di un torero che prega in una cappella vicino all&#8217;arena prima di andare a combattere.<\/p><p>Un musicista italiano, uno spagnolo e un russo compongono un programma raffinato quanto ricco di atmosfere seducenti e soprattutto di colori. Lo presenta il Quartetto d\u2019archi \u201cI Concertini\u201d della Filarmonica Arturo Toscanini formato da Caterina Demetz, Valentina Violante violini, Carmen Condur viola e Vincenzo Fossanova violoncello\u00a0nella rassegna \u201cI Concerti della Gazzetta\u201d.\u00a0 L\u2019italiano \u00e8 Giovanni Battista Viotti un nome a torto, pi\u00f9 presente nei manuali di storia della musica che nelle sale da concerto. <\/p>\t\t\t\t\t\t\t\t<\/div>\n\t\t\t\t<\/div>\n\t\t\t\t\t<\/div>\n\t\t<\/div>\n\t\t\t\t<div class=\"elementor-column elementor-col-50 elementor-inner-column elementor-element elementor-element-099b6aa\" data-id=\"099b6aa\" data-element_type=\"column\">\n\t\t\t<div class=\"elementor-widget-wrap elementor-element-populated\">\n\t\t\t\t\t\t<div class=\"elementor-element elementor-element-f670fcb elementor-widget elementor-widget-image\" data-id=\"f670fcb\" data-element_type=\"widget\" data-widget_type=\"image.default\">\n\t\t\t\t<div class=\"elementor-widget-container\">\n\t\t\t\t\t\t\t\t\t\t\t\t\t\t\t<img decoding=\"async\" width=\"800\" height=\"671\" src=\"https:\/\/www.assicoop.it\/emilianord\/wp-content\/uploads\/2022\/02\/Quartetto.jpg\" class=\"attachment-large size-large wp-image-2039\" alt=\"\" srcset=\"https:\/\/www.assicoop.it\/emilianord\/wp-content\/uploads\/2022\/02\/Quartetto.jpg 940w, https:\/\/www.assicoop.it\/emilianord\/wp-content\/uploads\/2022\/02\/Quartetto-300x251.jpg 300w, https:\/\/www.assicoop.it\/emilianord\/wp-content\/uploads\/2022\/02\/Quartetto-768x644.jpg 768w\" sizes=\"(max-width: 800px) 100vw, 800px\" \/>\t\t\t\t\t\t\t\t\t\t\t\t\t\t\t<\/div>\n\t\t\t\t<\/div>\n\t\t\t\t\t<\/div>\n\t\t<\/div>\n\t\t\t\t\t<\/div>\n\t\t<\/section>\n\t\t\t\t<div class=\"elementor-element elementor-element-29d53e7 elementor-widget elementor-widget-text-editor\" data-id=\"29d53e7\" data-element_type=\"widget\" data-widget_type=\"text-editor.default\">\n\t\t\t\t<div class=\"elementor-widget-container\">\n\t\t\t\t\t\t\t\t\t<p>Del compositore piemontese che con le sue abilit\u00e0 era in grado di soggiogare all\u2019epoca (fine Settecento) le platee di tutta Europa verr\u00e0 eseguito il Quartetto in mi maggiore op.3, composizione percorsa da una solida cantabilit\u00e0 che sgorga semplice e naturale. Con lo spagnolo Joaquin Turina e la sua Oraci\u00f3n del torero op.34 si arriva agli anni Venti del \u2018900. Il brano parte da una precisa riflessione legata al fatto che i toreri, prima di affrontare la corrida, si recano a pregare in chiesa. La contrapposizione fra l\u2019intimit\u00e0 devozionale di chi si rivolge a Dio implorandolo di proteggere la propria vita e il tumulto festoso del pubblico, fornisce al compositore l\u2019ispirazione per un soggetto musicale espressivo ed energico: infatti l\u2019Oraci\u00f3n alterna episodi meditativi a momenti di propulsione ritmica. Il concerto si conclude con una composizione molto nota e amata del repertorio cameristico qual \u00e8 il Quartetto n.2 di Borodin (1882), di cui si apprezza il bellissimo Notturno (III movimento) -pagina pervasa da una densit\u00e0 timbrica straordinaria &#8211; tanto che spesso viene eseguito da solo. \u00c8 preceduta da uno Scherzo vivace e prima da un Allegro Moderato dalle delicate sfumature, mentre il Finale si caratterizza per un irresistibile slancio vitalistico.<\/p>\t\t\t\t\t\t\t\t<\/div>\n\t\t\t\t<\/div>\n\t\t\t\t<section class=\"elementor-section elementor-inner-section elementor-element elementor-element-c7979ca elementor-section-boxed elementor-section-height-default elementor-section-height-default\" data-id=\"c7979ca\" data-element_type=\"section\">\n\t\t\t\t\t\t<div class=\"elementor-container elementor-column-gap-default\">\n\t\t\t\t\t<div class=\"elementor-column elementor-col-50 elementor-inner-column elementor-element elementor-element-8912c30\" data-id=\"8912c30\" data-element_type=\"column\">\n\t\t\t<div class=\"elementor-widget-wrap elementor-element-populated\">\n\t\t\t\t\t\t<div class=\"elementor-element elementor-element-b6a4e23 elementor-widget elementor-widget-image\" data-id=\"b6a4e23\" data-element_type=\"widget\" data-widget_type=\"image.default\">\n\t\t\t\t<div class=\"elementor-widget-container\">\n\t\t\t\t\t\t\t\t\t\t\t\t\t\t\t<img loading=\"lazy\" decoding=\"async\" width=\"800\" height=\"671\" src=\"https:\/\/www.assicoop.it\/emilianord\/wp-content\/uploads\/2022\/02\/La-Toscanini-ENORD.png\" class=\"attachment-large size-large wp-image-2041\" alt=\"\" srcset=\"https:\/\/www.assicoop.it\/emilianord\/wp-content\/uploads\/2022\/02\/La-Toscanini-ENORD.png 940w, https:\/\/www.assicoop.it\/emilianord\/wp-content\/uploads\/2022\/02\/La-Toscanini-ENORD-300x251.png 300w, https:\/\/www.assicoop.it\/emilianord\/wp-content\/uploads\/2022\/02\/La-Toscanini-ENORD-768x644.png 768w\" sizes=\"(max-width: 800px) 100vw, 800px\" \/>\t\t\t\t\t\t\t\t\t\t\t\t\t\t\t<\/div>\n\t\t\t\t<\/div>\n\t\t\t\t\t<\/div>\n\t\t<\/div>\n\t\t\t\t<div class=\"elementor-column elementor-col-50 elementor-inner-column elementor-element elementor-element-8d63b78\" data-id=\"8d63b78\" data-element_type=\"column\">\n\t\t\t<div class=\"elementor-widget-wrap elementor-element-populated\">\n\t\t\t\t\t\t<div class=\"elementor-element elementor-element-49d3a65 elementor-widget elementor-widget-text-editor\" data-id=\"49d3a65\" data-element_type=\"widget\" data-widget_type=\"text-editor.default\">\n\t\t\t\t<div class=\"elementor-widget-container\">\n\t\t\t\t\t\t\t\t\t<p>L&#8217;appuntamento conclusivo si terr\u00e0 il <strong>29 maggio<\/strong>\u00a0con il\u00a0<strong>Trio d\u2019Ance La Toscanini<\/strong>\u00a0formato da\u00a0<strong>Gian Piero Fortini<\/strong>,\u00a0<strong>Daniele Tutti<\/strong>,\u00a0<strong>Davide Fumagalli<\/strong>\u00a0rispettivamente primo oboe, primo clarinetto e primo fagotto, ovvero gli strumento ad ancia della Filarmonica. Il programma propone autori differenti quali\u00a0<strong>Mozart<\/strong>,\u00a0<strong>Varess<\/strong>\u00a0e\u00a0<strong>Ibert<\/strong>\u00a0inframmezzati da due contrappunti trascritti da\u00a0<strong>Davide Fumagalli<\/strong>\u00a0dalla celebre\u00a0<em>Arte della fuga<\/em>\u00a0di\u00a0<strong>Johann Sebastian Bach<\/strong>.\u00a0\u00a0<\/p>\t\t\t\t\t\t\t\t<\/div>\n\t\t\t\t<\/div>\n\t\t\t\t\t<\/div>\n\t\t<\/div>\n\t\t\t\t\t<\/div>\n\t\t<\/section>\n\t\t\t\t<section class=\"elementor-section elementor-inner-section elementor-element elementor-element-7d81ff7 elementor-section-boxed elementor-section-height-default elementor-section-height-default\" data-id=\"7d81ff7\" data-element_type=\"section\">\n\t\t\t\t\t\t<div class=\"elementor-container elementor-column-gap-default\">\n\t\t\t\t\t<div class=\"elementor-column elementor-col-100 elementor-inner-column elementor-element elementor-element-4f50060\" data-id=\"4f50060\" data-element_type=\"column\">\n\t\t\t<div class=\"elementor-widget-wrap elementor-element-populated\">\n\t\t\t\t\t\t<div class=\"elementor-element elementor-element-91a53c3 elementor-widget elementor-widget-button\" data-id=\"91a53c3\" data-element_type=\"widget\" data-widget_type=\"button.default\">\n\t\t\t\t<div class=\"elementor-widget-container\">\n\t\t\t\t\t\t\t\t\t<div class=\"elementor-button-wrapper\">\n\t\t\t\t\t<a class=\"elementor-button elementor-button-link elementor-size-sm\" href=\"http:\/\/www.fondazionetoscanini.it\/it\/i-concerti-della-gazzetta-2022\/\" target=\"_blank\">\n\t\t\t\t\t\t<span class=\"elementor-button-content-wrapper\">\n\t\t\t\t\t\t\t\t\t<span class=\"elementor-button-text\">SCOPRI TUTTI GLI APPUNTAMENTI E COME PRENOTARE<\/span>\n\t\t\t\t\t<\/span>\n\t\t\t\t\t<\/a>\n\t\t\t\t<\/div>\n\t\t\t\t\t\t\t\t<\/div>\n\t\t\t\t<\/div>\n\t\t\t\t\t<\/div>\n\t\t<\/div>\n\t\t\t\t\t<\/div>\n\t\t<\/section>\n\t\t\t\t\t<\/div>\n\t\t<\/div>\n\t\t\t\t<div class=\"elementor-column elementor-col-33 elementor-top-column elementor-element elementor-element-63b544a0\" data-id=\"63b544a0\" data-element_type=\"column\">\n\t\t\t<div class=\"elementor-widget-wrap elementor-element-populated\">\n\t\t\t\t\t\t<div class=\"elementor-element elementor-element-3c9b22b6 animated-slow elementor-invisible elementor-widget elementor-widget-spacer\" data-id=\"3c9b22b6\" data-element_type=\"widget\" data-settings=\"{&quot;_animation&quot;:&quot;fadeInRight&quot;}\" data-widget_type=\"spacer.default\">\n\t\t\t\t<div class=\"elementor-widget-container\">\n\t\t\t\t\t\t\t<div class=\"elementor-spacer\">\n\t\t\t<div class=\"elementor-spacer-inner\"><\/div>\n\t\t<\/div>\n\t\t\t\t\t\t<\/div>\n\t\t\t\t<\/div>\n\t\t\t\t\t<\/div>\n\t\t<\/div>\n\t\t\t\t\t<\/div>\n\t\t<\/section>\n\t\t\t\t<section class=\"elementor-section elementor-top-section elementor-element elementor-element-7d0af84b elementor-section-boxed elementor-section-height-default elementor-section-height-default\" data-id=\"7d0af84b\" data-element_type=\"section\">\n\t\t\t\t\t\t<div class=\"elementor-container elementor-column-gap-default\">\n\t\t\t\t\t<div class=\"elementor-column elementor-col-100 elementor-top-column elementor-element elementor-element-69f1a33b\" data-id=\"69f1a33b\" data-element_type=\"column\">\n\t\t\t<div class=\"elementor-widget-wrap elementor-element-populated\">\n\t\t\t\t\t\t<div class=\"elementor-element elementor-element-2be4150a elementor-share-buttons--view-icon elementor-share-buttons--skin-gradient elementor-share-buttons--shape-square elementor-grid-0 elementor-share-buttons--color-official elementor-widget elementor-widget-share-buttons\" data-id=\"2be4150a\" data-element_type=\"widget\" data-widget_type=\"share-buttons.default\">\n\t\t\t\t<div class=\"elementor-widget-container\">\n\t\t\t\t\t\t\t<div class=\"elementor-grid\">\n\t\t\t\t\t\t\t\t<div class=\"elementor-grid-item\">\n\t\t\t\t\t\t<div\n\t\t\t\t\t\t\tclass=\"elementor-share-btn elementor-share-btn_facebook\"\n\t\t\t\t\t\t\trole=\"button\"\n\t\t\t\t\t\t\ttabindex=\"0\"\n\t\t\t\t\t\t\taria-label=\"Condividi su facebook\"\n\t\t\t\t\t\t>\n\t\t\t\t\t\t\t\t\t\t\t\t\t\t\t<span class=\"elementor-share-btn__icon\">\n\t\t\t\t\t\t\t\t<i class=\"fab fa-facebook\" aria-hidden=\"true\"><\/i>\t\t\t\t\t\t\t<\/span>\n\t\t\t\t\t\t\t\t\t\t\t\t\t\t\t\t\t\t\t\t<\/div>\n\t\t\t\t\t<\/div>\n\t\t\t\t\t\t\t\t\t<div class=\"elementor-grid-item\">\n\t\t\t\t\t\t<div\n\t\t\t\t\t\t\tclass=\"elementor-share-btn elementor-share-btn_twitter\"\n\t\t\t\t\t\t\trole=\"button\"\n\t\t\t\t\t\t\ttabindex=\"0\"\n\t\t\t\t\t\t\taria-label=\"Condividi su twitter\"\n\t\t\t\t\t\t>\n\t\t\t\t\t\t\t\t\t\t\t\t\t\t\t<span class=\"elementor-share-btn__icon\">\n\t\t\t\t\t\t\t\t<i class=\"fab fa-twitter\" aria-hidden=\"true\"><\/i>\t\t\t\t\t\t\t<\/span>\n\t\t\t\t\t\t\t\t\t\t\t\t\t\t\t\t\t\t\t\t<\/div>\n\t\t\t\t\t<\/div>\n\t\t\t\t\t\t\t\t\t<div class=\"elementor-grid-item\">\n\t\t\t\t\t\t<div\n\t\t\t\t\t\t\tclass=\"elementor-share-btn elementor-share-btn_linkedin\"\n\t\t\t\t\t\t\trole=\"button\"\n\t\t\t\t\t\t\ttabindex=\"0\"\n\t\t\t\t\t\t\taria-label=\"Condividi su linkedin\"\n\t\t\t\t\t\t>\n\t\t\t\t\t\t\t\t\t\t\t\t\t\t\t<span class=\"elementor-share-btn__icon\">\n\t\t\t\t\t\t\t\t<i class=\"fab fa-linkedin\" aria-hidden=\"true\"><\/i>\t\t\t\t\t\t\t<\/span>\n\t\t\t\t\t\t\t\t\t\t\t\t\t\t\t\t\t\t\t\t<\/div>\n\t\t\t\t\t<\/div>\n\t\t\t\t\t\t<\/div>\n\t\t\t\t\t\t<\/div>\n\t\t\t\t<\/div>\n\t\t\t\t<div class=\"elementor-element elementor-element-6bc985a5 elementor-widget elementor-widget-post-navigation\" data-id=\"6bc985a5\" data-element_type=\"widget\" data-widget_type=\"post-navigation.default\">\n\t\t\t\t<div class=\"elementor-widget-container\">\n\t\t\t\t\t\t\t<div class=\"elementor-post-navigation\">\n\t\t\t<div class=\"elementor-post-navigation__prev elementor-post-navigation__link\">\n\t\t\t\t<a href=\"https:\/\/www.assicoop.it\/emilianord\/scia-in-tranquillita-senza-pensieri\/\" rel=\"prev\"><span class=\"post-navigation__arrow-wrapper post-navigation__arrow-prev\"><i class=\"fa fa-chevron-left\" aria-hidden=\"true\"><\/i><span class=\"elementor-screen-only\">Precedente<\/span><\/span><span class=\"elementor-post-navigation__link__prev\"><span class=\"post-navigation__prev--label\">Precedente<\/span><\/span><\/a>\t\t\t<\/div>\n\t\t\t\t\t\t<div class=\"elementor-post-navigation__next elementor-post-navigation__link\">\n\t\t\t\t<a href=\"https:\/\/www.assicoop.it\/emilianord\/evento-di-presentazione-prodotti-per-la-prevenzione-e-la-salute\/\" rel=\"next\"><span class=\"elementor-post-navigation__link__next\"><span class=\"post-navigation__next--label\">Successivo<\/span><\/span><span class=\"post-navigation__arrow-wrapper post-navigation__arrow-next\"><i class=\"fa fa-chevron-right\" aria-hidden=\"true\"><\/i><span class=\"elementor-screen-only\">Successivo<\/span><\/span><\/a>\t\t\t<\/div>\n\t\t<\/div>\n\t\t\t\t\t\t<\/div>\n\t\t\t\t<\/div>\n\t\t\t\t\t<\/div>\n\t\t<\/div>\n\t\t\t\t\t<\/div>\n\t\t<\/section>\n\t\t\t\t<\/div>\n\t\t","protected":false},"excerpt":{"rendered":"<p>Assicoop Emilia Nord sponsorizza i Concerti della Gazzetta di La Toscanini<\/p>\n","protected":false},"author":9,"featured_media":1899,"comment_status":"closed","ping_status":"open","sticky":false,"template":"elementor_header_footer","format":"standard","meta":{"footnotes":""},"categories":[6],"tags":[],"yoast_head":"<!-- This site is optimized with the Yoast SEO plugin v22.1 - https:\/\/yoast.com\/wordpress\/plugins\/seo\/ -->\n<title>Assicoop Emilia Nord sponsor dei Concerti della Gazzetta de La Toscanini<\/title>\n<meta name=\"description\" content=\"Assicoop Emilia Nord sponsorizza i concerti della gazzetta Assicoop Emilia Nord\" \/>\n<meta name=\"robots\" content=\"index, follow, max-snippet:-1, max-image-preview:large, max-video-preview:-1\" \/>\n<link rel=\"canonical\" href=\"https:\/\/www.assicoop.it\/emilianord\/assicoop-emilia-nord-sponsor-dei-concerti-della-gazzetta-de-la-toscanini\/\" \/>\n<meta property=\"og:locale\" content=\"it_IT\" \/>\n<meta property=\"og:type\" content=\"article\" \/>\n<meta property=\"og:title\" content=\"Assicoop Emilia Nord sponsor dei Concerti della Gazzetta de La Toscanini\" \/>\n<meta property=\"og:description\" content=\"Assicoop Emilia Nord sponsorizza i concerti della gazzetta Assicoop Emilia Nord\" \/>\n<meta property=\"og:url\" content=\"https:\/\/www.assicoop.it\/emilianord\/assicoop-emilia-nord-sponsor-dei-concerti-della-gazzetta-de-la-toscanini\/\" \/>\n<meta property=\"og:site_name\" content=\"Assicoop Emilia Nord\" \/>\n<meta property=\"article:published_time\" content=\"2022-02-14T09:34:14+00:00\" \/>\n<meta property=\"article:modified_time\" content=\"2023-11-07T11:22:26+00:00\" \/>\n<meta property=\"og:image\" content=\"https:\/\/www.assicoop.it\/emilianord\/wp-content\/uploads\/2022\/02\/PER.jpg\" \/>\n\t<meta property=\"og:image:width\" content=\"800\" \/>\n\t<meta property=\"og:image:height\" content=\"600\" \/>\n\t<meta property=\"og:image:type\" content=\"image\/jpeg\" \/>\n<meta name=\"author\" content=\"admin\" \/>\n<meta name=\"twitter:card\" content=\"summary_large_image\" \/>\n<meta name=\"twitter:label1\" content=\"Scritto da\" \/>\n\t<meta name=\"twitter:data1\" content=\"admin\" \/>\n\t<meta name=\"twitter:label2\" content=\"Tempo di lettura stimato\" \/>\n\t<meta name=\"twitter:data2\" content=\"5 minuti\" \/>\n<script type=\"application\/ld+json\" class=\"yoast-schema-graph\">{\"@context\":\"https:\/\/schema.org\",\"@graph\":[{\"@type\":\"WebPage\",\"@id\":\"https:\/\/www.assicoop.it\/emilianord\/assicoop-emilia-nord-sponsor-dei-concerti-della-gazzetta-de-la-toscanini\/\",\"url\":\"https:\/\/www.assicoop.it\/emilianord\/assicoop-emilia-nord-sponsor-dei-concerti-della-gazzetta-de-la-toscanini\/\",\"name\":\"Assicoop Emilia Nord sponsor dei Concerti della Gazzetta de La Toscanini\",\"isPartOf\":{\"@id\":\"https:\/\/www.assicoop.it\/emilianord\/#website\"},\"datePublished\":\"2022-02-14T09:34:14+00:00\",\"dateModified\":\"2023-11-07T11:22:26+00:00\",\"author\":{\"@id\":\"https:\/\/www.assicoop.it\/emilianord\/#\/schema\/person\/05df95978acfa448da9dc78c9b833b31\"},\"description\":\"Assicoop Emilia Nord sponsorizza i concerti della gazzetta Assicoop Emilia Nord\",\"breadcrumb\":{\"@id\":\"https:\/\/www.assicoop.it\/emilianord\/assicoop-emilia-nord-sponsor-dei-concerti-della-gazzetta-de-la-toscanini\/#breadcrumb\"},\"inLanguage\":\"it-IT\",\"potentialAction\":[{\"@type\":\"ReadAction\",\"target\":[\"https:\/\/www.assicoop.it\/emilianord\/assicoop-emilia-nord-sponsor-dei-concerti-della-gazzetta-de-la-toscanini\/\"]}]},{\"@type\":\"BreadcrumbList\",\"@id\":\"https:\/\/www.assicoop.it\/emilianord\/assicoop-emilia-nord-sponsor-dei-concerti-della-gazzetta-de-la-toscanini\/#breadcrumb\",\"itemListElement\":[{\"@type\":\"ListItem\",\"position\":1,\"name\":\"Home\",\"item\":\"https:\/\/www.assicoop.it\/emilianord\/\"},{\"@type\":\"ListItem\",\"position\":2,\"name\":\"Assicoop Emilia Nord sponsor dei Concerti della Gazzetta de La Toscanini\"}]},{\"@type\":\"WebSite\",\"@id\":\"https:\/\/www.assicoop.it\/emilianord\/#website\",\"url\":\"https:\/\/www.assicoop.it\/emilianord\/\",\"name\":\"Assicoop Emilia Nord\",\"description\":\"Vicina. Sicura. Tua.\",\"potentialAction\":[{\"@type\":\"SearchAction\",\"target\":{\"@type\":\"EntryPoint\",\"urlTemplate\":\"https:\/\/www.assicoop.it\/emilianord\/?s={search_term_string}\"},\"query-input\":\"required name=search_term_string\"}],\"inLanguage\":\"it-IT\"},{\"@type\":\"Person\",\"@id\":\"https:\/\/www.assicoop.it\/emilianord\/#\/schema\/person\/05df95978acfa448da9dc78c9b833b31\",\"name\":\"admin\",\"image\":{\"@type\":\"ImageObject\",\"inLanguage\":\"it-IT\",\"@id\":\"https:\/\/www.assicoop.it\/emilianord\/#\/schema\/person\/image\/\",\"url\":\"https:\/\/secure.gravatar.com\/avatar\/5767e7a1ee4373b71c91822a1d11154f?s=96&d=mm&r=g\",\"contentUrl\":\"https:\/\/secure.gravatar.com\/avatar\/5767e7a1ee4373b71c91822a1d11154f?s=96&d=mm&r=g\",\"caption\":\"admin\"},\"url\":\"https:\/\/www.assicoop.it\/emilianord\/author\/edb6250cc9baedd1\/\"}]}<\/script>\n<!-- \/ Yoast SEO plugin. -->","yoast_head_json":{"title":"Assicoop Emilia Nord sponsor dei Concerti della Gazzetta de La Toscanini","description":"Assicoop Emilia Nord sponsorizza i concerti della gazzetta Assicoop Emilia Nord","robots":{"index":"index","follow":"follow","max-snippet":"max-snippet:-1","max-image-preview":"max-image-preview:large","max-video-preview":"max-video-preview:-1"},"canonical":"https:\/\/www.assicoop.it\/emilianord\/assicoop-emilia-nord-sponsor-dei-concerti-della-gazzetta-de-la-toscanini\/","og_locale":"it_IT","og_type":"article","og_title":"Assicoop Emilia Nord sponsor dei Concerti della Gazzetta de La Toscanini","og_description":"Assicoop Emilia Nord sponsorizza i concerti della gazzetta Assicoop Emilia Nord","og_url":"https:\/\/www.assicoop.it\/emilianord\/assicoop-emilia-nord-sponsor-dei-concerti-della-gazzetta-de-la-toscanini\/","og_site_name":"Assicoop Emilia Nord","article_published_time":"2022-02-14T09:34:14+00:00","article_modified_time":"2023-11-07T11:22:26+00:00","og_image":[{"width":800,"height":600,"url":"https:\/\/www.assicoop.it\/emilianord\/wp-content\/uploads\/2022\/02\/PER.jpg","type":"image\/jpeg"}],"author":"admin","twitter_card":"summary_large_image","twitter_misc":{"Scritto da":"admin","Tempo di lettura stimato":"5 minuti"},"schema":{"@context":"https:\/\/schema.org","@graph":[{"@type":"WebPage","@id":"https:\/\/www.assicoop.it\/emilianord\/assicoop-emilia-nord-sponsor-dei-concerti-della-gazzetta-de-la-toscanini\/","url":"https:\/\/www.assicoop.it\/emilianord\/assicoop-emilia-nord-sponsor-dei-concerti-della-gazzetta-de-la-toscanini\/","name":"Assicoop Emilia Nord sponsor dei Concerti della Gazzetta de La Toscanini","isPartOf":{"@id":"https:\/\/www.assicoop.it\/emilianord\/#website"},"datePublished":"2022-02-14T09:34:14+00:00","dateModified":"2023-11-07T11:22:26+00:00","author":{"@id":"https:\/\/www.assicoop.it\/emilianord\/#\/schema\/person\/05df95978acfa448da9dc78c9b833b31"},"description":"Assicoop Emilia Nord sponsorizza i concerti della gazzetta Assicoop Emilia Nord","breadcrumb":{"@id":"https:\/\/www.assicoop.it\/emilianord\/assicoop-emilia-nord-sponsor-dei-concerti-della-gazzetta-de-la-toscanini\/#breadcrumb"},"inLanguage":"it-IT","potentialAction":[{"@type":"ReadAction","target":["https:\/\/www.assicoop.it\/emilianord\/assicoop-emilia-nord-sponsor-dei-concerti-della-gazzetta-de-la-toscanini\/"]}]},{"@type":"BreadcrumbList","@id":"https:\/\/www.assicoop.it\/emilianord\/assicoop-emilia-nord-sponsor-dei-concerti-della-gazzetta-de-la-toscanini\/#breadcrumb","itemListElement":[{"@type":"ListItem","position":1,"name":"Home","item":"https:\/\/www.assicoop.it\/emilianord\/"},{"@type":"ListItem","position":2,"name":"Assicoop Emilia Nord sponsor dei Concerti della Gazzetta de La Toscanini"}]},{"@type":"WebSite","@id":"https:\/\/www.assicoop.it\/emilianord\/#website","url":"https:\/\/www.assicoop.it\/emilianord\/","name":"Assicoop Emilia Nord","description":"Vicina. Sicura. Tua.","potentialAction":[{"@type":"SearchAction","target":{"@type":"EntryPoint","urlTemplate":"https:\/\/www.assicoop.it\/emilianord\/?s={search_term_string}"},"query-input":"required name=search_term_string"}],"inLanguage":"it-IT"},{"@type":"Person","@id":"https:\/\/www.assicoop.it\/emilianord\/#\/schema\/person\/05df95978acfa448da9dc78c9b833b31","name":"admin","image":{"@type":"ImageObject","inLanguage":"it-IT","@id":"https:\/\/www.assicoop.it\/emilianord\/#\/schema\/person\/image\/","url":"https:\/\/secure.gravatar.com\/avatar\/5767e7a1ee4373b71c91822a1d11154f?s=96&d=mm&r=g","contentUrl":"https:\/\/secure.gravatar.com\/avatar\/5767e7a1ee4373b71c91822a1d11154f?s=96&d=mm&r=g","caption":"admin"},"url":"https:\/\/www.assicoop.it\/emilianord\/author\/edb6250cc9baedd1\/"}]}},"_links":{"self":[{"href":"https:\/\/www.assicoop.it\/emilianord\/wp-json\/wp\/v2\/posts\/1896"}],"collection":[{"href":"https:\/\/www.assicoop.it\/emilianord\/wp-json\/wp\/v2\/posts"}],"about":[{"href":"https:\/\/www.assicoop.it\/emilianord\/wp-json\/wp\/v2\/types\/post"}],"author":[{"embeddable":true,"href":"https:\/\/www.assicoop.it\/emilianord\/wp-json\/wp\/v2\/users\/9"}],"replies":[{"embeddable":true,"href":"https:\/\/www.assicoop.it\/emilianord\/wp-json\/wp\/v2\/comments?post=1896"}],"version-history":[{"count":20,"href":"https:\/\/www.assicoop.it\/emilianord\/wp-json\/wp\/v2\/posts\/1896\/revisions"}],"predecessor-version":[{"id":2058,"href":"https:\/\/www.assicoop.it\/emilianord\/wp-json\/wp\/v2\/posts\/1896\/revisions\/2058"}],"wp:featuredmedia":[{"embeddable":true,"href":"https:\/\/www.assicoop.it\/emilianord\/wp-json\/wp\/v2\/media\/1899"}],"wp:attachment":[{"href":"https:\/\/www.assicoop.it\/emilianord\/wp-json\/wp\/v2\/media?parent=1896"}],"wp:term":[{"taxonomy":"category","embeddable":true,"href":"https:\/\/www.assicoop.it\/emilianord\/wp-json\/wp\/v2\/categories?post=1896"},{"taxonomy":"post_tag","embeddable":true,"href":"https:\/\/www.assicoop.it\/emilianord\/wp-json\/wp\/v2\/tags?post=1896"}],"curies":[{"name":"wp","href":"https:\/\/api.w.org\/{rel}","templated":true}]}}