{"id":6254,"date":"2025-07-04T10:30:49","date_gmt":"2025-07-04T08:30:49","guid":{"rendered":"https:\/\/www.assicoop.it\/bologna-metropolitana\/?p=6254"},"modified":"2025-07-04T11:19:31","modified_gmt":"2025-07-04T09:19:31","slug":"assicoop-presenta-il-bilancio-di-sostenibilita-2023-un-impegno-concreto-per-territorio-e-persone","status":"publish","type":"post","link":"https:\/\/www.assicoop.it\/bologna-metropolitana\/assicoop-presenta-il-bilancio-di-sostenibilita-2023-un-impegno-concreto-per-territorio-e-persone\/","title":{"rendered":"Assicoop presenta il Bilancio di Sostenibilit\u00e0 2023: un impegno concreto per territorio e persone"},"content":{"rendered":"\t\t<div data-elementor-type=\"wp-post\" data-elementor-id=\"6254\" class=\"elementor elementor-6254\" data-elementor-post-type=\"post\">\n\t\t\t\t\t\t<section class=\"elementor-section elementor-top-section elementor-element elementor-element-52366d91 elementor-section-full_width elementor-section-height-min-height elementor-section-items-stretch elementor-section-content-bottom elementor-section-height-default\" data-id=\"52366d91\" data-element_type=\"section\">\n\t\t\t\t\t\t<div class=\"elementor-container elementor-column-gap-no\">\n\t\t\t\t\t<div class=\"elementor-column elementor-col-50 elementor-top-column elementor-element elementor-element-6c02e537\" data-id=\"6c02e537\" data-element_type=\"column\" data-settings=\"{&quot;background_background&quot;:&quot;classic&quot;}\">\n\t\t\t<div class=\"elementor-widget-wrap elementor-element-populated\">\n\t\t\t\t\t\t<div class=\"elementor-element elementor-element-790b10b3 elementor-widget elementor-widget-theme-post-title elementor-page-title elementor-widget-heading\" data-id=\"790b10b3\" data-element_type=\"widget\" data-widget_type=\"theme-post-title.default\">\n\t\t\t\t<div class=\"elementor-widget-container\">\n\t\t\t\t\t<h1 class=\"elementor-heading-title elementor-size-default\">Assicoop presenta il Bilancio di Sostenibilit\u00e0 2023: un impegno concreto per territorio e persone<\/h1>\t\t\t\t<\/div>\n\t\t\t\t<\/div>\n\t\t\t\t<div class=\"elementor-element elementor-element-71c9fa27 elementor-widget elementor-widget-post-info\" data-id=\"71c9fa27\" data-element_type=\"widget\" data-widget_type=\"post-info.default\">\n\t\t\t\t<div class=\"elementor-widget-container\">\n\t\t\t\t\t\t\t<ul class=\"elementor-inline-items elementor-icon-list-items elementor-post-info\">\n\t\t\t\t\t\t\t\t<li class=\"elementor-icon-list-item elementor-repeater-item-9093a23 elementor-inline-item\" itemprop=\"datePublished\">\n\t\t\t\t\t\t\t\t\t\t\t\t\t<span class=\"elementor-icon-list-text elementor-post-info__item elementor-post-info__item--type-date\">\n\t\t\t\t\t\t\t\t\t\t<time>Luglio 4, 2025<\/time>\t\t\t\t\t<\/span>\n\t\t\t\t\t\t\t\t<\/li>\n\t\t\t\t<li class=\"elementor-icon-list-item elementor-repeater-item-42b6822 elementor-inline-item\" itemprop=\"about\">\n\t\t\t\t\t\t\t\t\t\t\t\t\t<span class=\"elementor-icon-list-text elementor-post-info__item elementor-post-info__item--type-terms\">\n\t\t\t\t\t\t\t\t\t\t<span class=\"elementor-post-info__terms-list\">\n\t\t\t\t<a href=\"https:\/\/www.assicoop.it\/bologna-metropolitana\/categoria\/news\/\" class=\"elementor-post-info__terms-list-item\">News<\/a>\t\t\t\t<\/span>\n\t\t\t\t\t<\/span>\n\t\t\t\t\t\t\t\t<\/li>\n\t\t\t\t<\/ul>\n\t\t\t\t\t\t<\/div>\n\t\t\t\t<\/div>\n\t\t\t\t\t<\/div>\n\t\t<\/div>\n\t\t\t\t<div class=\"elementor-column elementor-col-50 elementor-top-column elementor-element elementor-element-2dbd6883\" data-id=\"2dbd6883\" data-element_type=\"column\">\n\t\t\t<div class=\"elementor-widget-wrap elementor-element-populated\">\n\t\t\t\t\t\t<div class=\"elementor-element elementor-element-7d0099f3 elementor-hidden-phone elementor-widget elementor-widget-theme-post-featured-image elementor-widget-image\" data-id=\"7d0099f3\" data-element_type=\"widget\" data-widget_type=\"theme-post-featured-image.default\">\n\t\t\t\t<div class=\"elementor-widget-container\">\n\t\t\t\t\t\t\t\t\t\t\t\t\t\t\t<img fetchpriority=\"high\" decoding=\"async\" width=\"1031\" height=\"774\" src=\"https:\/\/www.assicoop.it\/bologna-metropolitana\/wp-content\/uploads\/2025\/07\/BilancioSostenibilita-2023.png\" class=\"attachment-full size-full wp-image-6267\" alt=\"Ragazzi che sorridono - Evento Bilancio di Sostenibilit\u00e0 2023\" srcset=\"https:\/\/www.assicoop.it\/bologna-metropolitana\/wp-content\/uploads\/2025\/07\/BilancioSostenibilita-2023.png 1031w, https:\/\/www.assicoop.it\/bologna-metropolitana\/wp-content\/uploads\/2025\/07\/BilancioSostenibilita-2023-300x225.png 300w, https:\/\/www.assicoop.it\/bologna-metropolitana\/wp-content\/uploads\/2025\/07\/BilancioSostenibilita-2023-1024x769.png 1024w, https:\/\/www.assicoop.it\/bologna-metropolitana\/wp-content\/uploads\/2025\/07\/BilancioSostenibilita-2023-768x577.png 768w\" sizes=\"(max-width: 1031px) 100vw, 1031px\" \/>\t\t\t\t\t\t\t\t\t\t\t\t\t\t\t<\/div>\n\t\t\t\t<\/div>\n\t\t\t\t\t<\/div>\n\t\t<\/div>\n\t\t\t\t\t<\/div>\n\t\t<\/section>\n\t\t\t\t<section class=\"elementor-section elementor-top-section elementor-element elementor-element-2ab6f69 elementor-section-boxed elementor-section-height-default elementor-section-height-default\" data-id=\"2ab6f69\" data-element_type=\"section\">\n\t\t\t\t\t\t<div class=\"elementor-container elementor-column-gap-default\">\n\t\t\t\t\t<div class=\"elementor-column elementor-col-100 elementor-top-column elementor-element elementor-element-62c50332\" data-id=\"62c50332\" data-element_type=\"column\">\n\t\t\t<div class=\"elementor-widget-wrap elementor-element-populated\">\n\t\t\t\t\t\t<div class=\"elementor-element elementor-element-6234b342 elementor-widget elementor-widget-text-editor\" data-id=\"6234b342\" data-element_type=\"widget\" data-widget_type=\"text-editor.default\">\n\t\t\t\t<div class=\"elementor-widget-container\">\n\t\t\t\t\t\t\t\t\t<p><b>Venerd\u00ec 27 giugno 2025<\/b><span style=\"font-weight: 400;\">, nella cornice di Palazzo di Varignana, si \u00e8 tenuto l\u2019evento di presentazione del <\/span><b>Bilancio di Sostenibilit\u00e0 Assicoop 2023<\/b><span style=\"font-weight: 400;\">, un\u2019occasione per raccontare risultati, strategie e prospettive che guidano il nostro impegno verso una sostenibilit\u00e0 concreta, vicina alle persone e al territorio.<\/span><\/p><p><span style=\"font-weight: 400;\">Ad aprire i lavori, <\/span><b>Lorenzo Cottignoli<\/b><span style=\"font-weight: 400;\">, Presidente dell\u2019Associazione Agenzie Societarie Unipol Assicurazioni, seguito da <\/span><b>Rita Ghedini<\/b><span style=\"font-weight: 400;\">, referente per l\u2019attuazione del Piano ESG Assicoop, e <\/span><b>Samuele Renda<\/b><span style=\"font-weight: 400;\">, Manager Area Sostenibilit\u00e0 di SCS Consulting, che ha illustrato i contenuti principali del Bilancio 2023.<\/span><\/p><p><span style=\"font-weight: 400;\">Durante l\u2019evento, spazio anche alla riflessione accademica con l\u2019intervento di <\/span><b>Matteo Pedrini<\/b><span style=\"font-weight: 400;\">, docente di Corporate Strategy dell\u2019Universit\u00e0 Cattolica di Milano e Direttore di ALTIS, e al dialogo con il territorio attraverso la tavola rotonda \u201c<\/span><b>Sostenibilit\u00e0 e territorio<\/b><span style=\"font-weight: 400;\">\u201d, moderata da <\/span><b>Anna Lisa Balestra<\/b><span style=\"font-weight: 400;\">, Head of People &amp; Change Management di SCS Consulting.<\/span><\/p><p><span style=\"font-weight: 400;\">Al centro del confronto, le testimonianze di stakeholder rappresentativi delle comunit\u00e0 in cui operano le agenzie Assicoop:<\/span><\/p><ul><li style=\"font-weight: 400;\" aria-level=\"1\"><b>Andrea Mascherini<\/b><span style=\"font-weight: 400;\">, Presidente Coop Reno<\/span><\/li><li style=\"font-weight: 400;\" aria-level=\"1\"><b>Sandra Leoncini<\/b><span style=\"font-weight: 400;\">, AD Savino Del Bene Volley<\/span><\/li><li style=\"font-weight: 400;\" aria-level=\"1\"><b>Margherita Ruffilli<\/b><span style=\"font-weight: 400;\">, CFO CIA Conad<\/span><\/li><li style=\"font-weight: 400;\" aria-level=\"1\"><b>Elisa Petrini<\/b><span style=\"font-weight: 400;\">, Sustainability &amp; CSR Manager GranTerre Spa<\/span><\/li><li style=\"font-weight: 400;\" aria-level=\"1\"><b style=\"font-size: 19.2px;\">Paola Pizzetti<\/b><span style=\"font-size: 19.2px;\">, Consiglio Nazionale dei Dottori Commercialisti<br \/><br \/><\/span><\/li><\/ul><p><span style=\"font-weight: 400;\">L\u2019incontro ha evidenziato il valore di una sostenibilit\u00e0 concreta, fatta di scelte responsabili, relazioni solide e attenzione costante alle persone e ai territori in cui operiamo. La sostenibilit\u00e0, per Assicoop, <\/span><b>non \u00e8 solo un tema ambientale<\/b><span style=\"font-weight: 400;\">, ma un valore che si intreccia al <\/span><b>modo stesso di fare impresa assicurativa<\/b><span style=\"font-weight: 400;\">:<\/span><\/p><ul><li style=\"font-weight: 400;\" aria-level=\"1\"><span style=\"font-weight: 400;\">costruendo fiducia e trasparenza con i clienti e con il territorio;<\/span><\/li><li style=\"font-weight: 400;\" aria-level=\"1\"><span style=\"font-weight: 400;\">adottando scelte etiche e responsabili nella gestione interna (es. governance, parit\u00e0, digitale);<\/span><\/li><li style=\"font-weight: 400;\" aria-level=\"1\"><span style=\"font-weight: 400;\">collaborando stabilmente con cooperative, imprese e stakeholder locali.<\/span><\/li><\/ul>\t\t\t\t\t\t\t\t<\/div>\n\t\t\t\t<\/div>\n\t\t\t\t<div class=\"elementor-element elementor-element-f1ff444 elementor-widget elementor-widget-heading\" data-id=\"f1ff444\" data-element_type=\"widget\" data-widget_type=\"heading.default\">\n\t\t\t\t<div class=\"elementor-widget-container\">\n\t\t\t\t\t<h2 class=\"elementor-heading-title elementor-size-default\">Sostenibilit\u00e0: un percorso quotidiano<\/h2>\t\t\t\t<\/div>\n\t\t\t\t<\/div>\n\t\t\t\t<div class=\"elementor-element elementor-element-8652684 elementor-widget elementor-widget-text-editor\" data-id=\"8652684\" data-element_type=\"widget\" data-widget_type=\"text-editor.default\">\n\t\t\t\t<div class=\"elementor-widget-container\">\n\t\t\t\t\t\t\t\t\t<p><span style=\"font-weight: 400;\">Per Assicoop, la sostenibilit\u00e0 non \u00e8 un quindi un obiettivo astratto, ma un modo di lavorare e relazionarsi ogni giorno, con trasparenza, attenzione e concretezza. Il <\/span><b>Bilancio di Sostenibilit\u00e0 Assicoop 2023<\/b><span style=\"font-weight: 400;\"> \u00e8\u00a0 la testimonianza di un impegno che si traduce in azioni misurabili, pensate per generare valore duraturo.<\/span><\/p><p><span style=\"font-weight: 400;\">Ringraziamo tutti i partecipanti e le partecipanti e chi ogni giorno contribuisce a rendere possibile questo percorso: perch\u00e9 il futuro si costruisce insieme, con cura, competenza e senso di responsabilit\u00e0.<\/span><\/p>\t\t\t\t\t\t\t\t<\/div>\n\t\t\t\t<\/div>\n\t\t\t\t<div class=\"elementor-element elementor-element-ded6337 elementor-align-center elementor-widget elementor-widget-button\" data-id=\"ded6337\" data-element_type=\"widget\" data-widget_type=\"button.default\">\n\t\t\t\t<div class=\"elementor-widget-container\">\n\t\t\t\t\t\t\t\t\t<div class=\"elementor-button-wrapper\">\n\t\t\t\t\t<a class=\"elementor-button elementor-button-link elementor-size-sm elementor-animation-shrink\" href=\"https:\/\/www.assicoop.it\/bologna-metropolitana\/wp-content\/uploads\/2025\/06\/Bilancio-di-Sostenibililta-Assicoop-2023_Bologna-Metropolitana.pdf\" target=\"_blank\">\n\t\t\t\t\t\t<span class=\"elementor-button-content-wrapper\">\n\t\t\t\t\t\t\t\t\t<span class=\"elementor-button-text\">Leggi il bilancio<\/span>\n\t\t\t\t\t<\/span>\n\t\t\t\t\t<\/a>\n\t\t\t\t<\/div>\n\t\t\t\t\t\t\t\t<\/div>\n\t\t\t\t<\/div>\n\t\t\t\t\t<\/div>\n\t\t<\/div>\n\t\t\t\t\t<\/div>\n\t\t<\/section>\n\t\t\t\t<section class=\"elementor-section elementor-top-section elementor-element elementor-element-d8fdfd4 elementor-section-boxed elementor-section-height-default elementor-section-height-default\" data-id=\"d8fdfd4\" data-element_type=\"section\">\n\t\t\t\t\t\t<div class=\"elementor-container elementor-column-gap-default\">\n\t\t\t\t\t<div class=\"elementor-column elementor-col-100 elementor-top-column elementor-element elementor-element-f442ad3\" data-id=\"f442ad3\" data-element_type=\"column\">\n\t\t\t<div class=\"elementor-widget-wrap elementor-element-populated\">\n\t\t\t\t\t\t<div class=\"elementor-element elementor-element-87c5d26 elementor-share-buttons--view-icon elementor-share-buttons--skin-gradient elementor-share-buttons--shape-square elementor-grid-0 elementor-share-buttons--color-official elementor-widget elementor-widget-share-buttons\" data-id=\"87c5d26\" data-element_type=\"widget\" data-widget_type=\"share-buttons.default\">\n\t\t\t\t<div class=\"elementor-widget-container\">\n\t\t\t\t\t\t\t<div class=\"elementor-grid\">\n\t\t\t\t\t\t\t\t<div class=\"elementor-grid-item\">\n\t\t\t\t\t\t<div\n\t\t\t\t\t\t\tclass=\"elementor-share-btn elementor-share-btn_facebook\"\n\t\t\t\t\t\t\trole=\"button\"\n\t\t\t\t\t\t\ttabindex=\"0\"\n\t\t\t\t\t\t\taria-label=\"Condividi su facebook\"\n\t\t\t\t\t\t>\n\t\t\t\t\t\t\t\t\t\t\t\t\t\t\t<span class=\"elementor-share-btn__icon\">\n\t\t\t\t\t\t\t\t<i class=\"fab fa-facebook\" aria-hidden=\"true\"><\/i>\t\t\t\t\t\t\t<\/span>\n\t\t\t\t\t\t\t\t\t\t\t\t\t\t\t\t\t\t\t\t<\/div>\n\t\t\t\t\t<\/div>\n\t\t\t\t\t\t\t\t\t<div class=\"elementor-grid-item\">\n\t\t\t\t\t\t<div\n\t\t\t\t\t\t\tclass=\"elementor-share-btn elementor-share-btn_twitter\"\n\t\t\t\t\t\t\trole=\"button\"\n\t\t\t\t\t\t\ttabindex=\"0\"\n\t\t\t\t\t\t\taria-label=\"Condividi su twitter\"\n\t\t\t\t\t\t>\n\t\t\t\t\t\t\t\t\t\t\t\t\t\t\t<span class=\"elementor-share-btn__icon\">\n\t\t\t\t\t\t\t\t<i class=\"fab fa-twitter\" aria-hidden=\"true\"><\/i>\t\t\t\t\t\t\t<\/span>\n\t\t\t\t\t\t\t\t\t\t\t\t\t\t\t\t\t\t\t\t<\/div>\n\t\t\t\t\t<\/div>\n\t\t\t\t\t\t\t\t\t<div class=\"elementor-grid-item\">\n\t\t\t\t\t\t<div\n\t\t\t\t\t\t\tclass=\"elementor-share-btn elementor-share-btn_linkedin\"\n\t\t\t\t\t\t\trole=\"button\"\n\t\t\t\t\t\t\ttabindex=\"0\"\n\t\t\t\t\t\t\taria-label=\"Condividi su linkedin\"\n\t\t\t\t\t\t>\n\t\t\t\t\t\t\t\t\t\t\t\t\t\t\t<span class=\"elementor-share-btn__icon\">\n\t\t\t\t\t\t\t\t<i class=\"fab fa-linkedin\" aria-hidden=\"true\"><\/i>\t\t\t\t\t\t\t<\/span>\n\t\t\t\t\t\t\t\t\t\t\t\t\t\t\t\t\t\t\t\t<\/div>\n\t\t\t\t\t<\/div>\n\t\t\t\t\t\t<\/div>\n\t\t\t\t\t\t<\/div>\n\t\t\t\t<\/div>\n\t\t\t\t\t<\/div>\n\t\t<\/div>\n\t\t\t\t\t<\/div>\n\t\t<\/section>\n\t\t\t\t<section class=\"elementor-section elementor-top-section elementor-element elementor-element-3a27d99 elementor-section-boxed elementor-section-height-default elementor-section-height-default\" data-id=\"3a27d99\" data-element_type=\"section\">\n\t\t\t\t\t\t<div class=\"elementor-container elementor-column-gap-default\">\n\t\t\t\t\t<div class=\"elementor-column elementor-col-100 elementor-top-column elementor-element elementor-element-213ce17\" data-id=\"213ce17\" data-element_type=\"column\">\n\t\t\t<div class=\"elementor-widget-wrap elementor-element-populated\">\n\t\t\t\t\t\t<div class=\"elementor-element elementor-element-a4255f2 elementor-widget elementor-widget-post-navigation\" data-id=\"a4255f2\" data-element_type=\"widget\" data-widget_type=\"post-navigation.default\">\n\t\t\t\t<div class=\"elementor-widget-container\">\n\t\t\t\t\t\t\t<div class=\"elementor-post-navigation\">\n\t\t\t<div class=\"elementor-post-navigation__prev elementor-post-navigation__link\">\n\t\t\t\t<a href=\"https:\/\/www.assicoop.it\/bologna-metropolitana\/sport-passione-e-territorio-successo-per-il-primo-torneo-unisalute-al-ctb\/\" rel=\"prev\"><span class=\"post-navigation__arrow-wrapper post-navigation__arrow-prev\"><i class=\"fa fa-chevron-left\" aria-hidden=\"true\"><\/i><span class=\"elementor-screen-only\">Precedente<\/span><\/span><span class=\"elementor-post-navigation__link__prev\"><span class=\"post-navigation__prev--label\">Precedente<\/span><\/span><\/a>\t\t\t<\/div>\n\t\t\t\t\t\t<div class=\"elementor-post-navigation__next elementor-post-navigation__link\">\n\t\t\t\t<a href=\"https:\/\/www.assicoop.it\/bologna-metropolitana\/protezione-su-misura-unica\/\" rel=\"next\"><span class=\"elementor-post-navigation__link__next\"><span class=\"post-navigation__next--label\">Successivo<\/span><\/span><span class=\"post-navigation__arrow-wrapper post-navigation__arrow-next\"><i class=\"fa fa-chevron-right\" aria-hidden=\"true\"><\/i><span class=\"elementor-screen-only\">Successivo<\/span><\/span><\/a>\t\t\t<\/div>\n\t\t<\/div>\n\t\t\t\t\t\t<\/div>\n\t\t\t\t<\/div>\n\t\t\t\t\t<\/div>\n\t\t<\/div>\n\t\t\t\t\t<\/div>\n\t\t<\/section>\n\t\t\t\t<\/div>\n\t\t","protected":false},"excerpt":{"rendered":"<p>Venerd\u00ec 27 giugno 2025, nella cornice di Palazzo di Varignana, si \u00e8 tenuto l\u2019evento di presentazione del Bilancio di Sostenibilit\u00e0 Assicoop 2023<\/p>\n","protected":false},"author":4,"featured_media":6267,"comment_status":"closed","ping_status":"open","sticky":false,"template":"","format":"standard","meta":{"footnotes":""},"categories":[9],"tags":[],"yoast_head":"<!-- This site is optimized with the Yoast SEO plugin v22.1 - https:\/\/yoast.com\/wordpress\/plugins\/seo\/ -->\n<title>Assicoop presenta il Bilancio di Sostenibilit\u00e0 2023: un impegno concreto per territorio e persone - Assicoop Bologna Metropolitana<\/title>\n<meta name=\"description\" content=\"Venerd\u00ec 27 giugno 2025, nella cornice di Palazzo di Varignana, si \u00e8 tenuto l\u2019evento di presentazione del Bilancio di Sostenibilit\u00e0 Assicoop 2023\" \/>\n<meta name=\"robots\" content=\"index, follow, max-snippet:-1, max-image-preview:large, max-video-preview:-1\" \/>\n<link rel=\"canonical\" href=\"https:\/\/www.assicoop.it\/bologna-metropolitana\/assicoop-presenta-il-bilancio-di-sostenibilita-2023-un-impegno-concreto-per-territorio-e-persone\/\" \/>\n<meta property=\"og:locale\" content=\"it_IT\" \/>\n<meta property=\"og:type\" content=\"article\" \/>\n<meta property=\"og:title\" content=\"Assicoop presenta il Bilancio di Sostenibilit\u00e0 2023: un impegno concreto per territorio e persone - Assicoop Bologna Metropolitana\" \/>\n<meta property=\"og:description\" content=\"Venerd\u00ec 27 giugno 2025, nella cornice di Palazzo di Varignana, si \u00e8 tenuto l\u2019evento di presentazione del Bilancio di Sostenibilit\u00e0 Assicoop 2023\" \/>\n<meta property=\"og:url\" content=\"https:\/\/www.assicoop.it\/bologna-metropolitana\/assicoop-presenta-il-bilancio-di-sostenibilita-2023-un-impegno-concreto-per-territorio-e-persone\/\" \/>\n<meta property=\"og:site_name\" content=\"Assicoop Bologna Metropolitana\" \/>\n<meta property=\"article:published_time\" content=\"2025-07-04T08:30:49+00:00\" \/>\n<meta property=\"article:modified_time\" content=\"2025-07-04T09:19:31+00:00\" \/>\n<meta property=\"og:image\" content=\"https:\/\/www.assicoop.it\/bologna-metropolitana\/wp-content\/uploads\/2025\/07\/BilancioSostenibilita-2023.png\" \/>\n\t<meta property=\"og:image:width\" content=\"1031\" \/>\n\t<meta property=\"og:image:height\" content=\"774\" \/>\n\t<meta property=\"og:image:type\" content=\"image\/png\" \/>\n<meta name=\"author\" content=\"Admin\" \/>\n<meta name=\"twitter:card\" content=\"summary_large_image\" \/>\n<meta name=\"twitter:label1\" content=\"Scritto da\" \/>\n\t<meta name=\"twitter:data1\" content=\"Admin\" \/>\n\t<meta name=\"twitter:label2\" content=\"Tempo di lettura stimato\" \/>\n\t<meta name=\"twitter:data2\" content=\"3 minuti\" \/>\n<script type=\"application\/ld+json\" class=\"yoast-schema-graph\">{\"@context\":\"https:\/\/schema.org\",\"@graph\":[{\"@type\":\"Article\",\"@id\":\"https:\/\/www.assicoop.it\/bologna-metropolitana\/assicoop-presenta-il-bilancio-di-sostenibilita-2023-un-impegno-concreto-per-territorio-e-persone\/#article\",\"isPartOf\":{\"@id\":\"https:\/\/www.assicoop.it\/bologna-metropolitana\/assicoop-presenta-il-bilancio-di-sostenibilita-2023-un-impegno-concreto-per-territorio-e-persone\/\"},\"author\":{\"name\":\"Admin\",\"@id\":\"https:\/\/www.assicoop.it\/bologna-metropolitana\/#\/schema\/person\/d3eb7aa9fc5c3df327c621a4b3154259\"},\"headline\":\"Assicoop presenta il Bilancio di Sostenibilit\u00e0 2023: un impegno concreto per territorio e persone\",\"datePublished\":\"2025-07-04T08:30:49+00:00\",\"dateModified\":\"2025-07-04T09:19:31+00:00\",\"mainEntityOfPage\":{\"@id\":\"https:\/\/www.assicoop.it\/bologna-metropolitana\/assicoop-presenta-il-bilancio-di-sostenibilita-2023-un-impegno-concreto-per-territorio-e-persone\/\"},\"wordCount\":362,\"publisher\":{\"@id\":\"https:\/\/www.assicoop.it\/bologna-metropolitana\/#organization\"},\"articleSection\":[\"News\"],\"inLanguage\":\"it-IT\"},{\"@type\":\"WebPage\",\"@id\":\"https:\/\/www.assicoop.it\/bologna-metropolitana\/assicoop-presenta-il-bilancio-di-sostenibilita-2023-un-impegno-concreto-per-territorio-e-persone\/\",\"url\":\"https:\/\/www.assicoop.it\/bologna-metropolitana\/assicoop-presenta-il-bilancio-di-sostenibilita-2023-un-impegno-concreto-per-territorio-e-persone\/\",\"name\":\"Assicoop presenta il Bilancio di Sostenibilit\u00e0 2023: un impegno concreto per territorio e persone - Assicoop Bologna Metropolitana\",\"isPartOf\":{\"@id\":\"https:\/\/www.assicoop.it\/bologna-metropolitana\/#website\"},\"datePublished\":\"2025-07-04T08:30:49+00:00\",\"dateModified\":\"2025-07-04T09:19:31+00:00\",\"description\":\"Venerd\u00ec 27 giugno 2025, nella cornice di Palazzo di Varignana, si \u00e8 tenuto l\u2019evento di presentazione del Bilancio di Sostenibilit\u00e0 Assicoop 2023\",\"inLanguage\":\"it-IT\",\"potentialAction\":[{\"@type\":\"ReadAction\",\"target\":[\"https:\/\/www.assicoop.it\/bologna-metropolitana\/assicoop-presenta-il-bilancio-di-sostenibilita-2023-un-impegno-concreto-per-territorio-e-persone\/\"]}]},{\"@type\":\"WebSite\",\"@id\":\"https:\/\/www.assicoop.it\/bologna-metropolitana\/#website\",\"url\":\"https:\/\/www.assicoop.it\/bologna-metropolitana\/\",\"name\":\"Assicoop Bologna Metropolitana\",\"description\":\"Vicina. Sicura. Tua.\",\"publisher\":{\"@id\":\"https:\/\/www.assicoop.it\/bologna-metropolitana\/#organization\"},\"potentialAction\":[{\"@type\":\"SearchAction\",\"target\":{\"@type\":\"EntryPoint\",\"urlTemplate\":\"https:\/\/www.assicoop.it\/bologna-metropolitana\/?s={search_term_string}\"},\"query-input\":\"required name=search_term_string\"}],\"inLanguage\":\"it-IT\"},{\"@type\":\"Organization\",\"@id\":\"https:\/\/www.assicoop.it\/bologna-metropolitana\/#organization\",\"name\":\"Assicoop Bologna Metropolitana\",\"url\":\"https:\/\/www.assicoop.it\/bologna-metropolitana\/\",\"logo\":{\"@type\":\"ImageObject\",\"inLanguage\":\"it-IT\",\"@id\":\"https:\/\/www.assicoop.it\/bologna-metropolitana\/#\/schema\/logo\/image\/\",\"url\":\"https:\/\/www.assicoop.it\/bologna-metropolitana\/wp-content\/uploads\/2021\/11\/AssBoMetro-COLORE.svg\",\"contentUrl\":\"https:\/\/www.assicoop.it\/bologna-metropolitana\/wp-content\/uploads\/2021\/11\/AssBoMetro-COLORE.svg\",\"caption\":\"Assicoop Bologna Metropolitana\"},\"image\":{\"@id\":\"https:\/\/www.assicoop.it\/bologna-metropolitana\/#\/schema\/logo\/image\/\"}},{\"@type\":\"Person\",\"@id\":\"https:\/\/www.assicoop.it\/bologna-metropolitana\/#\/schema\/person\/d3eb7aa9fc5c3df327c621a4b3154259\",\"name\":\"Admin\",\"image\":{\"@type\":\"ImageObject\",\"inLanguage\":\"it-IT\",\"@id\":\"https:\/\/www.assicoop.it\/bologna-metropolitana\/#\/schema\/person\/image\/\",\"url\":\"https:\/\/secure.gravatar.com\/avatar\/5767e7a1ee4373b71c91822a1d11154f?s=96&d=mm&r=g\",\"contentUrl\":\"https:\/\/secure.gravatar.com\/avatar\/5767e7a1ee4373b71c91822a1d11154f?s=96&d=mm&r=g\",\"caption\":\"Admin\"},\"url\":\"https:\/\/www.assicoop.it\/bologna-metropolitana\/author\/admin\/\"}]}<\/script>\n<!-- \/ Yoast SEO plugin. -->","yoast_head_json":{"title":"Assicoop presenta il Bilancio di Sostenibilit\u00e0 2023: un impegno concreto per territorio e persone - Assicoop Bologna Metropolitana","description":"Venerd\u00ec 27 giugno 2025, nella cornice di Palazzo di Varignana, si \u00e8 tenuto l\u2019evento di presentazione del Bilancio di Sostenibilit\u00e0 Assicoop 2023","robots":{"index":"index","follow":"follow","max-snippet":"max-snippet:-1","max-image-preview":"max-image-preview:large","max-video-preview":"max-video-preview:-1"},"canonical":"https:\/\/www.assicoop.it\/bologna-metropolitana\/assicoop-presenta-il-bilancio-di-sostenibilita-2023-un-impegno-concreto-per-territorio-e-persone\/","og_locale":"it_IT","og_type":"article","og_title":"Assicoop presenta il Bilancio di Sostenibilit\u00e0 2023: un impegno concreto per territorio e persone - Assicoop Bologna Metropolitana","og_description":"Venerd\u00ec 27 giugno 2025, nella cornice di Palazzo di Varignana, si \u00e8 tenuto l\u2019evento di presentazione del Bilancio di Sostenibilit\u00e0 Assicoop 2023","og_url":"https:\/\/www.assicoop.it\/bologna-metropolitana\/assicoop-presenta-il-bilancio-di-sostenibilita-2023-un-impegno-concreto-per-territorio-e-persone\/","og_site_name":"Assicoop Bologna Metropolitana","article_published_time":"2025-07-04T08:30:49+00:00","article_modified_time":"2025-07-04T09:19:31+00:00","og_image":[{"width":1031,"height":774,"url":"https:\/\/www.assicoop.it\/bologna-metropolitana\/wp-content\/uploads\/2025\/07\/BilancioSostenibilita-2023.png","type":"image\/png"}],"author":"Admin","twitter_card":"summary_large_image","twitter_misc":{"Scritto da":"Admin","Tempo di lettura stimato":"3 minuti"},"schema":{"@context":"https:\/\/schema.org","@graph":[{"@type":"Article","@id":"https:\/\/www.assicoop.it\/bologna-metropolitana\/assicoop-presenta-il-bilancio-di-sostenibilita-2023-un-impegno-concreto-per-territorio-e-persone\/#article","isPartOf":{"@id":"https:\/\/www.assicoop.it\/bologna-metropolitana\/assicoop-presenta-il-bilancio-di-sostenibilita-2023-un-impegno-concreto-per-territorio-e-persone\/"},"author":{"name":"Admin","@id":"https:\/\/www.assicoop.it\/bologna-metropolitana\/#\/schema\/person\/d3eb7aa9fc5c3df327c621a4b3154259"},"headline":"Assicoop presenta il Bilancio di Sostenibilit\u00e0 2023: un impegno concreto per territorio e persone","datePublished":"2025-07-04T08:30:49+00:00","dateModified":"2025-07-04T09:19:31+00:00","mainEntityOfPage":{"@id":"https:\/\/www.assicoop.it\/bologna-metropolitana\/assicoop-presenta-il-bilancio-di-sostenibilita-2023-un-impegno-concreto-per-territorio-e-persone\/"},"wordCount":362,"publisher":{"@id":"https:\/\/www.assicoop.it\/bologna-metropolitana\/#organization"},"articleSection":["News"],"inLanguage":"it-IT"},{"@type":"WebPage","@id":"https:\/\/www.assicoop.it\/bologna-metropolitana\/assicoop-presenta-il-bilancio-di-sostenibilita-2023-un-impegno-concreto-per-territorio-e-persone\/","url":"https:\/\/www.assicoop.it\/bologna-metropolitana\/assicoop-presenta-il-bilancio-di-sostenibilita-2023-un-impegno-concreto-per-territorio-e-persone\/","name":"Assicoop presenta il Bilancio di Sostenibilit\u00e0 2023: un impegno concreto per territorio e persone - Assicoop Bologna Metropolitana","isPartOf":{"@id":"https:\/\/www.assicoop.it\/bologna-metropolitana\/#website"},"datePublished":"2025-07-04T08:30:49+00:00","dateModified":"2025-07-04T09:19:31+00:00","description":"Venerd\u00ec 27 giugno 2025, nella cornice di Palazzo di Varignana, si \u00e8 tenuto l\u2019evento di presentazione del Bilancio di Sostenibilit\u00e0 Assicoop 2023","inLanguage":"it-IT","potentialAction":[{"@type":"ReadAction","target":["https:\/\/www.assicoop.it\/bologna-metropolitana\/assicoop-presenta-il-bilancio-di-sostenibilita-2023-un-impegno-concreto-per-territorio-e-persone\/"]}]},{"@type":"WebSite","@id":"https:\/\/www.assicoop.it\/bologna-metropolitana\/#website","url":"https:\/\/www.assicoop.it\/bologna-metropolitana\/","name":"Assicoop Bologna Metropolitana","description":"Vicina. Sicura. Tua.","publisher":{"@id":"https:\/\/www.assicoop.it\/bologna-metropolitana\/#organization"},"potentialAction":[{"@type":"SearchAction","target":{"@type":"EntryPoint","urlTemplate":"https:\/\/www.assicoop.it\/bologna-metropolitana\/?s={search_term_string}"},"query-input":"required name=search_term_string"}],"inLanguage":"it-IT"},{"@type":"Organization","@id":"https:\/\/www.assicoop.it\/bologna-metropolitana\/#organization","name":"Assicoop Bologna Metropolitana","url":"https:\/\/www.assicoop.it\/bologna-metropolitana\/","logo":{"@type":"ImageObject","inLanguage":"it-IT","@id":"https:\/\/www.assicoop.it\/bologna-metropolitana\/#\/schema\/logo\/image\/","url":"https:\/\/www.assicoop.it\/bologna-metropolitana\/wp-content\/uploads\/2021\/11\/AssBoMetro-COLORE.svg","contentUrl":"https:\/\/www.assicoop.it\/bologna-metropolitana\/wp-content\/uploads\/2021\/11\/AssBoMetro-COLORE.svg","caption":"Assicoop Bologna Metropolitana"},"image":{"@id":"https:\/\/www.assicoop.it\/bologna-metropolitana\/#\/schema\/logo\/image\/"}},{"@type":"Person","@id":"https:\/\/www.assicoop.it\/bologna-metropolitana\/#\/schema\/person\/d3eb7aa9fc5c3df327c621a4b3154259","name":"Admin","image":{"@type":"ImageObject","inLanguage":"it-IT","@id":"https:\/\/www.assicoop.it\/bologna-metropolitana\/#\/schema\/person\/image\/","url":"https:\/\/secure.gravatar.com\/avatar\/5767e7a1ee4373b71c91822a1d11154f?s=96&d=mm&r=g","contentUrl":"https:\/\/secure.gravatar.com\/avatar\/5767e7a1ee4373b71c91822a1d11154f?s=96&d=mm&r=g","caption":"Admin"},"url":"https:\/\/www.assicoop.it\/bologna-metropolitana\/author\/admin\/"}]}},"_links":{"self":[{"href":"https:\/\/www.assicoop.it\/bologna-metropolitana\/wp-json\/wp\/v2\/posts\/6254"}],"collection":[{"href":"https:\/\/www.assicoop.it\/bologna-metropolitana\/wp-json\/wp\/v2\/posts"}],"about":[{"href":"https:\/\/www.assicoop.it\/bologna-metropolitana\/wp-json\/wp\/v2\/types\/post"}],"author":[{"embeddable":true,"href":"https:\/\/www.assicoop.it\/bologna-metropolitana\/wp-json\/wp\/v2\/users\/4"}],"replies":[{"embeddable":true,"href":"https:\/\/www.assicoop.it\/bologna-metropolitana\/wp-json\/wp\/v2\/comments?post=6254"}],"version-history":[{"count":8,"href":"https:\/\/www.assicoop.it\/bologna-metropolitana\/wp-json\/wp\/v2\/posts\/6254\/revisions"}],"predecessor-version":[{"id":6266,"href":"https:\/\/www.assicoop.it\/bologna-metropolitana\/wp-json\/wp\/v2\/posts\/6254\/revisions\/6266"}],"wp:featuredmedia":[{"embeddable":true,"href":"https:\/\/www.assicoop.it\/bologna-metropolitana\/wp-json\/wp\/v2\/media\/6267"}],"wp:attachment":[{"href":"https:\/\/www.assicoop.it\/bologna-metropolitana\/wp-json\/wp\/v2\/media?parent=6254"}],"wp:term":[{"taxonomy":"category","embeddable":true,"href":"https:\/\/www.assicoop.it\/bologna-metropolitana\/wp-json\/wp\/v2\/categories?post=6254"},{"taxonomy":"post_tag","embeddable":true,"href":"https:\/\/www.assicoop.it\/bologna-metropolitana\/wp-json\/wp\/v2\/tags?post=6254"}],"curies":[{"name":"wp","href":"https:\/\/api.w.org\/{rel}","templated":true}]}}