{"id":5826,"date":"2024-11-08T10:15:08","date_gmt":"2024-11-08T09:15:08","guid":{"rendered":"https:\/\/www.assicoop.it\/bologna-metropolitana\/?p=5826"},"modified":"2025-11-10T09:24:10","modified_gmt":"2025-11-10T08:24:10","slug":"la-previdenza-complementare-miti-da-sfatare","status":"publish","type":"post","link":"https:\/\/www.assicoop.it\/bologna-metropolitana\/la-previdenza-complementare-miti-da-sfatare\/","title":{"rendered":"La previdenza complementare: scopriamo insieme alcuni miti da sfatare!"},"content":{"rendered":"\t\t<div data-elementor-type=\"wp-post\" data-elementor-id=\"5826\" class=\"elementor elementor-5826\" data-elementor-post-type=\"post\">\n\t\t\t\t\t\t<section class=\"elementor-section elementor-top-section elementor-element elementor-element-52366d91 elementor-section-full_width elementor-section-height-min-height elementor-section-items-stretch elementor-section-content-bottom elementor-section-height-default\" data-id=\"52366d91\" data-element_type=\"section\">\n\t\t\t\t\t\t<div class=\"elementor-container elementor-column-gap-no\">\n\t\t\t\t\t<div class=\"elementor-column elementor-col-50 elementor-top-column elementor-element elementor-element-6c02e537\" data-id=\"6c02e537\" data-element_type=\"column\" data-settings=\"{&quot;background_background&quot;:&quot;classic&quot;}\">\n\t\t\t<div class=\"elementor-widget-wrap elementor-element-populated\">\n\t\t\t\t\t\t<div class=\"elementor-element elementor-element-790b10b3 elementor-widget elementor-widget-theme-post-title elementor-page-title elementor-widget-heading\" data-id=\"790b10b3\" data-element_type=\"widget\" data-widget_type=\"theme-post-title.default\">\n\t\t\t\t<div class=\"elementor-widget-container\">\n\t\t\t\t\t<h1 class=\"elementor-heading-title elementor-size-default\">La previdenza complementare: scopriamo insieme alcuni miti da sfatare!<\/h1>\t\t\t\t<\/div>\n\t\t\t\t<\/div>\n\t\t\t\t<div class=\"elementor-element elementor-element-71c9fa27 elementor-widget elementor-widget-post-info\" data-id=\"71c9fa27\" data-element_type=\"widget\" data-widget_type=\"post-info.default\">\n\t\t\t\t<div class=\"elementor-widget-container\">\n\t\t\t\t\t\t\t<ul class=\"elementor-inline-items elementor-icon-list-items elementor-post-info\">\n\t\t\t\t\t\t\t\t<li class=\"elementor-icon-list-item elementor-repeater-item-9093a23 elementor-inline-item\" itemprop=\"datePublished\">\n\t\t\t\t\t\t\t\t\t\t\t\t\t<span class=\"elementor-icon-list-text elementor-post-info__item elementor-post-info__item--type-date\">\n\t\t\t\t\t\t\t\t\t\t<time>Novembre 8, 2024<\/time>\t\t\t\t\t<\/span>\n\t\t\t\t\t\t\t\t<\/li>\n\t\t\t\t<li class=\"elementor-icon-list-item elementor-repeater-item-42b6822 elementor-inline-item\" itemprop=\"about\">\n\t\t\t\t\t\t\t\t\t\t\t\t\t<span class=\"elementor-icon-list-text elementor-post-info__item elementor-post-info__item--type-terms\">\n\t\t\t\t\t\t\t\t\t\t<span class=\"elementor-post-info__terms-list\">\n\t\t\t\t<a href=\"https:\/\/www.assicoop.it\/bologna-metropolitana\/categoria\/news\/\" class=\"elementor-post-info__terms-list-item\">News<\/a>, <a href=\"https:\/\/www.assicoop.it\/bologna-metropolitana\/categoria\/protezione\/\" class=\"elementor-post-info__terms-list-item\">Protezione<\/a>\t\t\t\t<\/span>\n\t\t\t\t\t<\/span>\n\t\t\t\t\t\t\t\t<\/li>\n\t\t\t\t<\/ul>\n\t\t\t\t\t\t<\/div>\n\t\t\t\t<\/div>\n\t\t\t\t\t<\/div>\n\t\t<\/div>\n\t\t\t\t<div class=\"elementor-column elementor-col-50 elementor-top-column elementor-element elementor-element-2dbd6883\" data-id=\"2dbd6883\" data-element_type=\"column\" data-settings=\"{&quot;background_background&quot;:&quot;classic&quot;}\">\n\t\t\t<div class=\"elementor-widget-wrap elementor-element-populated\">\n\t\t\t\t\t\t<div class=\"elementor-element elementor-element-7d0099f3 elementor-hidden-phone elementor-widget elementor-widget-theme-post-featured-image elementor-widget-image\" data-id=\"7d0099f3\" data-element_type=\"widget\" data-widget_type=\"theme-post-featured-image.default\">\n\t\t\t\t<div class=\"elementor-widget-container\">\n\t\t\t\t\t\t\t\t\t\t\t\t\t\t\t<img fetchpriority=\"high\" decoding=\"async\" width=\"825\" height=\"619\" src=\"https:\/\/www.assicoop.it\/bologna-metropolitana\/wp-content\/uploads\/2024\/11\/previdenza-miti.png\" class=\"attachment-full size-full wp-image-6399\" alt=\"\" srcset=\"https:\/\/www.assicoop.it\/bologna-metropolitana\/wp-content\/uploads\/2024\/11\/previdenza-miti.png 825w, https:\/\/www.assicoop.it\/bologna-metropolitana\/wp-content\/uploads\/2024\/11\/previdenza-miti-300x225.png 300w, https:\/\/www.assicoop.it\/bologna-metropolitana\/wp-content\/uploads\/2024\/11\/previdenza-miti-768x576.png 768w\" sizes=\"(max-width: 825px) 100vw, 825px\" \/>\t\t\t\t\t\t\t\t\t\t\t\t\t\t\t<\/div>\n\t\t\t\t<\/div>\n\t\t\t\t\t<\/div>\n\t\t<\/div>\n\t\t\t\t\t<\/div>\n\t\t<\/section>\n\t\t\t\t<section class=\"elementor-section elementor-top-section elementor-element elementor-element-3ba05f7 elementor-section-boxed elementor-section-height-default elementor-section-height-default\" data-id=\"3ba05f7\" data-element_type=\"section\">\n\t\t\t\t\t\t<div class=\"elementor-container elementor-column-gap-default\">\n\t\t\t\t\t<div class=\"elementor-column elementor-col-100 elementor-top-column elementor-element elementor-element-7f274ec\" data-id=\"7f274ec\" data-element_type=\"column\">\n\t\t\t<div class=\"elementor-widget-wrap elementor-element-populated\">\n\t\t\t\t\t\t<div class=\"elementor-element elementor-element-8b290b4 elementor-widget elementor-widget-heading\" data-id=\"8b290b4\" data-element_type=\"widget\" data-widget_type=\"heading.default\">\n\t\t\t\t<div class=\"elementor-widget-container\">\n\t\t\t\t\t<h2 class=\"elementor-heading-title elementor-size-default\">Solo il 35% degli italiani \u00e8 realmente informato sui fondi pensionistici integrativi. E tu?<\/h2>\t\t\t\t<\/div>\n\t\t\t\t<\/div>\n\t\t\t\t<div class=\"elementor-element elementor-element-7ceb976 elementor-widget elementor-widget-button\" data-id=\"7ceb976\" data-element_type=\"widget\" data-widget_type=\"button.default\">\n\t\t\t\t<div class=\"elementor-widget-container\">\n\t\t\t\t\t\t\t\t\t<div class=\"elementor-button-wrapper\">\n\t\t\t\t\t<a class=\"elementor-button elementor-button-link elementor-size-sm elementor-animation-grow\" href=\"#form-previdenza\">\n\t\t\t\t\t\t<span class=\"elementor-button-content-wrapper\">\n\t\t\t\t\t\t\t\t\t<span class=\"elementor-button-text\">Chiedi di essere contattato\/a<\/span>\n\t\t\t\t\t<\/span>\n\t\t\t\t\t<\/a>\n\t\t\t\t<\/div>\n\t\t\t\t\t\t\t\t<\/div>\n\t\t\t\t<\/div>\n\t\t\t\t<div class=\"elementor-element elementor-element-06c1b43 elementor-widget elementor-widget-text-editor\" data-id=\"06c1b43\" data-element_type=\"widget\" data-widget_type=\"text-editor.default\">\n\t\t\t\t<div class=\"elementor-widget-container\">\n\t\t\t\t\t\t\t\t\t<p><span style=\"font-weight: 400;\">La previdenza complementare \u00e8 spesso avvolta da luoghi comuni che possono far esitare, ma sfatarli \u00e8 il primo passo per comprendere meglio quanto possa essere alla portata di tutti.<\/span><\/p><ul><li><b>&#8220;\u00c8 solo per chi ha grandi possibilit\u00e0 economiche&#8221;<\/b><span style=\"font-weight: 400;\"> Falso! La previdenza complementare \u00e8 accessibile a tutti, anche a chi pu\u00f2 erogare solo piccoli contributi. Basta iniziare, anche con una piccola cifra, ma con costanza per costruire il proprio futuro.<\/span><\/li><li><b>&#8220;\u00c8 troppo complicata&#8221;<\/b><span style=\"font-weight: 400;\"> In realt\u00e0, oggi aderire \u00e8 pi\u00f9 semplice che mai e molti fondi offrono strumenti online per gestire il proprio piano in completa autonomia 24h su 24.<\/span><\/li><li><b>&#8220;I mercati finanziari sono troppo rischiosi&#8221;<\/b><span style=\"font-weight: 400;\"> Certamente, i mercati hanno oscillazioni, ma sul lungo periodo tendono a offrire rendimenti positivi. Inoltre, esistono fondi diversificati e sicuri, pensati per chi preferisce la stabilit\u00e0.\u00a0<\/span><\/li><\/ul><p><b><br \/>Cos\u2019\u00e8, in breve, la previdenza complementare?<\/b><\/p><p><span style=\"font-weight: 400;\">\u00c8 una forma di risparmio previdenziale volontaria che affianca e integra la pensione pubblica. Ogni contributo versato viene investito, permettendo al capitale di crescere nel tempo. Al momento della pensione, il capitale accumulato pu\u00f2 essere prelevato come rendita o come somma unica.<\/span><\/p><p><b>Perch\u00e9 \u00e8 importante pensarci gi\u00e0 oggi?<\/b><\/p><p><span style=\"font-weight: 400;\">Con l\u2019allungamento della vita e i cambiamenti nel mercato del lavoro, affidarsi solo alla pensione pubblica potrebbe non bastare per mantenere un buon tenore di vita. La previdenza complementare \u00e8 quindi una scelta che pu\u00f2 fare la differenza:<\/span><\/p><ul><li style=\"font-weight: 400;\" aria-level=\"1\"><b>Integra la pensione pubblica<\/b><span style=\"font-weight: 400;\">: aiuta a mantenere il proprio stile di vita con un potere d\u2019acquisto maggiore.<\/span><\/li><li style=\"font-weight: 400;\" aria-level=\"1\"><b>Protegge dall&#8217;inflazione<\/b><span style=\"font-weight: 400;\">: i rendimenti compensano l\u2019erosione del valore del denaro.<\/span><\/li><li style=\"font-weight: 400;\" aria-level=\"1\"><b>Offre flessibilit\u00e0<\/b><span style=\"font-weight: 400;\">: \u00e8 possibile scegliere tra diversi profili di rischio e modulare i versamenti in base alle proprie esigenze\u2026 puoi personalizzare il piano su misura per te!<\/span><\/li><li style=\"font-weight: 400;\" aria-level=\"1\"><b>Vantaggi fiscali<\/b><span style=\"font-weight: 400;\">: spesso i contributi sono deducibili e i rendimenti godono di agevolazioni fiscali.<\/span><\/li><li style=\"font-weight: 400;\" aria-level=\"1\"><b>Tutela il capitale<\/b><span style=\"font-weight: 400;\">: in molti casi, il capitale \u00e8 impignorabile e trasmissibile agli eredi.<\/span><\/li><\/ul><p><b><br \/>Chi pu\u00f2 aderire?<\/b><\/p><p><span style=\"font-weight: 400;\">L\u2019opportunit\u00e0 \u00e8 aperta a chiunque: dipendenti, autonomi, liberi professionisti e professioniste, studenti, studentesse e persino familiari a carico.<\/span><\/p><p><b>Perch\u00e9 affidarsi ad Assicoop e Previdenza Futura?<\/b><\/p><p><span style=\"font-weight: 400;\">Pianificare una pensione complementare \u00e8 un investimento prezioso che pu\u00f2 regalarti sicurezza e serenit\u00e0 per il futuro. Il nostro consiglio? Il Piano Individuale Pensionistico UnipolSai Previdenza Futura, studiato per costruire il tuo domani con un piano di versamento personalizzato e accessibile.<\/span><\/p><p><b>Perch\u00e9 la previdenza \u00e8 un\u2019alleata per le donne?<\/b><\/p><p><b><\/b><b><\/b><span style=\"font-weight: 400;\">La previdenza complementare pu\u00f2 rappresentare una scelta particolarmente vantaggiosa per le donne, che, per vari motivi, affrontano spesso sfide uniche nel percorso verso una pensione adeguata e sicura. Ecco alcuni punti chiave:<\/span><\/p><p><b>Maggiore longevit\u00e0:<\/b><span style=\"font-weight: 400;\"> Statisticamente, le donne vivono pi\u00f9 a lungo degli uomini e, di conseguenza, hanno bisogno di un piano pensionistico che possa sostenerle per pi\u00f9 anni. Un capitale integrativo diventa quindi essenziale per godere di una vita serena e ben supportata anche nella terza et\u00e0.<\/span><\/p><p><b>Gap pensionistico: <\/b><span style=\"font-weight: 400;\">Molte donne si trovano ad affrontare un gap pensionistico, dovuto spesso a pause lavorative per prendersi cura della famiglia o a lavori part-time che incidono sui contributi versati. La previdenza complementare offre una soluzione per colmare questo divario e assicurarsi una pensione pi\u00f9 adeguata.<\/span><\/p>\t\t\t\t\t\t\t\t<\/div>\n\t\t\t\t<\/div>\n\t\t\t\t\t<\/div>\n\t\t<\/div>\n\t\t\t\t\t<\/div>\n\t\t<\/section>\n\t\t<div class=\"elementor-element elementor-element-c15c707 e-flex e-con-boxed e-con e-parent\" data-id=\"c15c707\" data-element_type=\"container\" id=\"form-previdenza\">\n\t\t\t\t\t<div class=\"e-con-inner\">\n\t\t\t\t<div class=\"elementor-element elementor-element-5f68005 elementor-widget elementor-widget-heading\" data-id=\"5f68005\" data-element_type=\"widget\" data-widget_type=\"heading.default\">\n\t\t\t\t<div class=\"elementor-widget-container\">\n\t\t\t\t\t<h2 class=\"elementor-heading-title elementor-size-default\">Lascia il tuo contatto per essere contattato\/a da un nostro consulente<\/h2>\t\t\t\t<\/div>\n\t\t\t\t<\/div>\n\t\t\t\t<div class=\"elementor-element elementor-element-13a2aa5 elementor-widget elementor-widget-shortcode\" data-id=\"13a2aa5\" data-element_type=\"widget\" data-widget_type=\"shortcode.default\">\n\t\t\t\t<div class=\"elementor-widget-container\">\n\t\t\t\t\t\t\t<div class=\"elementor-shortcode\"><div class=\"mop-wrapper\">        <div id=\"RISPARMIO\" style=\";top:200px\">\n            <div class=\"imagemop hidden\">\n                <a href=\"#\" onclick=\"showMopCustom('RISPARMIO')\"><img decoding=\"async\" src=\"\" alt=\"\" title=\"\" \/><\/a>\n                            <\/div>\n            <div id=\"mop-homepage-RISPARMIO\" class=\"mophome\">\n                <iframe  id=\"iframe-RISPARMIO\" src=\"https:\/\/assicoopbologna.com\/moduli\/modulo-di-contatto\/main.php?UmlzcGFybWlv?source=\/bologna-metropolitana\/wp-json\/wp\/v2\/posts\/5826\" width=\"100%\" height=\"1000\" style=\"max-height:450px;min-height:450px;\" scrolling=\"yes\" frameborder=\"0\" allowfullscreen=\"\" frameborder=\"0\" onload='resizeIframe(this)'><\/iframe>\n            <\/div>\n        <\/div>\n    \n    <\/div><\/div>\n\t\t\t\t\t\t<\/div>\n\t\t\t\t<\/div>\n\t\t\t\t\t<\/div>\n\t\t\t\t<\/div>\n\t\t\t\t<\/div>\n\t\t","protected":false},"excerpt":{"rendered":"<p>Solo il 35% degli italiani \u00e8 realmente informato sui fondi pensionistici integrativi. E tu? Chiedi di essere contattato\/a La previdenza complementare \u00e8 spesso avvolta da luoghi comuni che possono far esitare, ma sfatarli \u00e8 il primo passo per comprendere meglio quanto possa essere alla portata di tutti. &#8220;\u00c8 solo per chi ha grandi possibilit\u00e0 economiche&#8221; [&hellip;]<\/p>\n","protected":false},"author":4,"featured_media":6399,"comment_status":"closed","ping_status":"open","sticky":false,"template":"","format":"standard","meta":{"footnotes":""},"categories":[9,7],"tags":[],"yoast_head":"<!-- This site is optimized with the Yoast SEO plugin v22.1 - https:\/\/yoast.com\/wordpress\/plugins\/seo\/ -->\n<title>La previdenza complementare: scopriamo insieme alcuni miti da sfatare! - Assicoop Bologna Metropolitana<\/title>\n<meta name=\"description\" content=\"La previdenza complementare \u00e8 spesso avvolta da luoghi comuni che possono far esitare, ma sfatarli \u00e8 il primo passo per comprendere meglio quanto possa essere alla portata di tutti.\" \/>\n<meta name=\"robots\" content=\"index, follow, max-snippet:-1, max-image-preview:large, max-video-preview:-1\" \/>\n<link rel=\"canonical\" href=\"https:\/\/www.assicoop.it\/bologna-metropolitana\/la-previdenza-complementare-miti-da-sfatare\/\" \/>\n<meta property=\"og:locale\" content=\"it_IT\" \/>\n<meta property=\"og:type\" content=\"article\" \/>\n<meta property=\"og:title\" content=\"La previdenza complementare: scopriamo insieme alcuni miti da sfatare! - Assicoop Bologna Metropolitana\" \/>\n<meta property=\"og:description\" content=\"La previdenza complementare \u00e8 spesso avvolta da luoghi comuni che possono far esitare, ma sfatarli \u00e8 il primo passo per comprendere meglio quanto possa essere alla portata di tutti.\" \/>\n<meta property=\"og:url\" content=\"https:\/\/www.assicoop.it\/bologna-metropolitana\/la-previdenza-complementare-miti-da-sfatare\/\" \/>\n<meta property=\"og:site_name\" content=\"Assicoop Bologna Metropolitana\" \/>\n<meta property=\"article:published_time\" content=\"2024-11-08T09:15:08+00:00\" \/>\n<meta property=\"article:modified_time\" content=\"2025-11-10T08:24:10+00:00\" \/>\n<meta property=\"og:image\" content=\"https:\/\/www.assicoop.it\/bologna-metropolitana\/wp-content\/uploads\/2024\/11\/previdenza-miti.png\" \/>\n\t<meta property=\"og:image:width\" content=\"825\" \/>\n\t<meta property=\"og:image:height\" content=\"619\" \/>\n\t<meta property=\"og:image:type\" content=\"image\/png\" \/>\n<meta name=\"author\" content=\"Admin\" \/>\n<meta name=\"twitter:card\" content=\"summary_large_image\" \/>\n<meta name=\"twitter:label1\" content=\"Scritto da\" \/>\n\t<meta name=\"twitter:data1\" content=\"Admin\" \/>\n\t<meta name=\"twitter:label2\" content=\"Tempo di lettura stimato\" \/>\n\t<meta name=\"twitter:data2\" content=\"4 minuti\" \/>\n<script type=\"application\/ld+json\" class=\"yoast-schema-graph\">{\"@context\":\"https:\/\/schema.org\",\"@graph\":[{\"@type\":\"Article\",\"@id\":\"https:\/\/www.assicoop.it\/bologna-metropolitana\/la-previdenza-complementare-miti-da-sfatare\/#article\",\"isPartOf\":{\"@id\":\"https:\/\/www.assicoop.it\/bologna-metropolitana\/la-previdenza-complementare-miti-da-sfatare\/\"},\"author\":{\"name\":\"Admin\",\"@id\":\"https:\/\/www.assicoop.it\/bologna-metropolitana\/#\/schema\/person\/d3eb7aa9fc5c3df327c621a4b3154259\"},\"headline\":\"La previdenza complementare: scopriamo insieme alcuni miti da sfatare!\",\"datePublished\":\"2024-11-08T09:15:08+00:00\",\"dateModified\":\"2025-11-10T08:24:10+00:00\",\"mainEntityOfPage\":{\"@id\":\"https:\/\/www.assicoop.it\/bologna-metropolitana\/la-previdenza-complementare-miti-da-sfatare\/\"},\"wordCount\":548,\"publisher\":{\"@id\":\"https:\/\/www.assicoop.it\/bologna-metropolitana\/#organization\"},\"articleSection\":[\"News\",\"Protezione\"],\"inLanguage\":\"it-IT\"},{\"@type\":\"WebPage\",\"@id\":\"https:\/\/www.assicoop.it\/bologna-metropolitana\/la-previdenza-complementare-miti-da-sfatare\/\",\"url\":\"https:\/\/www.assicoop.it\/bologna-metropolitana\/la-previdenza-complementare-miti-da-sfatare\/\",\"name\":\"La previdenza complementare: scopriamo insieme alcuni miti da sfatare! - Assicoop Bologna Metropolitana\",\"isPartOf\":{\"@id\":\"https:\/\/www.assicoop.it\/bologna-metropolitana\/#website\"},\"datePublished\":\"2024-11-08T09:15:08+00:00\",\"dateModified\":\"2025-11-10T08:24:10+00:00\",\"description\":\"La previdenza complementare \u00e8 spesso avvolta da luoghi comuni che possono far esitare, ma sfatarli \u00e8 il primo passo per comprendere meglio quanto possa essere alla portata di tutti.\",\"inLanguage\":\"it-IT\",\"potentialAction\":[{\"@type\":\"ReadAction\",\"target\":[\"https:\/\/www.assicoop.it\/bologna-metropolitana\/la-previdenza-complementare-miti-da-sfatare\/\"]}]},{\"@type\":\"WebSite\",\"@id\":\"https:\/\/www.assicoop.it\/bologna-metropolitana\/#website\",\"url\":\"https:\/\/www.assicoop.it\/bologna-metropolitana\/\",\"name\":\"Assicoop Bologna Metropolitana\",\"description\":\"Vicina. Sicura. Tua.\",\"publisher\":{\"@id\":\"https:\/\/www.assicoop.it\/bologna-metropolitana\/#organization\"},\"potentialAction\":[{\"@type\":\"SearchAction\",\"target\":{\"@type\":\"EntryPoint\",\"urlTemplate\":\"https:\/\/www.assicoop.it\/bologna-metropolitana\/?s={search_term_string}\"},\"query-input\":\"required name=search_term_string\"}],\"inLanguage\":\"it-IT\"},{\"@type\":\"Organization\",\"@id\":\"https:\/\/www.assicoop.it\/bologna-metropolitana\/#organization\",\"name\":\"Assicoop Bologna Metropolitana\",\"url\":\"https:\/\/www.assicoop.it\/bologna-metropolitana\/\",\"logo\":{\"@type\":\"ImageObject\",\"inLanguage\":\"it-IT\",\"@id\":\"https:\/\/www.assicoop.it\/bologna-metropolitana\/#\/schema\/logo\/image\/\",\"url\":\"https:\/\/www.assicoop.it\/bologna-metropolitana\/wp-content\/uploads\/2021\/11\/AssBoMetro-COLORE.svg\",\"contentUrl\":\"https:\/\/www.assicoop.it\/bologna-metropolitana\/wp-content\/uploads\/2021\/11\/AssBoMetro-COLORE.svg\",\"caption\":\"Assicoop Bologna Metropolitana\"},\"image\":{\"@id\":\"https:\/\/www.assicoop.it\/bologna-metropolitana\/#\/schema\/logo\/image\/\"}},{\"@type\":\"Person\",\"@id\":\"https:\/\/www.assicoop.it\/bologna-metropolitana\/#\/schema\/person\/d3eb7aa9fc5c3df327c621a4b3154259\",\"name\":\"Admin\",\"image\":{\"@type\":\"ImageObject\",\"inLanguage\":\"it-IT\",\"@id\":\"https:\/\/www.assicoop.it\/bologna-metropolitana\/#\/schema\/person\/image\/\",\"url\":\"https:\/\/secure.gravatar.com\/avatar\/5767e7a1ee4373b71c91822a1d11154f?s=96&d=mm&r=g\",\"contentUrl\":\"https:\/\/secure.gravatar.com\/avatar\/5767e7a1ee4373b71c91822a1d11154f?s=96&d=mm&r=g\",\"caption\":\"Admin\"},\"url\":\"https:\/\/www.assicoop.it\/bologna-metropolitana\/author\/admin\/\"}]}<\/script>\n<!-- \/ Yoast SEO plugin. -->","yoast_head_json":{"title":"La previdenza complementare: scopriamo insieme alcuni miti da sfatare! - Assicoop Bologna Metropolitana","description":"La previdenza complementare \u00e8 spesso avvolta da luoghi comuni che possono far esitare, ma sfatarli \u00e8 il primo passo per comprendere meglio quanto possa essere alla portata di tutti.","robots":{"index":"index","follow":"follow","max-snippet":"max-snippet:-1","max-image-preview":"max-image-preview:large","max-video-preview":"max-video-preview:-1"},"canonical":"https:\/\/www.assicoop.it\/bologna-metropolitana\/la-previdenza-complementare-miti-da-sfatare\/","og_locale":"it_IT","og_type":"article","og_title":"La previdenza complementare: scopriamo insieme alcuni miti da sfatare! - Assicoop Bologna Metropolitana","og_description":"La previdenza complementare \u00e8 spesso avvolta da luoghi comuni che possono far esitare, ma sfatarli \u00e8 il primo passo per comprendere meglio quanto possa essere alla portata di tutti.","og_url":"https:\/\/www.assicoop.it\/bologna-metropolitana\/la-previdenza-complementare-miti-da-sfatare\/","og_site_name":"Assicoop Bologna Metropolitana","article_published_time":"2024-11-08T09:15:08+00:00","article_modified_time":"2025-11-10T08:24:10+00:00","og_image":[{"width":825,"height":619,"url":"https:\/\/www.assicoop.it\/bologna-metropolitana\/wp-content\/uploads\/2024\/11\/previdenza-miti.png","type":"image\/png"}],"author":"Admin","twitter_card":"summary_large_image","twitter_misc":{"Scritto da":"Admin","Tempo di lettura stimato":"4 minuti"},"schema":{"@context":"https:\/\/schema.org","@graph":[{"@type":"Article","@id":"https:\/\/www.assicoop.it\/bologna-metropolitana\/la-previdenza-complementare-miti-da-sfatare\/#article","isPartOf":{"@id":"https:\/\/www.assicoop.it\/bologna-metropolitana\/la-previdenza-complementare-miti-da-sfatare\/"},"author":{"name":"Admin","@id":"https:\/\/www.assicoop.it\/bologna-metropolitana\/#\/schema\/person\/d3eb7aa9fc5c3df327c621a4b3154259"},"headline":"La previdenza complementare: scopriamo insieme alcuni miti da sfatare!","datePublished":"2024-11-08T09:15:08+00:00","dateModified":"2025-11-10T08:24:10+00:00","mainEntityOfPage":{"@id":"https:\/\/www.assicoop.it\/bologna-metropolitana\/la-previdenza-complementare-miti-da-sfatare\/"},"wordCount":548,"publisher":{"@id":"https:\/\/www.assicoop.it\/bologna-metropolitana\/#organization"},"articleSection":["News","Protezione"],"inLanguage":"it-IT"},{"@type":"WebPage","@id":"https:\/\/www.assicoop.it\/bologna-metropolitana\/la-previdenza-complementare-miti-da-sfatare\/","url":"https:\/\/www.assicoop.it\/bologna-metropolitana\/la-previdenza-complementare-miti-da-sfatare\/","name":"La previdenza complementare: scopriamo insieme alcuni miti da sfatare! - Assicoop Bologna Metropolitana","isPartOf":{"@id":"https:\/\/www.assicoop.it\/bologna-metropolitana\/#website"},"datePublished":"2024-11-08T09:15:08+00:00","dateModified":"2025-11-10T08:24:10+00:00","description":"La previdenza complementare \u00e8 spesso avvolta da luoghi comuni che possono far esitare, ma sfatarli \u00e8 il primo passo per comprendere meglio quanto possa essere alla portata di tutti.","inLanguage":"it-IT","potentialAction":[{"@type":"ReadAction","target":["https:\/\/www.assicoop.it\/bologna-metropolitana\/la-previdenza-complementare-miti-da-sfatare\/"]}]},{"@type":"WebSite","@id":"https:\/\/www.assicoop.it\/bologna-metropolitana\/#website","url":"https:\/\/www.assicoop.it\/bologna-metropolitana\/","name":"Assicoop Bologna Metropolitana","description":"Vicina. Sicura. Tua.","publisher":{"@id":"https:\/\/www.assicoop.it\/bologna-metropolitana\/#organization"},"potentialAction":[{"@type":"SearchAction","target":{"@type":"EntryPoint","urlTemplate":"https:\/\/www.assicoop.it\/bologna-metropolitana\/?s={search_term_string}"},"query-input":"required name=search_term_string"}],"inLanguage":"it-IT"},{"@type":"Organization","@id":"https:\/\/www.assicoop.it\/bologna-metropolitana\/#organization","name":"Assicoop Bologna Metropolitana","url":"https:\/\/www.assicoop.it\/bologna-metropolitana\/","logo":{"@type":"ImageObject","inLanguage":"it-IT","@id":"https:\/\/www.assicoop.it\/bologna-metropolitana\/#\/schema\/logo\/image\/","url":"https:\/\/www.assicoop.it\/bologna-metropolitana\/wp-content\/uploads\/2021\/11\/AssBoMetro-COLORE.svg","contentUrl":"https:\/\/www.assicoop.it\/bologna-metropolitana\/wp-content\/uploads\/2021\/11\/AssBoMetro-COLORE.svg","caption":"Assicoop Bologna Metropolitana"},"image":{"@id":"https:\/\/www.assicoop.it\/bologna-metropolitana\/#\/schema\/logo\/image\/"}},{"@type":"Person","@id":"https:\/\/www.assicoop.it\/bologna-metropolitana\/#\/schema\/person\/d3eb7aa9fc5c3df327c621a4b3154259","name":"Admin","image":{"@type":"ImageObject","inLanguage":"it-IT","@id":"https:\/\/www.assicoop.it\/bologna-metropolitana\/#\/schema\/person\/image\/","url":"https:\/\/secure.gravatar.com\/avatar\/5767e7a1ee4373b71c91822a1d11154f?s=96&d=mm&r=g","contentUrl":"https:\/\/secure.gravatar.com\/avatar\/5767e7a1ee4373b71c91822a1d11154f?s=96&d=mm&r=g","caption":"Admin"},"url":"https:\/\/www.assicoop.it\/bologna-metropolitana\/author\/admin\/"}]}},"_links":{"self":[{"href":"https:\/\/www.assicoop.it\/bologna-metropolitana\/wp-json\/wp\/v2\/posts\/5826"}],"collection":[{"href":"https:\/\/www.assicoop.it\/bologna-metropolitana\/wp-json\/wp\/v2\/posts"}],"about":[{"href":"https:\/\/www.assicoop.it\/bologna-metropolitana\/wp-json\/wp\/v2\/types\/post"}],"author":[{"embeddable":true,"href":"https:\/\/www.assicoop.it\/bologna-metropolitana\/wp-json\/wp\/v2\/users\/4"}],"replies":[{"embeddable":true,"href":"https:\/\/www.assicoop.it\/bologna-metropolitana\/wp-json\/wp\/v2\/comments?post=5826"}],"version-history":[{"count":20,"href":"https:\/\/www.assicoop.it\/bologna-metropolitana\/wp-json\/wp\/v2\/posts\/5826\/revisions"}],"predecessor-version":[{"id":6412,"href":"https:\/\/www.assicoop.it\/bologna-metropolitana\/wp-json\/wp\/v2\/posts\/5826\/revisions\/6412"}],"wp:featuredmedia":[{"embeddable":true,"href":"https:\/\/www.assicoop.it\/bologna-metropolitana\/wp-json\/wp\/v2\/media\/6399"}],"wp:attachment":[{"href":"https:\/\/www.assicoop.it\/bologna-metropolitana\/wp-json\/wp\/v2\/media?parent=5826"}],"wp:term":[{"taxonomy":"category","embeddable":true,"href":"https:\/\/www.assicoop.it\/bologna-metropolitana\/wp-json\/wp\/v2\/categories?post=5826"},{"taxonomy":"post_tag","embeddable":true,"href":"https:\/\/www.assicoop.it\/bologna-metropolitana\/wp-json\/wp\/v2\/tags?post=5826"}],"curies":[{"name":"wp","href":"https:\/\/api.w.org\/{rel}","templated":true}]}}