{"id":5783,"date":"2024-09-24T16:58:25","date_gmt":"2024-09-24T14:58:25","guid":{"rendered":"https:\/\/www.assicoop.it\/bologna-metropolitana\/?p=5783"},"modified":"2025-01-03T14:00:00","modified_gmt":"2025-01-03T13:00:00","slug":"assicurazione-per-case-in-affitto-chi-paga-i-danni","status":"publish","type":"post","link":"https:\/\/www.assicoop.it\/bologna-metropolitana\/assicurazione-per-case-in-affitto-chi-paga-i-danni\/","title":{"rendered":"Assicurazione per case in affitto: chi paga i danni?"},"content":{"rendered":"\t\t<div data-elementor-type=\"wp-post\" data-elementor-id=\"5783\" class=\"elementor elementor-5783\" data-elementor-post-type=\"post\">\n\t\t\t\t\t\t<section class=\"elementor-section elementor-top-section elementor-element elementor-element-52366d91 elementor-section-full_width elementor-section-height-min-height elementor-section-items-stretch elementor-section-content-bottom elementor-section-height-default\" data-id=\"52366d91\" data-element_type=\"section\">\n\t\t\t\t\t\t<div class=\"elementor-container elementor-column-gap-no\">\n\t\t\t\t\t<div class=\"elementor-column elementor-col-50 elementor-top-column elementor-element elementor-element-6c02e537\" data-id=\"6c02e537\" data-element_type=\"column\" data-settings=\"{&quot;background_background&quot;:&quot;classic&quot;}\">\n\t\t\t<div class=\"elementor-widget-wrap elementor-element-populated\">\n\t\t\t\t\t\t<div class=\"elementor-element elementor-element-790b10b3 elementor-widget elementor-widget-theme-post-title elementor-page-title elementor-widget-heading\" data-id=\"790b10b3\" data-element_type=\"widget\" data-widget_type=\"theme-post-title.default\">\n\t\t\t\t<div class=\"elementor-widget-container\">\n\t\t\t\t\t<h1 class=\"elementor-heading-title elementor-size-default\">Assicurazione per case in affitto: chi paga i danni?<\/h1>\t\t\t\t<\/div>\n\t\t\t\t<\/div>\n\t\t\t\t<div class=\"elementor-element elementor-element-71c9fa27 elementor-widget elementor-widget-post-info\" data-id=\"71c9fa27\" data-element_type=\"widget\" data-widget_type=\"post-info.default\">\n\t\t\t\t<div class=\"elementor-widget-container\">\n\t\t\t\t\t\t\t<ul class=\"elementor-inline-items elementor-icon-list-items elementor-post-info\">\n\t\t\t\t\t\t\t\t<li class=\"elementor-icon-list-item elementor-repeater-item-9093a23 elementor-inline-item\" itemprop=\"datePublished\">\n\t\t\t\t\t\t\t\t\t\t\t\t\t<span class=\"elementor-icon-list-text elementor-post-info__item elementor-post-info__item--type-date\">\n\t\t\t\t\t\t\t\t\t\t<time>Settembre 24, 2024<\/time>\t\t\t\t\t<\/span>\n\t\t\t\t\t\t\t\t<\/li>\n\t\t\t\t<li class=\"elementor-icon-list-item elementor-repeater-item-42b6822 elementor-inline-item\" itemprop=\"about\">\n\t\t\t\t\t\t\t\t\t\t\t\t\t<span class=\"elementor-icon-list-text elementor-post-info__item elementor-post-info__item--type-terms\">\n\t\t\t\t\t\t\t\t\t\t<span class=\"elementor-post-info__terms-list\">\n\t\t\t\t<a href=\"https:\/\/www.assicoop.it\/bologna-metropolitana\/categoria\/casa\/\" class=\"elementor-post-info__terms-list-item\">Casa<\/a>, <a href=\"https:\/\/www.assicoop.it\/bologna-metropolitana\/categoria\/news\/\" class=\"elementor-post-info__terms-list-item\">News<\/a>, <a href=\"https:\/\/www.assicoop.it\/bologna-metropolitana\/categoria\/prodotti\/\" class=\"elementor-post-info__terms-list-item\">Prodotti<\/a>\t\t\t\t<\/span>\n\t\t\t\t\t<\/span>\n\t\t\t\t\t\t\t\t<\/li>\n\t\t\t\t<\/ul>\n\t\t\t\t\t\t<\/div>\n\t\t\t\t<\/div>\n\t\t\t\t\t<\/div>\n\t\t<\/div>\n\t\t\t\t<div class=\"elementor-column elementor-col-50 elementor-top-column elementor-element elementor-element-2dbd6883\" data-id=\"2dbd6883\" data-element_type=\"column\" data-settings=\"{&quot;background_background&quot;:&quot;classic&quot;}\">\n\t\t\t<div class=\"elementor-widget-wrap elementor-element-populated\">\n\t\t\t\t\t\t<div class=\"elementor-element elementor-element-7d0099f3 elementor-hidden-tablet elementor-hidden-phone elementor-widget elementor-widget-theme-post-featured-image elementor-widget-image\" data-id=\"7d0099f3\" data-element_type=\"widget\" data-widget_type=\"theme-post-featured-image.default\">\n\t\t\t\t<div class=\"elementor-widget-container\">\n\t\t\t\t\t\t\t\t\t\t\t\t\t\t\t<img fetchpriority=\"high\" decoding=\"async\" width=\"800\" height=\"600\" src=\"https:\/\/www.assicoop.it\/bologna-metropolitana\/wp-content\/uploads\/2024\/09\/protezione-case-affitto.jpg\" class=\"attachment-full size-full wp-image-5881\" alt=\"\" srcset=\"https:\/\/www.assicoop.it\/bologna-metropolitana\/wp-content\/uploads\/2024\/09\/protezione-case-affitto.jpg 800w, https:\/\/www.assicoop.it\/bologna-metropolitana\/wp-content\/uploads\/2024\/09\/protezione-case-affitto-300x225.jpg 300w, https:\/\/www.assicoop.it\/bologna-metropolitana\/wp-content\/uploads\/2024\/09\/protezione-case-affitto-768x576.jpg 768w\" sizes=\"(max-width: 800px) 100vw, 800px\" \/>\t\t\t\t\t\t\t\t\t\t\t\t\t\t\t<\/div>\n\t\t\t\t<\/div>\n\t\t\t\t\t<\/div>\n\t\t<\/div>\n\t\t\t\t\t<\/div>\n\t\t<\/section>\n\t\t\t\t<section class=\"elementor-section elementor-top-section elementor-element elementor-element-5b54b20 elementor-section-boxed elementor-section-height-default elementor-section-height-default\" data-id=\"5b54b20\" data-element_type=\"section\">\n\t\t\t\t\t\t<div class=\"elementor-container elementor-column-gap-default\">\n\t\t\t\t\t<div class=\"elementor-column elementor-col-100 elementor-top-column elementor-element elementor-element-0270611\" data-id=\"0270611\" data-element_type=\"column\">\n\t\t\t<div class=\"elementor-widget-wrap elementor-element-populated\">\n\t\t\t\t\t\t<div class=\"elementor-element elementor-element-8b290b4 elementor-widget elementor-widget-heading\" data-id=\"8b290b4\" data-element_type=\"widget\" data-widget_type=\"heading.default\">\n\t\t\t\t<div class=\"elementor-widget-container\">\n\t\t\t\t\t<h2 class=\"elementor-heading-title elementor-size-default\">Proteggi il tuo spazio in affitto: scopri perch\u00e9 \u00e8 importante assicurarlo.<\/h2>\t\t\t\t<\/div>\n\t\t\t\t<\/div>\n\t\t\t\t\t<\/div>\n\t\t<\/div>\n\t\t\t\t\t<\/div>\n\t\t<\/section>\n\t\t\t\t<section class=\"elementor-section elementor-top-section elementor-element elementor-element-3ba05f7 elementor-section-boxed elementor-section-height-default elementor-section-height-default\" data-id=\"3ba05f7\" data-element_type=\"section\">\n\t\t\t\t\t\t<div class=\"elementor-container elementor-column-gap-default\">\n\t\t\t\t\t<div class=\"elementor-column elementor-col-100 elementor-top-column elementor-element elementor-element-7f274ec\" data-id=\"7f274ec\" data-element_type=\"column\">\n\t\t\t<div class=\"elementor-widget-wrap elementor-element-populated\">\n\t\t\t\t\t\t<div class=\"elementor-element elementor-element-06c1b43 elementor-widget elementor-widget-text-editor\" data-id=\"06c1b43\" data-element_type=\"widget\" data-widget_type=\"text-editor.default\">\n\t\t\t\t<div class=\"elementor-widget-container\">\n\t\t\t\t\t\t\t\t\t<p><span style=\"font-weight: 400;\">Affittare una casa o un appartamento \u00e8 una scelta che offre grande libert\u00e0 e flessibilit\u00e0. Tuttavia, con queste opportunit\u00e0 arrivano anche alcune responsabilit\u00e0. Se ti trovassi a danneggiare accidentalmente l\u2019immobile o gli oggetti al suo interno, chi ne sarebbe responsabile? Di solito, \u00e8 la persona che affitta a dover rispondere di questi danni, mentre il proprietario si occupa della manutenzione ordinaria.<\/span><\/p><p><span style=\"font-weight: 400;\">Ci sono situazioni in cui le responsabilit\u00e0 non sono cos\u00ec chiare, specialmente quando si tratta di danni accidentali o piccoli incidenti. Ecco che l\u2019assicurazione per case in affitto diventa uno strumento che pu\u00f2 portare serenit\u00e0 sia a te che al proprietario. Scopri perch\u00e9 pu\u00f2 fare la differenza.<\/span><\/p>\t\t\t\t\t\t\t\t<\/div>\n\t\t\t\t<\/div>\n\t\t\t\t\t<\/div>\n\t\t<\/div>\n\t\t\t\t\t<\/div>\n\t\t<\/section>\n\t\t\t\t<section class=\"elementor-section elementor-top-section elementor-element elementor-element-da9f6b5 elementor-section-boxed elementor-section-height-default elementor-section-height-default\" data-id=\"da9f6b5\" data-element_type=\"section\">\n\t\t\t\t\t\t<div class=\"elementor-container elementor-column-gap-default\">\n\t\t\t\t\t<div class=\"elementor-column elementor-col-100 elementor-top-column elementor-element elementor-element-56d4c42\" data-id=\"56d4c42\" data-element_type=\"column\">\n\t\t\t<div class=\"elementor-widget-wrap elementor-element-populated\">\n\t\t\t\t\t\t<div class=\"elementor-element elementor-element-7e255fe elementor-widget elementor-widget-heading\" data-id=\"7e255fe\" data-element_type=\"widget\" data-widget_type=\"heading.default\">\n\t\t\t\t<div class=\"elementor-widget-container\">\n\t\t\t\t\t<h2 class=\"elementor-heading-title elementor-size-default\">Perch\u00e9 stipulare un'assicurazione per una casa in affitto?<\/h2>\t\t\t\t<\/div>\n\t\t\t\t<\/div>\n\t\t\t\t\t<\/div>\n\t\t<\/div>\n\t\t\t\t\t<\/div>\n\t\t<\/section>\n\t\t\t\t<section class=\"elementor-section elementor-top-section elementor-element elementor-element-de5d486 elementor-section-boxed elementor-section-height-default elementor-section-height-default\" data-id=\"de5d486\" data-element_type=\"section\">\n\t\t\t\t\t\t<div class=\"elementor-container elementor-column-gap-default\">\n\t\t\t\t\t<div class=\"elementor-column elementor-col-100 elementor-top-column elementor-element elementor-element-c8912d5\" data-id=\"c8912d5\" data-element_type=\"column\">\n\t\t\t<div class=\"elementor-widget-wrap elementor-element-populated\">\n\t\t\t\t\t\t<div class=\"elementor-element elementor-element-b59a634 elementor-widget elementor-widget-text-editor\" data-id=\"b59a634\" data-element_type=\"widget\" data-widget_type=\"text-editor.default\">\n\t\t\t\t<div class=\"elementor-widget-container\">\n\t\t\t\t\t\t\t\t\t<p><b>Sicurezza economica<\/b><b><br \/><\/b><span style=\"font-weight: 400;\">Immagina di dover affrontare una macchia sul parquet causata dalla perdita di un elettrodomestico: le spese impreviste possono essere un vero problema! Un&#8217;assicurazione copre questi costi, evitandoti spiacevoli sorprese.<\/span><\/p><p><b>Meno conflitti<\/b><b><br \/><\/b><span style=\"font-weight: 400;\">Quando si verifica un danno, avere un\u2019assicurazione significa evitare lunghe e stressanti discussioni con il proprietario. Le pratiche di risarcimento sono chiare e rapide, riducendo al minimo le tensioni.<\/span><\/p><p><b>Protezione per terzi<\/b><b><br \/><\/b><span style=\"font-weight: 400;\">Se una persona ospite si dovesse fare male nella tua abitazione, l\u2019assicurazione pu\u00f2 coprire i danni, proteggendoti da spiacevoli conseguenze legali.<\/span><\/p><p><b>Quando conviene assicurare una casa in affitto?<\/b><\/p><p><span style=\"font-weight: 400;\">Sempre! Anche se la casa non \u00e8 tua, se l\u2019arredamento appartiene al proprietario, se in casa ci sono animali domestici o bambini piccoli, stipulare un\u2019assicurazione diventa ancora pi\u00f9 importante per prevenire ogni tipo di sorpresa.<\/span><\/p>\t\t\t\t\t\t\t\t<\/div>\n\t\t\t\t<\/div>\n\t\t\t\t\t<\/div>\n\t\t<\/div>\n\t\t\t\t\t<\/div>\n\t\t<\/section>\n\t\t\t\t<section class=\"elementor-section elementor-top-section elementor-element elementor-element-b2b53fb elementor-section-boxed elementor-section-height-default elementor-section-height-default\" data-id=\"b2b53fb\" data-element_type=\"section\">\n\t\t\t\t\t\t<div class=\"elementor-container elementor-column-gap-default\">\n\t\t\t\t\t<div class=\"elementor-column elementor-col-100 elementor-top-column elementor-element elementor-element-e8871cf\" data-id=\"e8871cf\" data-element_type=\"column\">\n\t\t\t<div class=\"elementor-widget-wrap elementor-element-populated\">\n\t\t\t\t\t\t<div class=\"elementor-element elementor-element-0de910a elementor-widget elementor-widget-heading\" data-id=\"0de910a\" data-element_type=\"widget\" data-widget_type=\"heading.default\">\n\t\t\t\t<div class=\"elementor-widget-container\">\n\t\t\t\t\t<h2 class=\"elementor-heading-title elementor-size-default\">Perch\u00e9 scegliere Assicoop e UnipolSai?<\/h2>\t\t\t\t<\/div>\n\t\t\t\t<\/div>\n\t\t\t\t\t<\/div>\n\t\t<\/div>\n\t\t\t\t\t<\/div>\n\t\t<\/section>\n\t\t\t\t<section class=\"elementor-section elementor-top-section elementor-element elementor-element-1bc4862 elementor-section-boxed elementor-section-height-default elementor-section-height-default\" data-id=\"1bc4862\" data-element_type=\"section\">\n\t\t\t\t\t\t<div class=\"elementor-container elementor-column-gap-default\">\n\t\t\t\t\t<div class=\"elementor-column elementor-col-100 elementor-top-column elementor-element elementor-element-39e48bb\" data-id=\"39e48bb\" data-element_type=\"column\">\n\t\t\t<div class=\"elementor-widget-wrap elementor-element-populated\">\n\t\t\t\t\t\t<div class=\"elementor-element elementor-element-5c4cbcf elementor-widget elementor-widget-text-editor\" data-id=\"5c4cbcf\" data-element_type=\"widget\" data-widget_type=\"text-editor.default\">\n\t\t\t\t<div class=\"elementor-widget-container\">\n\t\t\t\t\t\t\t\t\t<p><span style=\"font-weight: 400;\">Con Assicoop e UnipolSai Casa&amp;Servizi hai a disposizione una copertura completa per il tuo spazio in affitto, che ti offre la tranquillit\u00e0 che meriti.<\/span><\/p><ul><li style=\"font-weight: 400;\" aria-level=\"1\"><b>Furto<\/b><span style=\"font-weight: 400;\">: proteggi i tuoi beni, anche quelli riposti in box o cantina.<\/span><\/li><li style=\"font-weight: 400;\" aria-level=\"1\"><b>Responsabilit\u00e0 civile verso terzi<\/b><span style=\"font-weight: 400;\">: copertura in caso di danni, incluso incendio.<\/span><\/li><li style=\"font-weight: 400;\" aria-level=\"1\"><b>Danni da fenomeni elettrici<\/b><span style=\"font-weight: 400;\">: proteggi i tuoi dispositivi elettronici da scariche o guasti improvvisi.<\/span><\/li><li style=\"font-weight: 400;\" aria-level=\"1\"><b>Danni ai beni<\/b><span style=\"font-weight: 400;\">: copertura per danni da incendio, esplosione o fumo, anche ai beni di terzi.<\/span><\/li><li style=\"font-weight: 400;\" aria-level=\"1\"><b>Tutela legale<\/b><span style=\"font-weight: 400;\">: supporto in caso di controversie legali.<\/span><\/li><\/ul><p><span style=\"font-weight: 400;\">UnipolSai Casa&amp;Servizi ti aiuta a vivere il tuo spazio in affitto con tutta la serenit\u00e0 di cui hai bisogno, senza preoccupazioni. Proteggi ci\u00f2 che conta davvero e goditi la tua casa.<\/span><\/p>\t\t\t\t\t\t\t\t<\/div>\n\t\t\t\t<\/div>\n\t\t\t\t\t<\/div>\n\t\t<\/div>\n\t\t\t\t\t<\/div>\n\t\t<\/section>\n\t\t\t\t<section class=\"elementor-section elementor-top-section elementor-element elementor-element-fdde7e5 elementor-section-boxed elementor-section-height-default elementor-section-height-default\" data-id=\"fdde7e5\" data-element_type=\"section\">\n\t\t\t\t\t\t<div class=\"elementor-container elementor-column-gap-default\">\n\t\t\t\t\t<div class=\"elementor-column elementor-col-100 elementor-top-column elementor-element elementor-element-6bd2ad8\" data-id=\"6bd2ad8\" data-element_type=\"column\">\n\t\t\t<div class=\"elementor-widget-wrap elementor-element-populated\">\n\t\t\t\t\t\t<div class=\"elementor-element elementor-element-324fa2e elementor-align-center elementor-widget elementor-widget-button\" data-id=\"324fa2e\" data-element_type=\"widget\" data-widget_type=\"button.default\">\n\t\t\t\t<div class=\"elementor-widget-container\">\n\t\t\t\t\t\t\t\t\t<div class=\"elementor-button-wrapper\">\n\t\t\t\t\t<a class=\"elementor-button elementor-button-link elementor-size-sm\" href=\"https:\/\/www.assicoop.it\/bologna-metropolitana\/catalogo-prodotti\/la-tua-casa\/\" target=\"_blank\">\n\t\t\t\t\t\t<span class=\"elementor-button-content-wrapper\">\n\t\t\t\t\t\t\t\t\t<span class=\"elementor-button-text\">per maggiori informazioni<\/span>\n\t\t\t\t\t<\/span>\n\t\t\t\t\t<\/a>\n\t\t\t\t<\/div>\n\t\t\t\t\t\t\t\t<\/div>\n\t\t\t\t<\/div>\n\t\t\t\t<div class=\"elementor-element elementor-element-4b66dfd elementor-share-buttons--view-icon elementor-share-buttons--skin-gradient elementor-share-buttons--shape-square elementor-grid-0 elementor-share-buttons--color-official elementor-widget elementor-widget-share-buttons\" data-id=\"4b66dfd\" data-element_type=\"widget\" data-widget_type=\"share-buttons.default\">\n\t\t\t\t<div class=\"elementor-widget-container\">\n\t\t\t\t\t\t\t<div class=\"elementor-grid\">\n\t\t\t\t\t\t\t\t<div class=\"elementor-grid-item\">\n\t\t\t\t\t\t<div\n\t\t\t\t\t\t\tclass=\"elementor-share-btn elementor-share-btn_facebook\"\n\t\t\t\t\t\t\trole=\"button\"\n\t\t\t\t\t\t\ttabindex=\"0\"\n\t\t\t\t\t\t\taria-label=\"Condividi su facebook\"\n\t\t\t\t\t\t>\n\t\t\t\t\t\t\t\t\t\t\t\t\t\t\t<span class=\"elementor-share-btn__icon\">\n\t\t\t\t\t\t\t\t<i class=\"fab fa-facebook\" aria-hidden=\"true\"><\/i>\t\t\t\t\t\t\t<\/span>\n\t\t\t\t\t\t\t\t\t\t\t\t\t\t\t\t\t\t\t\t<\/div>\n\t\t\t\t\t<\/div>\n\t\t\t\t\t\t\t\t\t<div class=\"elementor-grid-item\">\n\t\t\t\t\t\t<div\n\t\t\t\t\t\t\tclass=\"elementor-share-btn elementor-share-btn_twitter\"\n\t\t\t\t\t\t\trole=\"button\"\n\t\t\t\t\t\t\ttabindex=\"0\"\n\t\t\t\t\t\t\taria-label=\"Condividi su twitter\"\n\t\t\t\t\t\t>\n\t\t\t\t\t\t\t\t\t\t\t\t\t\t\t<span class=\"elementor-share-btn__icon\">\n\t\t\t\t\t\t\t\t<i class=\"fab fa-twitter\" aria-hidden=\"true\"><\/i>\t\t\t\t\t\t\t<\/span>\n\t\t\t\t\t\t\t\t\t\t\t\t\t\t\t\t\t\t\t\t<\/div>\n\t\t\t\t\t<\/div>\n\t\t\t\t\t\t\t\t\t<div class=\"elementor-grid-item\">\n\t\t\t\t\t\t<div\n\t\t\t\t\t\t\tclass=\"elementor-share-btn elementor-share-btn_linkedin\"\n\t\t\t\t\t\t\trole=\"button\"\n\t\t\t\t\t\t\ttabindex=\"0\"\n\t\t\t\t\t\t\taria-label=\"Condividi su linkedin\"\n\t\t\t\t\t\t>\n\t\t\t\t\t\t\t\t\t\t\t\t\t\t\t<span class=\"elementor-share-btn__icon\">\n\t\t\t\t\t\t\t\t<i class=\"fab fa-linkedin\" aria-hidden=\"true\"><\/i>\t\t\t\t\t\t\t<\/span>\n\t\t\t\t\t\t\t\t\t\t\t\t\t\t\t\t\t\t\t\t<\/div>\n\t\t\t\t\t<\/div>\n\t\t\t\t\t\t<\/div>\n\t\t\t\t\t\t<\/div>\n\t\t\t\t<\/div>\n\t\t\t\t<div class=\"elementor-element elementor-element-14e543d elementor-widget elementor-widget-post-navigation\" data-id=\"14e543d\" data-element_type=\"widget\" data-widget_type=\"post-navigation.default\">\n\t\t\t\t<div class=\"elementor-widget-container\">\n\t\t\t\t\t\t\t<div class=\"elementor-post-navigation\">\n\t\t\t<div class=\"elementor-post-navigation__prev elementor-post-navigation__link\">\n\t\t\t\t<a href=\"https:\/\/www.assicoop.it\/bologna-metropolitana\/unipolmove-boom-di-vendite-nel-2024\/\" rel=\"prev\"><span class=\"post-navigation__arrow-wrapper post-navigation__arrow-prev\"><i class=\"fa fa-chevron-left\" aria-hidden=\"true\"><\/i><span class=\"elementor-screen-only\">Precedente<\/span><\/span><span class=\"elementor-post-navigation__link__prev\"><span class=\"post-navigation__prev--label\">Precedente<\/span><\/span><\/a>\t\t\t<\/div>\n\t\t\t\t\t\t<div class=\"elementor-post-navigation__next elementor-post-navigation__link\">\n\t\t\t\t<a href=\"https:\/\/www.assicoop.it\/bologna-metropolitana\/ottobre-rosa-la-tua-salute-merita-di-essere-protetta\/\" rel=\"next\"><span class=\"elementor-post-navigation__link__next\"><span class=\"post-navigation__next--label\">Successivo<\/span><\/span><span class=\"post-navigation__arrow-wrapper post-navigation__arrow-next\"><i class=\"fa fa-chevron-right\" aria-hidden=\"true\"><\/i><span class=\"elementor-screen-only\">Successivo<\/span><\/span><\/a>\t\t\t<\/div>\n\t\t<\/div>\n\t\t\t\t\t\t<\/div>\n\t\t\t\t<\/div>\n\t\t\t\t\t<\/div>\n\t\t<\/div>\n\t\t\t\t\t<\/div>\n\t\t<\/section>\n\t\t\t\t<section class=\"elementor-section elementor-top-section elementor-element elementor-element-61de464 elementor-section-boxed elementor-section-height-default elementor-section-height-default\" data-id=\"61de464\" data-element_type=\"section\">\n\t\t\t\t\t\t<div class=\"elementor-container elementor-column-gap-default\">\n\t\t\t\t\t<div class=\"elementor-column elementor-col-100 elementor-top-column elementor-element elementor-element-16b4718\" data-id=\"16b4718\" data-element_type=\"column\">\n\t\t\t<div class=\"elementor-widget-wrap\">\n\t\t\t\t\t\t\t<\/div>\n\t\t<\/div>\n\t\t\t\t\t<\/div>\n\t\t<\/section>\n\t\t\t\t<\/div>\n\t\t","protected":false},"excerpt":{"rendered":"<p>Assicurazione per case in affitto: chi paga i danni?<\/p>\n","protected":false},"author":4,"featured_media":5881,"comment_status":"closed","ping_status":"open","sticky":false,"template":"","format":"standard","meta":{"footnotes":""},"categories":[8,9,56],"tags":[],"yoast_head":"<!-- This site is optimized with the Yoast SEO plugin v22.1 - https:\/\/yoast.com\/wordpress\/plugins\/seo\/ -->\n<title>Assicurazione per case in affitto: chi paga i danni? - Assicoop Bologna Metropolitana<\/title>\n<meta name=\"description\" content=\"Proteggi il tuo spazio in affitto: scopri perch\u00e9 \u00e8 importante assicurarlo\" \/>\n<meta name=\"robots\" content=\"index, follow, max-snippet:-1, max-image-preview:large, max-video-preview:-1\" \/>\n<link rel=\"canonical\" href=\"https:\/\/www.assicoop.it\/bologna-metropolitana\/assicurazione-per-case-in-affitto-chi-paga-i-danni\/\" \/>\n<meta property=\"og:locale\" content=\"it_IT\" \/>\n<meta property=\"og:type\" content=\"article\" \/>\n<meta property=\"og:title\" content=\"Assicurazione per case in affitto: chi paga i danni? - Assicoop Bologna Metropolitana\" \/>\n<meta property=\"og:description\" content=\"Proteggi il tuo spazio in affitto: scopri perch\u00e9 \u00e8 importante assicurarlo\" \/>\n<meta property=\"og:url\" content=\"https:\/\/www.assicoop.it\/bologna-metropolitana\/assicurazione-per-case-in-affitto-chi-paga-i-danni\/\" \/>\n<meta property=\"og:site_name\" content=\"Assicoop Bologna Metropolitana\" \/>\n<meta property=\"article:published_time\" content=\"2024-09-24T14:58:25+00:00\" \/>\n<meta property=\"article:modified_time\" content=\"2025-01-03T13:00:00+00:00\" \/>\n<meta property=\"og:image\" content=\"https:\/\/www.assicoop.it\/bologna-metropolitana\/wp-content\/uploads\/2024\/09\/protezione-case-affitto.jpg\" \/>\n\t<meta property=\"og:image:width\" content=\"800\" \/>\n\t<meta property=\"og:image:height\" content=\"600\" \/>\n\t<meta property=\"og:image:type\" content=\"image\/jpeg\" \/>\n<meta name=\"author\" content=\"Admin\" \/>\n<meta name=\"twitter:card\" content=\"summary_large_image\" \/>\n<meta name=\"twitter:label1\" content=\"Scritto da\" \/>\n\t<meta name=\"twitter:data1\" content=\"Admin\" \/>\n\t<meta name=\"twitter:label2\" content=\"Tempo di lettura stimato\" \/>\n\t<meta name=\"twitter:data2\" content=\"3 minuti\" \/>\n<script type=\"application\/ld+json\" class=\"yoast-schema-graph\">{\"@context\":\"https:\/\/schema.org\",\"@graph\":[{\"@type\":\"Article\",\"@id\":\"https:\/\/www.assicoop.it\/bologna-metropolitana\/assicurazione-per-case-in-affitto-chi-paga-i-danni\/#article\",\"isPartOf\":{\"@id\":\"https:\/\/www.assicoop.it\/bologna-metropolitana\/assicurazione-per-case-in-affitto-chi-paga-i-danni\/\"},\"author\":{\"name\":\"Admin\",\"@id\":\"https:\/\/www.assicoop.it\/bologna-metropolitana\/#\/schema\/person\/d3eb7aa9fc5c3df327c621a4b3154259\"},\"headline\":\"Assicurazione per case in affitto: chi paga i danni?\",\"datePublished\":\"2024-09-24T14:58:25+00:00\",\"dateModified\":\"2025-01-03T13:00:00+00:00\",\"mainEntityOfPage\":{\"@id\":\"https:\/\/www.assicoop.it\/bologna-metropolitana\/assicurazione-per-case-in-affitto-chi-paga-i-danni\/\"},\"wordCount\":394,\"publisher\":{\"@id\":\"https:\/\/www.assicoop.it\/bologna-metropolitana\/#organization\"},\"articleSection\":[\"Casa\",\"News\",\"Prodotti\"],\"inLanguage\":\"it-IT\"},{\"@type\":\"WebPage\",\"@id\":\"https:\/\/www.assicoop.it\/bologna-metropolitana\/assicurazione-per-case-in-affitto-chi-paga-i-danni\/\",\"url\":\"https:\/\/www.assicoop.it\/bologna-metropolitana\/assicurazione-per-case-in-affitto-chi-paga-i-danni\/\",\"name\":\"Assicurazione per case in affitto: chi paga i danni? - Assicoop Bologna Metropolitana\",\"isPartOf\":{\"@id\":\"https:\/\/www.assicoop.it\/bologna-metropolitana\/#website\"},\"datePublished\":\"2024-09-24T14:58:25+00:00\",\"dateModified\":\"2025-01-03T13:00:00+00:00\",\"description\":\"Proteggi il tuo spazio in affitto: scopri perch\u00e9 \u00e8 importante assicurarlo\",\"inLanguage\":\"it-IT\",\"potentialAction\":[{\"@type\":\"ReadAction\",\"target\":[\"https:\/\/www.assicoop.it\/bologna-metropolitana\/assicurazione-per-case-in-affitto-chi-paga-i-danni\/\"]}]},{\"@type\":\"WebSite\",\"@id\":\"https:\/\/www.assicoop.it\/bologna-metropolitana\/#website\",\"url\":\"https:\/\/www.assicoop.it\/bologna-metropolitana\/\",\"name\":\"Assicoop Bologna Metropolitana\",\"description\":\"Vicina. Sicura. Tua.\",\"publisher\":{\"@id\":\"https:\/\/www.assicoop.it\/bologna-metropolitana\/#organization\"},\"potentialAction\":[{\"@type\":\"SearchAction\",\"target\":{\"@type\":\"EntryPoint\",\"urlTemplate\":\"https:\/\/www.assicoop.it\/bologna-metropolitana\/?s={search_term_string}\"},\"query-input\":\"required name=search_term_string\"}],\"inLanguage\":\"it-IT\"},{\"@type\":\"Organization\",\"@id\":\"https:\/\/www.assicoop.it\/bologna-metropolitana\/#organization\",\"name\":\"Assicoop Bologna Metropolitana\",\"url\":\"https:\/\/www.assicoop.it\/bologna-metropolitana\/\",\"logo\":{\"@type\":\"ImageObject\",\"inLanguage\":\"it-IT\",\"@id\":\"https:\/\/www.assicoop.it\/bologna-metropolitana\/#\/schema\/logo\/image\/\",\"url\":\"https:\/\/www.assicoop.it\/bologna-metropolitana\/wp-content\/uploads\/2021\/11\/AssBoMetro-COLORE.svg\",\"contentUrl\":\"https:\/\/www.assicoop.it\/bologna-metropolitana\/wp-content\/uploads\/2021\/11\/AssBoMetro-COLORE.svg\",\"caption\":\"Assicoop Bologna Metropolitana\"},\"image\":{\"@id\":\"https:\/\/www.assicoop.it\/bologna-metropolitana\/#\/schema\/logo\/image\/\"}},{\"@type\":\"Person\",\"@id\":\"https:\/\/www.assicoop.it\/bologna-metropolitana\/#\/schema\/person\/d3eb7aa9fc5c3df327c621a4b3154259\",\"name\":\"Admin\",\"image\":{\"@type\":\"ImageObject\",\"inLanguage\":\"it-IT\",\"@id\":\"https:\/\/www.assicoop.it\/bologna-metropolitana\/#\/schema\/person\/image\/\",\"url\":\"https:\/\/secure.gravatar.com\/avatar\/5767e7a1ee4373b71c91822a1d11154f?s=96&d=mm&r=g\",\"contentUrl\":\"https:\/\/secure.gravatar.com\/avatar\/5767e7a1ee4373b71c91822a1d11154f?s=96&d=mm&r=g\",\"caption\":\"Admin\"},\"url\":\"https:\/\/www.assicoop.it\/bologna-metropolitana\/author\/admin\/\"}]}<\/script>\n<!-- \/ Yoast SEO plugin. -->","yoast_head_json":{"title":"Assicurazione per case in affitto: chi paga i danni? - Assicoop Bologna Metropolitana","description":"Proteggi il tuo spazio in affitto: scopri perch\u00e9 \u00e8 importante assicurarlo","robots":{"index":"index","follow":"follow","max-snippet":"max-snippet:-1","max-image-preview":"max-image-preview:large","max-video-preview":"max-video-preview:-1"},"canonical":"https:\/\/www.assicoop.it\/bologna-metropolitana\/assicurazione-per-case-in-affitto-chi-paga-i-danni\/","og_locale":"it_IT","og_type":"article","og_title":"Assicurazione per case in affitto: chi paga i danni? - Assicoop Bologna Metropolitana","og_description":"Proteggi il tuo spazio in affitto: scopri perch\u00e9 \u00e8 importante assicurarlo","og_url":"https:\/\/www.assicoop.it\/bologna-metropolitana\/assicurazione-per-case-in-affitto-chi-paga-i-danni\/","og_site_name":"Assicoop Bologna Metropolitana","article_published_time":"2024-09-24T14:58:25+00:00","article_modified_time":"2025-01-03T13:00:00+00:00","og_image":[{"width":800,"height":600,"url":"https:\/\/www.assicoop.it\/bologna-metropolitana\/wp-content\/uploads\/2024\/09\/protezione-case-affitto.jpg","type":"image\/jpeg"}],"author":"Admin","twitter_card":"summary_large_image","twitter_misc":{"Scritto da":"Admin","Tempo di lettura stimato":"3 minuti"},"schema":{"@context":"https:\/\/schema.org","@graph":[{"@type":"Article","@id":"https:\/\/www.assicoop.it\/bologna-metropolitana\/assicurazione-per-case-in-affitto-chi-paga-i-danni\/#article","isPartOf":{"@id":"https:\/\/www.assicoop.it\/bologna-metropolitana\/assicurazione-per-case-in-affitto-chi-paga-i-danni\/"},"author":{"name":"Admin","@id":"https:\/\/www.assicoop.it\/bologna-metropolitana\/#\/schema\/person\/d3eb7aa9fc5c3df327c621a4b3154259"},"headline":"Assicurazione per case in affitto: chi paga i danni?","datePublished":"2024-09-24T14:58:25+00:00","dateModified":"2025-01-03T13:00:00+00:00","mainEntityOfPage":{"@id":"https:\/\/www.assicoop.it\/bologna-metropolitana\/assicurazione-per-case-in-affitto-chi-paga-i-danni\/"},"wordCount":394,"publisher":{"@id":"https:\/\/www.assicoop.it\/bologna-metropolitana\/#organization"},"articleSection":["Casa","News","Prodotti"],"inLanguage":"it-IT"},{"@type":"WebPage","@id":"https:\/\/www.assicoop.it\/bologna-metropolitana\/assicurazione-per-case-in-affitto-chi-paga-i-danni\/","url":"https:\/\/www.assicoop.it\/bologna-metropolitana\/assicurazione-per-case-in-affitto-chi-paga-i-danni\/","name":"Assicurazione per case in affitto: chi paga i danni? - Assicoop Bologna Metropolitana","isPartOf":{"@id":"https:\/\/www.assicoop.it\/bologna-metropolitana\/#website"},"datePublished":"2024-09-24T14:58:25+00:00","dateModified":"2025-01-03T13:00:00+00:00","description":"Proteggi il tuo spazio in affitto: scopri perch\u00e9 \u00e8 importante assicurarlo","inLanguage":"it-IT","potentialAction":[{"@type":"ReadAction","target":["https:\/\/www.assicoop.it\/bologna-metropolitana\/assicurazione-per-case-in-affitto-chi-paga-i-danni\/"]}]},{"@type":"WebSite","@id":"https:\/\/www.assicoop.it\/bologna-metropolitana\/#website","url":"https:\/\/www.assicoop.it\/bologna-metropolitana\/","name":"Assicoop Bologna Metropolitana","description":"Vicina. Sicura. Tua.","publisher":{"@id":"https:\/\/www.assicoop.it\/bologna-metropolitana\/#organization"},"potentialAction":[{"@type":"SearchAction","target":{"@type":"EntryPoint","urlTemplate":"https:\/\/www.assicoop.it\/bologna-metropolitana\/?s={search_term_string}"},"query-input":"required name=search_term_string"}],"inLanguage":"it-IT"},{"@type":"Organization","@id":"https:\/\/www.assicoop.it\/bologna-metropolitana\/#organization","name":"Assicoop Bologna Metropolitana","url":"https:\/\/www.assicoop.it\/bologna-metropolitana\/","logo":{"@type":"ImageObject","inLanguage":"it-IT","@id":"https:\/\/www.assicoop.it\/bologna-metropolitana\/#\/schema\/logo\/image\/","url":"https:\/\/www.assicoop.it\/bologna-metropolitana\/wp-content\/uploads\/2021\/11\/AssBoMetro-COLORE.svg","contentUrl":"https:\/\/www.assicoop.it\/bologna-metropolitana\/wp-content\/uploads\/2021\/11\/AssBoMetro-COLORE.svg","caption":"Assicoop Bologna Metropolitana"},"image":{"@id":"https:\/\/www.assicoop.it\/bologna-metropolitana\/#\/schema\/logo\/image\/"}},{"@type":"Person","@id":"https:\/\/www.assicoop.it\/bologna-metropolitana\/#\/schema\/person\/d3eb7aa9fc5c3df327c621a4b3154259","name":"Admin","image":{"@type":"ImageObject","inLanguage":"it-IT","@id":"https:\/\/www.assicoop.it\/bologna-metropolitana\/#\/schema\/person\/image\/","url":"https:\/\/secure.gravatar.com\/avatar\/5767e7a1ee4373b71c91822a1d11154f?s=96&d=mm&r=g","contentUrl":"https:\/\/secure.gravatar.com\/avatar\/5767e7a1ee4373b71c91822a1d11154f?s=96&d=mm&r=g","caption":"Admin"},"url":"https:\/\/www.assicoop.it\/bologna-metropolitana\/author\/admin\/"}]}},"_links":{"self":[{"href":"https:\/\/www.assicoop.it\/bologna-metropolitana\/wp-json\/wp\/v2\/posts\/5783"}],"collection":[{"href":"https:\/\/www.assicoop.it\/bologna-metropolitana\/wp-json\/wp\/v2\/posts"}],"about":[{"href":"https:\/\/www.assicoop.it\/bologna-metropolitana\/wp-json\/wp\/v2\/types\/post"}],"author":[{"embeddable":true,"href":"https:\/\/www.assicoop.it\/bologna-metropolitana\/wp-json\/wp\/v2\/users\/4"}],"replies":[{"embeddable":true,"href":"https:\/\/www.assicoop.it\/bologna-metropolitana\/wp-json\/wp\/v2\/comments?post=5783"}],"version-history":[{"count":11,"href":"https:\/\/www.assicoop.it\/bologna-metropolitana\/wp-json\/wp\/v2\/posts\/5783\/revisions"}],"predecessor-version":[{"id":5885,"href":"https:\/\/www.assicoop.it\/bologna-metropolitana\/wp-json\/wp\/v2\/posts\/5783\/revisions\/5885"}],"wp:featuredmedia":[{"embeddable":true,"href":"https:\/\/www.assicoop.it\/bologna-metropolitana\/wp-json\/wp\/v2\/media\/5881"}],"wp:attachment":[{"href":"https:\/\/www.assicoop.it\/bologna-metropolitana\/wp-json\/wp\/v2\/media?parent=5783"}],"wp:term":[{"taxonomy":"category","embeddable":true,"href":"https:\/\/www.assicoop.it\/bologna-metropolitana\/wp-json\/wp\/v2\/categories?post=5783"},{"taxonomy":"post_tag","embeddable":true,"href":"https:\/\/www.assicoop.it\/bologna-metropolitana\/wp-json\/wp\/v2\/tags?post=5783"}],"curies":[{"name":"wp","href":"https:\/\/api.w.org\/{rel}","templated":true}]}}