{"id":4932,"date":"2023-01-05T11:09:22","date_gmt":"2023-01-05T10:09:22","guid":{"rendered":"https:\/\/www.assicoop.it\/bologna-metropolitana\/?p=4932"},"modified":"2023-04-28T12:27:15","modified_gmt":"2023-04-28T10:27:15","slug":"agenzia-di-osteria-grande-cessazione-dellattivita","status":"publish","type":"post","link":"https:\/\/www.assicoop.it\/bologna-metropolitana\/agenzia-di-osteria-grande-cessazione-dellattivita\/","title":{"rendered":"Agenzia di Osteria Grande, cessazione dell&#8217;attivit\u00e0"},"content":{"rendered":"\t\t<div data-elementor-type=\"wp-post\" data-elementor-id=\"4932\" class=\"elementor elementor-4932\" data-elementor-post-type=\"post\">\n\t\t\t\t\t\t<section class=\"elementor-section elementor-top-section elementor-element elementor-element-11f7f71a elementor-section-full_width elementor-section-height-min-height elementor-section-items-stretch elementor-section-content-bottom elementor-section-height-default\" data-id=\"11f7f71a\" data-element_type=\"section\">\n\t\t\t\t\t\t<div class=\"elementor-container elementor-column-gap-no\">\n\t\t\t\t\t<div class=\"elementor-column elementor-col-50 elementor-top-column elementor-element elementor-element-21aebfd5\" data-id=\"21aebfd5\" data-element_type=\"column\" data-settings=\"{&quot;background_background&quot;:&quot;classic&quot;}\">\n\t\t\t<div class=\"elementor-widget-wrap elementor-element-populated\">\n\t\t\t\t\t\t<div class=\"elementor-element elementor-element-3129fe1f elementor-widget elementor-widget-theme-post-title elementor-page-title elementor-widget-heading\" data-id=\"3129fe1f\" data-element_type=\"widget\" data-widget_type=\"theme-post-title.default\">\n\t\t\t\t<div class=\"elementor-widget-container\">\n\t\t\t\t\t<h1 class=\"elementor-heading-title elementor-size-default\">Agenzia di Osteria Grande, cessazione dell&#8217;attivit\u00e0<\/h1>\t\t\t\t<\/div>\n\t\t\t\t<\/div>\n\t\t\t\t<div class=\"elementor-element elementor-element-14aef40c elementor-widget elementor-widget-post-info\" data-id=\"14aef40c\" data-element_type=\"widget\" data-widget_type=\"post-info.default\">\n\t\t\t\t<div class=\"elementor-widget-container\">\n\t\t\t\t\t\t\t<ul class=\"elementor-inline-items elementor-icon-list-items elementor-post-info\">\n\t\t\t\t\t\t\t\t<li class=\"elementor-icon-list-item elementor-repeater-item-9093a23 elementor-inline-item\" itemprop=\"datePublished\">\n\t\t\t\t\t\t\t\t\t\t\t\t\t<span class=\"elementor-icon-list-text elementor-post-info__item elementor-post-info__item--type-date\">\n\t\t\t\t\t\t\t\t\t\t<time>Gennaio 5, 2023<\/time>\t\t\t\t\t<\/span>\n\t\t\t\t\t\t\t\t<\/li>\n\t\t\t\t<li class=\"elementor-icon-list-item elementor-repeater-item-42b6822 elementor-inline-item\" itemprop=\"about\">\n\t\t\t\t\t\t\t\t\t\t\t\t\t<span class=\"elementor-icon-list-text elementor-post-info__item elementor-post-info__item--type-terms\">\n\t\t\t\t\t\t\t\t\t\t<span class=\"elementor-post-info__terms-list\">\n\t\t\t\t<a href=\"https:\/\/www.assicoop.it\/bologna-metropolitana\/categoria\/agenzie\/\" class=\"elementor-post-info__terms-list-item\">Agenzie<\/a>, <a href=\"https:\/\/www.assicoop.it\/bologna-metropolitana\/categoria\/news\/\" class=\"elementor-post-info__terms-list-item\">News<\/a>\t\t\t\t<\/span>\n\t\t\t\t\t<\/span>\n\t\t\t\t\t\t\t\t<\/li>\n\t\t\t\t<\/ul>\n\t\t\t\t\t\t<\/div>\n\t\t\t\t<\/div>\n\t\t\t\t\t<\/div>\n\t\t<\/div>\n\t\t\t\t<div class=\"elementor-column elementor-col-50 elementor-top-column elementor-element elementor-element-14a42acd\" data-id=\"14a42acd\" data-element_type=\"column\">\n\t\t\t<div class=\"elementor-widget-wrap elementor-element-populated\">\n\t\t\t\t\t\t<div class=\"elementor-element elementor-element-3c48359f elementor-hidden-tablet elementor-hidden-phone elementor-widget elementor-widget-theme-post-featured-image elementor-widget-image\" data-id=\"3c48359f\" data-element_type=\"widget\" data-widget_type=\"theme-post-featured-image.default\">\n\t\t\t\t<div class=\"elementor-widget-container\">\n\t\t\t\t\t\t\t\t\t\t\t\t\t\t\t<img fetchpriority=\"high\" decoding=\"async\" width=\"800\" height=\"600\" src=\"https:\/\/www.assicoop.it\/bologna-metropolitana\/wp-content\/uploads\/2023\/01\/CHIUSURA-OZZANO-23-SITO-NEWS-800-\u00d7-600-px.png\" class=\"attachment-full size-full wp-image-4934\" alt=\"\" srcset=\"https:\/\/www.assicoop.it\/bologna-metropolitana\/wp-content\/uploads\/2023\/01\/CHIUSURA-OZZANO-23-SITO-NEWS-800-\u00d7-600-px.png 800w, https:\/\/www.assicoop.it\/bologna-metropolitana\/wp-content\/uploads\/2023\/01\/CHIUSURA-OZZANO-23-SITO-NEWS-800-\u00d7-600-px-300x225.png 300w, https:\/\/www.assicoop.it\/bologna-metropolitana\/wp-content\/uploads\/2023\/01\/CHIUSURA-OZZANO-23-SITO-NEWS-800-\u00d7-600-px-768x576.png 768w\" sizes=\"(max-width: 800px) 100vw, 800px\" \/>\t\t\t\t\t\t\t\t\t\t\t\t\t\t\t<\/div>\n\t\t\t\t<\/div>\n\t\t\t\t\t<\/div>\n\t\t<\/div>\n\t\t\t\t\t<\/div>\n\t\t<\/section>\n\t\t\t\t<section class=\"elementor-section elementor-top-section elementor-element elementor-element-6dcb4fe9 elementor-section-full_width elementor-section-height-default elementor-section-height-default\" data-id=\"6dcb4fe9\" data-element_type=\"section\">\n\t\t\t\t\t\t<div class=\"elementor-container elementor-column-gap-no\">\n\t\t\t\t\t<div class=\"elementor-column elementor-col-33 elementor-top-column elementor-element elementor-element-5fab0084 elementor-hidden-tablet elementor-hidden-phone\" data-id=\"5fab0084\" data-element_type=\"column\">\n\t\t\t<div class=\"elementor-widget-wrap\">\n\t\t\t\t\t\t\t<\/div>\n\t\t<\/div>\n\t\t\t\t<div class=\"elementor-column elementor-col-33 elementor-top-column elementor-element elementor-element-449aa9cd\" data-id=\"449aa9cd\" data-element_type=\"column\">\n\t\t\t<div class=\"elementor-widget-wrap elementor-element-populated\">\n\t\t\t\t\t\t<div class=\"elementor-element elementor-element-d60f4b6 elementor-widget elementor-widget-text-editor\" data-id=\"d60f4b6\" data-element_type=\"widget\" data-widget_type=\"text-editor.default\">\n\t\t\t\t<div class=\"elementor-widget-container\">\n\t\t\t\t\t\t\t\t\t<p style=\"font-weight: 400;\"><strong>Dal 15 gennaio 2023 l&#8217;Agenzia di Osteria Grande<\/strong><em>, per ragioni di riorganizzazione,\u00a0<strong>cesser\u00e0 la sua operativit\u00e0.<\/strong><\/em><\/p><p style=\"font-weight: 400;\">Il nuovo punto vendita a cui far riferimento sar\u00e0 <strong>Ozzano dell&#8217;Emilia.<\/strong><\/p><p style=\"font-weight: 400;\">Si trova in<strong> Via Emilia 160 40064 Ozzano dell&#8217;Emilia (BO) <\/strong>e risponde al seguendo numero di telefono: <strong>051 79 94 17<\/strong><\/p><p>\u00a0<\/p>\t\t\t\t\t\t\t\t<\/div>\n\t\t\t\t<\/div>\n\t\t\t\t<div class=\"elementor-element elementor-element-24e312b elementor-widget elementor-widget-heading\" data-id=\"24e312b\" data-element_type=\"widget\" data-widget_type=\"heading.default\">\n\t\t\t\t<div class=\"elementor-widget-container\">\n\t\t\t\t\t<h2 class=\"elementor-heading-title elementor-size-default\">Prima di recarti nel punto vendita,<\/h2>\t\t\t\t<\/div>\n\t\t\t\t<\/div>\n\t\t\t\t<div class=\"elementor-element elementor-element-0b92498 elementor-widget elementor-widget-button\" data-id=\"0b92498\" data-element_type=\"widget\" data-widget_type=\"button.default\">\n\t\t\t\t<div class=\"elementor-widget-container\">\n\t\t\t\t\t\t\t\t\t<div class=\"elementor-button-wrapper\">\n\t\t\t\t\t<a class=\"elementor-button elementor-button-link elementor-size-sm elementor-animation-float\" href=\"https:\/\/www.assicoop.it\/bologna-metropolitana\/le-agenzie\/\">\n\t\t\t\t\t\t<span class=\"elementor-button-content-wrapper\">\n\t\t\t\t\t\t\t\t\t<span class=\"elementor-button-text\">controlla gli orari<\/span>\n\t\t\t\t\t<\/span>\n\t\t\t\t\t<\/a>\n\t\t\t\t<\/div>\n\t\t\t\t\t\t\t\t<\/div>\n\t\t\t\t<\/div>\n\t\t\t\t\t<\/div>\n\t\t<\/div>\n\t\t\t\t<div class=\"elementor-column elementor-col-33 elementor-top-column elementor-element elementor-element-dfd9a5d elementor-hidden-tablet elementor-hidden-phone\" data-id=\"dfd9a5d\" data-element_type=\"column\">\n\t\t\t<div class=\"elementor-widget-wrap elementor-element-populated\">\n\t\t\t\t\t\t<div class=\"elementor-element elementor-element-68d0a480 animated-slow elementor-invisible elementor-widget elementor-widget-spacer\" data-id=\"68d0a480\" data-element_type=\"widget\" data-settings=\"{&quot;_animation&quot;:&quot;fadeInRight&quot;}\" data-widget_type=\"spacer.default\">\n\t\t\t\t<div class=\"elementor-widget-container\">\n\t\t\t\t\t\t\t<div class=\"elementor-spacer\">\n\t\t\t<div class=\"elementor-spacer-inner\"><\/div>\n\t\t<\/div>\n\t\t\t\t\t\t<\/div>\n\t\t\t\t<\/div>\n\t\t\t\t\t<\/div>\n\t\t<\/div>\n\t\t\t\t\t<\/div>\n\t\t<\/section>\n\t\t\t\t<section class=\"elementor-section elementor-top-section elementor-element elementor-element-491af4c7 elementor-section-boxed elementor-section-height-default elementor-section-height-default\" data-id=\"491af4c7\" data-element_type=\"section\">\n\t\t\t\t\t\t<div class=\"elementor-container elementor-column-gap-default\">\n\t\t\t\t\t<div class=\"elementor-column elementor-col-100 elementor-top-column elementor-element elementor-element-7a6f40d1\" data-id=\"7a6f40d1\" data-element_type=\"column\">\n\t\t\t<div class=\"elementor-widget-wrap elementor-element-populated\">\n\t\t\t\t\t\t<div class=\"elementor-element elementor-element-5c79a4d0 elementor-share-buttons--view-icon elementor-share-buttons--skin-gradient elementor-share-buttons--shape-square elementor-grid-0 elementor-share-buttons--color-official elementor-widget elementor-widget-share-buttons\" data-id=\"5c79a4d0\" data-element_type=\"widget\" data-widget_type=\"share-buttons.default\">\n\t\t\t\t<div class=\"elementor-widget-container\">\n\t\t\t\t\t\t\t<div class=\"elementor-grid\">\n\t\t\t\t\t\t\t\t<div class=\"elementor-grid-item\">\n\t\t\t\t\t\t<div\n\t\t\t\t\t\t\tclass=\"elementor-share-btn elementor-share-btn_facebook\"\n\t\t\t\t\t\t\trole=\"button\"\n\t\t\t\t\t\t\ttabindex=\"0\"\n\t\t\t\t\t\t\taria-label=\"Condividi su facebook\"\n\t\t\t\t\t\t>\n\t\t\t\t\t\t\t\t\t\t\t\t\t\t\t<span class=\"elementor-share-btn__icon\">\n\t\t\t\t\t\t\t\t<i class=\"fab fa-facebook\" aria-hidden=\"true\"><\/i>\t\t\t\t\t\t\t<\/span>\n\t\t\t\t\t\t\t\t\t\t\t\t\t\t\t\t\t\t\t\t<\/div>\n\t\t\t\t\t<\/div>\n\t\t\t\t\t\t\t\t\t<div class=\"elementor-grid-item\">\n\t\t\t\t\t\t<div\n\t\t\t\t\t\t\tclass=\"elementor-share-btn elementor-share-btn_twitter\"\n\t\t\t\t\t\t\trole=\"button\"\n\t\t\t\t\t\t\ttabindex=\"0\"\n\t\t\t\t\t\t\taria-label=\"Condividi su twitter\"\n\t\t\t\t\t\t>\n\t\t\t\t\t\t\t\t\t\t\t\t\t\t\t<span class=\"elementor-share-btn__icon\">\n\t\t\t\t\t\t\t\t<i class=\"fab fa-twitter\" aria-hidden=\"true\"><\/i>\t\t\t\t\t\t\t<\/span>\n\t\t\t\t\t\t\t\t\t\t\t\t\t\t\t\t\t\t\t\t<\/div>\n\t\t\t\t\t<\/div>\n\t\t\t\t\t\t\t\t\t<div class=\"elementor-grid-item\">\n\t\t\t\t\t\t<div\n\t\t\t\t\t\t\tclass=\"elementor-share-btn elementor-share-btn_linkedin\"\n\t\t\t\t\t\t\trole=\"button\"\n\t\t\t\t\t\t\ttabindex=\"0\"\n\t\t\t\t\t\t\taria-label=\"Condividi su linkedin\"\n\t\t\t\t\t\t>\n\t\t\t\t\t\t\t\t\t\t\t\t\t\t\t<span class=\"elementor-share-btn__icon\">\n\t\t\t\t\t\t\t\t<i class=\"fab fa-linkedin\" aria-hidden=\"true\"><\/i>\t\t\t\t\t\t\t<\/span>\n\t\t\t\t\t\t\t\t\t\t\t\t\t\t\t\t\t\t\t\t<\/div>\n\t\t\t\t\t<\/div>\n\t\t\t\t\t\t<\/div>\n\t\t\t\t\t\t<\/div>\n\t\t\t\t<\/div>\n\t\t\t\t<div class=\"elementor-element elementor-element-7fc0b3d2 elementor-widget elementor-widget-post-navigation\" data-id=\"7fc0b3d2\" data-element_type=\"widget\" data-widget_type=\"post-navigation.default\">\n\t\t\t\t<div class=\"elementor-widget-container\">\n\t\t\t\t\t\t\t<div class=\"elementor-post-navigation\">\n\t\t\t<div class=\"elementor-post-navigation__prev elementor-post-navigation__link\">\n\t\t\t\t<a href=\"https:\/\/www.assicoop.it\/bologna-metropolitana\/la-piantumazione-di-500-alberi-a-bologna-ed-imola-un-anno-dopo\/\" rel=\"prev\"><span class=\"post-navigation__arrow-wrapper post-navigation__arrow-prev\"><i class=\"fa fa-chevron-left\" aria-hidden=\"true\"><\/i><span class=\"elementor-screen-only\">Precedente<\/span><\/span><span class=\"elementor-post-navigation__link__prev\"><span class=\"post-navigation__prev--label\">Precedente<\/span><\/span><\/a>\t\t\t<\/div>\n\t\t\t\t\t\t<div class=\"elementor-post-navigation__next elementor-post-navigation__link\">\n\t\t\t\t<a href=\"https:\/\/www.assicoop.it\/bologna-metropolitana\/13-e-19-marzo-un-evento-dedicato-alle-polizze-protezione-e-prevenzione\/\" rel=\"next\"><span class=\"elementor-post-navigation__link__next\"><span class=\"post-navigation__next--label\">Successivo<\/span><\/span><span class=\"post-navigation__arrow-wrapper post-navigation__arrow-next\"><i class=\"fa fa-chevron-right\" aria-hidden=\"true\"><\/i><span class=\"elementor-screen-only\">Successivo<\/span><\/span><\/a>\t\t\t<\/div>\n\t\t<\/div>\n\t\t\t\t\t\t<\/div>\n\t\t\t\t<\/div>\n\t\t\t\t\t<\/div>\n\t\t<\/div>\n\t\t\t\t\t<\/div>\n\t\t<\/section>\n\t\t\t\t<\/div>\n\t\t","protected":false},"excerpt":{"rendered":"<p>L&#8217;Agenzia di Osteria Grande, per ragioni di riorganizzazione, cesser\u00e0 la sua operativit\u00e0<\/p>\n","protected":false},"author":5,"featured_media":4934,"comment_status":"closed","ping_status":"open","sticky":false,"template":"elementor_header_footer","format":"standard","meta":{"footnotes":""},"categories":[55,9],"tags":[],"yoast_head":"<!-- This site is optimized with the Yoast SEO plugin v22.1 - https:\/\/yoast.com\/wordpress\/plugins\/seo\/ -->\n<title>Agenzia di Osteria Grande, cessazione dell&#039;attivit\u00e0 - Assicoop Bologna Metropolitana<\/title>\n<meta name=\"description\" content=\"L&#039;Agenzia di Osteria Grande, per ragioni di riorganizzazione, cesser\u00e0 la sua operativit\u00e0\" \/>\n<meta name=\"robots\" content=\"index, follow, max-snippet:-1, max-image-preview:large, max-video-preview:-1\" \/>\n<link rel=\"canonical\" href=\"https:\/\/www.assicoop.it\/bologna-metropolitana\/agenzia-di-osteria-grande-cessazione-dellattivita\/\" \/>\n<meta property=\"og:locale\" content=\"it_IT\" \/>\n<meta property=\"og:type\" content=\"article\" \/>\n<meta property=\"og:title\" content=\"Agenzia di Osteria Grande, cessazione dell&#039;attivit\u00e0 - Assicoop Bologna Metropolitana\" \/>\n<meta property=\"og:description\" content=\"L&#039;Agenzia di Osteria Grande, per ragioni di riorganizzazione, cesser\u00e0 la sua operativit\u00e0\" \/>\n<meta property=\"og:url\" content=\"https:\/\/www.assicoop.it\/bologna-metropolitana\/agenzia-di-osteria-grande-cessazione-dellattivita\/\" \/>\n<meta property=\"og:site_name\" content=\"Assicoop Bologna Metropolitana\" \/>\n<meta property=\"article:published_time\" content=\"2023-01-05T10:09:22+00:00\" \/>\n<meta property=\"article:modified_time\" content=\"2023-04-28T10:27:15+00:00\" \/>\n<meta property=\"og:image\" content=\"https:\/\/www.assicoop.it\/bologna-metropolitana\/wp-content\/uploads\/2023\/01\/CHIUSURA-OZZANO-23-SITO-NEWS-800-\u00d7-600-px.png\" \/>\n\t<meta property=\"og:image:width\" content=\"800\" \/>\n\t<meta property=\"og:image:height\" content=\"600\" \/>\n\t<meta property=\"og:image:type\" content=\"image\/png\" \/>\n<meta name=\"author\" content=\"Barbara\" \/>\n<meta name=\"twitter:card\" content=\"summary_large_image\" \/>\n<meta name=\"twitter:label1\" content=\"Scritto da\" \/>\n\t<meta name=\"twitter:data1\" content=\"Barbara\" \/>\n\t<meta name=\"twitter:label2\" content=\"Tempo di lettura stimato\" \/>\n\t<meta name=\"twitter:data2\" content=\"1 minuto\" \/>\n<script type=\"application\/ld+json\" class=\"yoast-schema-graph\">{\"@context\":\"https:\/\/schema.org\",\"@graph\":[{\"@type\":\"Article\",\"@id\":\"https:\/\/www.assicoop.it\/bologna-metropolitana\/agenzia-di-osteria-grande-cessazione-dellattivita\/#article\",\"isPartOf\":{\"@id\":\"https:\/\/www.assicoop.it\/bologna-metropolitana\/agenzia-di-osteria-grande-cessazione-dellattivita\/\"},\"author\":{\"name\":\"Barbara\",\"@id\":\"https:\/\/www.assicoop.it\/bologna-metropolitana\/#\/schema\/person\/3289e341416a5e36f344350f093637ea\"},\"headline\":\"Agenzia di Osteria Grande, cessazione dell&#8217;attivit\u00e0\",\"datePublished\":\"2023-01-05T10:09:22+00:00\",\"dateModified\":\"2023-04-28T10:27:15+00:00\",\"mainEntityOfPage\":{\"@id\":\"https:\/\/www.assicoop.it\/bologna-metropolitana\/agenzia-di-osteria-grande-cessazione-dellattivita\/\"},\"wordCount\":64,\"publisher\":{\"@id\":\"https:\/\/www.assicoop.it\/bologna-metropolitana\/#organization\"},\"articleSection\":[\"Agenzie\",\"News\"],\"inLanguage\":\"it-IT\"},{\"@type\":\"WebPage\",\"@id\":\"https:\/\/www.assicoop.it\/bologna-metropolitana\/agenzia-di-osteria-grande-cessazione-dellattivita\/\",\"url\":\"https:\/\/www.assicoop.it\/bologna-metropolitana\/agenzia-di-osteria-grande-cessazione-dellattivita\/\",\"name\":\"Agenzia di Osteria Grande, cessazione dell'attivit\u00e0 - Assicoop Bologna Metropolitana\",\"isPartOf\":{\"@id\":\"https:\/\/www.assicoop.it\/bologna-metropolitana\/#website\"},\"datePublished\":\"2023-01-05T10:09:22+00:00\",\"dateModified\":\"2023-04-28T10:27:15+00:00\",\"description\":\"L'Agenzia di Osteria Grande, per ragioni di riorganizzazione, cesser\u00e0 la sua operativit\u00e0\",\"inLanguage\":\"it-IT\",\"potentialAction\":[{\"@type\":\"ReadAction\",\"target\":[\"https:\/\/www.assicoop.it\/bologna-metropolitana\/agenzia-di-osteria-grande-cessazione-dellattivita\/\"]}]},{\"@type\":\"WebSite\",\"@id\":\"https:\/\/www.assicoop.it\/bologna-metropolitana\/#website\",\"url\":\"https:\/\/www.assicoop.it\/bologna-metropolitana\/\",\"name\":\"Assicoop Bologna Metropolitana\",\"description\":\"Vicina. Sicura. Tua.\",\"publisher\":{\"@id\":\"https:\/\/www.assicoop.it\/bologna-metropolitana\/#organization\"},\"potentialAction\":[{\"@type\":\"SearchAction\",\"target\":{\"@type\":\"EntryPoint\",\"urlTemplate\":\"https:\/\/www.assicoop.it\/bologna-metropolitana\/?s={search_term_string}\"},\"query-input\":\"required name=search_term_string\"}],\"inLanguage\":\"it-IT\"},{\"@type\":\"Organization\",\"@id\":\"https:\/\/www.assicoop.it\/bologna-metropolitana\/#organization\",\"name\":\"Assicoop Bologna Metropolitana\",\"url\":\"https:\/\/www.assicoop.it\/bologna-metropolitana\/\",\"logo\":{\"@type\":\"ImageObject\",\"inLanguage\":\"it-IT\",\"@id\":\"https:\/\/www.assicoop.it\/bologna-metropolitana\/#\/schema\/logo\/image\/\",\"url\":\"https:\/\/www.assicoop.it\/bologna-metropolitana\/wp-content\/uploads\/2021\/11\/AssBoMetro-COLORE.svg\",\"contentUrl\":\"https:\/\/www.assicoop.it\/bologna-metropolitana\/wp-content\/uploads\/2021\/11\/AssBoMetro-COLORE.svg\",\"caption\":\"Assicoop Bologna Metropolitana\"},\"image\":{\"@id\":\"https:\/\/www.assicoop.it\/bologna-metropolitana\/#\/schema\/logo\/image\/\"}},{\"@type\":\"Person\",\"@id\":\"https:\/\/www.assicoop.it\/bologna-metropolitana\/#\/schema\/person\/3289e341416a5e36f344350f093637ea\",\"name\":\"Barbara\",\"image\":{\"@type\":\"ImageObject\",\"inLanguage\":\"it-IT\",\"@id\":\"https:\/\/www.assicoop.it\/bologna-metropolitana\/#\/schema\/person\/image\/\",\"url\":\"https:\/\/secure.gravatar.com\/avatar\/00c026db8927e2518d2b151f133428e9?s=96&d=mm&r=g\",\"contentUrl\":\"https:\/\/secure.gravatar.com\/avatar\/00c026db8927e2518d2b151f133428e9?s=96&d=mm&r=g\",\"caption\":\"Barbara\"},\"url\":\"https:\/\/www.assicoop.it\/bologna-metropolitana\/author\/barbara\/\"}]}<\/script>\n<!-- \/ Yoast SEO plugin. -->","yoast_head_json":{"title":"Agenzia di Osteria Grande, cessazione dell'attivit\u00e0 - Assicoop Bologna Metropolitana","description":"L'Agenzia di Osteria Grande, per ragioni di riorganizzazione, cesser\u00e0 la sua operativit\u00e0","robots":{"index":"index","follow":"follow","max-snippet":"max-snippet:-1","max-image-preview":"max-image-preview:large","max-video-preview":"max-video-preview:-1"},"canonical":"https:\/\/www.assicoop.it\/bologna-metropolitana\/agenzia-di-osteria-grande-cessazione-dellattivita\/","og_locale":"it_IT","og_type":"article","og_title":"Agenzia di Osteria Grande, cessazione dell'attivit\u00e0 - Assicoop Bologna Metropolitana","og_description":"L'Agenzia di Osteria Grande, per ragioni di riorganizzazione, cesser\u00e0 la sua operativit\u00e0","og_url":"https:\/\/www.assicoop.it\/bologna-metropolitana\/agenzia-di-osteria-grande-cessazione-dellattivita\/","og_site_name":"Assicoop Bologna Metropolitana","article_published_time":"2023-01-05T10:09:22+00:00","article_modified_time":"2023-04-28T10:27:15+00:00","og_image":[{"width":800,"height":600,"url":"https:\/\/www.assicoop.it\/bologna-metropolitana\/wp-content\/uploads\/2023\/01\/CHIUSURA-OZZANO-23-SITO-NEWS-800-\u00d7-600-px.png","type":"image\/png"}],"author":"Barbara","twitter_card":"summary_large_image","twitter_misc":{"Scritto da":"Barbara","Tempo di lettura stimato":"1 minuto"},"schema":{"@context":"https:\/\/schema.org","@graph":[{"@type":"Article","@id":"https:\/\/www.assicoop.it\/bologna-metropolitana\/agenzia-di-osteria-grande-cessazione-dellattivita\/#article","isPartOf":{"@id":"https:\/\/www.assicoop.it\/bologna-metropolitana\/agenzia-di-osteria-grande-cessazione-dellattivita\/"},"author":{"name":"Barbara","@id":"https:\/\/www.assicoop.it\/bologna-metropolitana\/#\/schema\/person\/3289e341416a5e36f344350f093637ea"},"headline":"Agenzia di Osteria Grande, cessazione dell&#8217;attivit\u00e0","datePublished":"2023-01-05T10:09:22+00:00","dateModified":"2023-04-28T10:27:15+00:00","mainEntityOfPage":{"@id":"https:\/\/www.assicoop.it\/bologna-metropolitana\/agenzia-di-osteria-grande-cessazione-dellattivita\/"},"wordCount":64,"publisher":{"@id":"https:\/\/www.assicoop.it\/bologna-metropolitana\/#organization"},"articleSection":["Agenzie","News"],"inLanguage":"it-IT"},{"@type":"WebPage","@id":"https:\/\/www.assicoop.it\/bologna-metropolitana\/agenzia-di-osteria-grande-cessazione-dellattivita\/","url":"https:\/\/www.assicoop.it\/bologna-metropolitana\/agenzia-di-osteria-grande-cessazione-dellattivita\/","name":"Agenzia di Osteria Grande, cessazione dell'attivit\u00e0 - Assicoop Bologna Metropolitana","isPartOf":{"@id":"https:\/\/www.assicoop.it\/bologna-metropolitana\/#website"},"datePublished":"2023-01-05T10:09:22+00:00","dateModified":"2023-04-28T10:27:15+00:00","description":"L'Agenzia di Osteria Grande, per ragioni di riorganizzazione, cesser\u00e0 la sua operativit\u00e0","inLanguage":"it-IT","potentialAction":[{"@type":"ReadAction","target":["https:\/\/www.assicoop.it\/bologna-metropolitana\/agenzia-di-osteria-grande-cessazione-dellattivita\/"]}]},{"@type":"WebSite","@id":"https:\/\/www.assicoop.it\/bologna-metropolitana\/#website","url":"https:\/\/www.assicoop.it\/bologna-metropolitana\/","name":"Assicoop Bologna Metropolitana","description":"Vicina. Sicura. Tua.","publisher":{"@id":"https:\/\/www.assicoop.it\/bologna-metropolitana\/#organization"},"potentialAction":[{"@type":"SearchAction","target":{"@type":"EntryPoint","urlTemplate":"https:\/\/www.assicoop.it\/bologna-metropolitana\/?s={search_term_string}"},"query-input":"required name=search_term_string"}],"inLanguage":"it-IT"},{"@type":"Organization","@id":"https:\/\/www.assicoop.it\/bologna-metropolitana\/#organization","name":"Assicoop Bologna Metropolitana","url":"https:\/\/www.assicoop.it\/bologna-metropolitana\/","logo":{"@type":"ImageObject","inLanguage":"it-IT","@id":"https:\/\/www.assicoop.it\/bologna-metropolitana\/#\/schema\/logo\/image\/","url":"https:\/\/www.assicoop.it\/bologna-metropolitana\/wp-content\/uploads\/2021\/11\/AssBoMetro-COLORE.svg","contentUrl":"https:\/\/www.assicoop.it\/bologna-metropolitana\/wp-content\/uploads\/2021\/11\/AssBoMetro-COLORE.svg","caption":"Assicoop Bologna Metropolitana"},"image":{"@id":"https:\/\/www.assicoop.it\/bologna-metropolitana\/#\/schema\/logo\/image\/"}},{"@type":"Person","@id":"https:\/\/www.assicoop.it\/bologna-metropolitana\/#\/schema\/person\/3289e341416a5e36f344350f093637ea","name":"Barbara","image":{"@type":"ImageObject","inLanguage":"it-IT","@id":"https:\/\/www.assicoop.it\/bologna-metropolitana\/#\/schema\/person\/image\/","url":"https:\/\/secure.gravatar.com\/avatar\/00c026db8927e2518d2b151f133428e9?s=96&d=mm&r=g","contentUrl":"https:\/\/secure.gravatar.com\/avatar\/00c026db8927e2518d2b151f133428e9?s=96&d=mm&r=g","caption":"Barbara"},"url":"https:\/\/www.assicoop.it\/bologna-metropolitana\/author\/barbara\/"}]}},"_links":{"self":[{"href":"https:\/\/www.assicoop.it\/bologna-metropolitana\/wp-json\/wp\/v2\/posts\/4932"}],"collection":[{"href":"https:\/\/www.assicoop.it\/bologna-metropolitana\/wp-json\/wp\/v2\/posts"}],"about":[{"href":"https:\/\/www.assicoop.it\/bologna-metropolitana\/wp-json\/wp\/v2\/types\/post"}],"author":[{"embeddable":true,"href":"https:\/\/www.assicoop.it\/bologna-metropolitana\/wp-json\/wp\/v2\/users\/5"}],"replies":[{"embeddable":true,"href":"https:\/\/www.assicoop.it\/bologna-metropolitana\/wp-json\/wp\/v2\/comments?post=4932"}],"version-history":[{"count":6,"href":"https:\/\/www.assicoop.it\/bologna-metropolitana\/wp-json\/wp\/v2\/posts\/4932\/revisions"}],"predecessor-version":[{"id":5039,"href":"https:\/\/www.assicoop.it\/bologna-metropolitana\/wp-json\/wp\/v2\/posts\/4932\/revisions\/5039"}],"wp:featuredmedia":[{"embeddable":true,"href":"https:\/\/www.assicoop.it\/bologna-metropolitana\/wp-json\/wp\/v2\/media\/4934"}],"wp:attachment":[{"href":"https:\/\/www.assicoop.it\/bologna-metropolitana\/wp-json\/wp\/v2\/media?parent=4932"}],"wp:term":[{"taxonomy":"category","embeddable":true,"href":"https:\/\/www.assicoop.it\/bologna-metropolitana\/wp-json\/wp\/v2\/categories?post=4932"},{"taxonomy":"post_tag","embeddable":true,"href":"https:\/\/www.assicoop.it\/bologna-metropolitana\/wp-json\/wp\/v2\/tags?post=4932"}],"curies":[{"name":"wp","href":"https:\/\/api.w.org\/{rel}","templated":true}]}}