{"id":1825,"date":"2020-04-10T15:17:32","date_gmt":"2020-04-10T13:17:32","guid":{"rendered":"https:\/\/www.assicoop.it\/bologna-metropolitana\/?p=1825"},"modified":"2021-04-08T15:17:55","modified_gmt":"2021-04-08T13:17:55","slug":"andra-tutto-bene-ma-intanto-doniamo","status":"publish","type":"post","link":"https:\/\/www.assicoop.it\/bologna-metropolitana\/andra-tutto-bene-ma-intanto-doniamo\/","title":{"rendered":"Andr\u00e0 tutto bene, ma intanto doniamo"},"content":{"rendered":"\t\t<div data-elementor-type=\"wp-post\" data-elementor-id=\"1825\" class=\"elementor elementor-1825\" data-elementor-post-type=\"post\">\n\t\t\t\t\t\t<section class=\"elementor-section elementor-top-section elementor-element elementor-element-11f7f71a elementor-section-full_width elementor-section-height-min-height elementor-section-items-stretch elementor-section-content-bottom elementor-section-height-default\" data-id=\"11f7f71a\" data-element_type=\"section\">\n\t\t\t\t\t\t<div class=\"elementor-container elementor-column-gap-no\">\n\t\t\t\t\t<div class=\"elementor-column elementor-col-50 elementor-top-column elementor-element elementor-element-21aebfd5\" data-id=\"21aebfd5\" data-element_type=\"column\" data-settings=\"{&quot;background_background&quot;:&quot;classic&quot;}\">\n\t\t\t<div class=\"elementor-widget-wrap elementor-element-populated\">\n\t\t\t\t\t\t<div class=\"elementor-element elementor-element-3129fe1f elementor-widget elementor-widget-theme-post-title elementor-page-title elementor-widget-heading\" data-id=\"3129fe1f\" data-element_type=\"widget\" data-widget_type=\"theme-post-title.default\">\n\t\t\t\t<div class=\"elementor-widget-container\">\n\t\t\t\t\t<h1 class=\"elementor-heading-title elementor-size-default\">Andr\u00e0 tutto bene, ma intanto doniamo<\/h1>\t\t\t\t<\/div>\n\t\t\t\t<\/div>\n\t\t\t\t<div class=\"elementor-element elementor-element-14aef40c elementor-widget elementor-widget-post-info\" data-id=\"14aef40c\" data-element_type=\"widget\" data-widget_type=\"post-info.default\">\n\t\t\t\t<div class=\"elementor-widget-container\">\n\t\t\t\t\t\t\t<ul class=\"elementor-inline-items elementor-icon-list-items elementor-post-info\">\n\t\t\t\t\t\t\t\t<li class=\"elementor-icon-list-item elementor-repeater-item-9093a23 elementor-inline-item\" itemprop=\"datePublished\">\n\t\t\t\t\t\t\t\t\t\t\t\t\t<span class=\"elementor-icon-list-text elementor-post-info__item elementor-post-info__item--type-date\">\n\t\t\t\t\t\t\t\t\t\t<time>Aprile 10, 2020<\/time>\t\t\t\t\t<\/span>\n\t\t\t\t\t\t\t\t<\/li>\n\t\t\t\t<li class=\"elementor-icon-list-item elementor-repeater-item-42b6822 elementor-inline-item\" itemprop=\"about\">\n\t\t\t\t\t\t\t\t\t\t\t\t\t<span class=\"elementor-icon-list-text elementor-post-info__item elementor-post-info__item--type-terms\">\n\t\t\t\t\t\t\t\t\t\t<span class=\"elementor-post-info__terms-list\">\n\t\t\t\t<a href=\"https:\/\/www.assicoop.it\/bologna-metropolitana\/categoria\/per-il-territorio\/\" class=\"elementor-post-info__terms-list-item\">Per il territorio<\/a>\t\t\t\t<\/span>\n\t\t\t\t\t<\/span>\n\t\t\t\t\t\t\t\t<\/li>\n\t\t\t\t<\/ul>\n\t\t\t\t\t\t<\/div>\n\t\t\t\t<\/div>\n\t\t\t\t\t<\/div>\n\t\t<\/div>\n\t\t\t\t<div class=\"elementor-column elementor-col-50 elementor-top-column elementor-element elementor-element-14a42acd\" data-id=\"14a42acd\" data-element_type=\"column\">\n\t\t\t<div class=\"elementor-widget-wrap elementor-element-populated\">\n\t\t\t\t\t\t<div class=\"elementor-element elementor-element-3c48359f elementor-hidden-tablet elementor-hidden-phone elementor-widget elementor-widget-theme-post-featured-image elementor-widget-image\" data-id=\"3c48359f\" data-element_type=\"widget\" data-widget_type=\"theme-post-featured-image.default\">\n\t\t\t\t<div class=\"elementor-widget-container\">\n\t\t\t\t\t\t\t\t\t\t\t\t\t\t\t<img fetchpriority=\"high\" decoding=\"async\" width=\"800\" height=\"600\" src=\"https:\/\/www.assicoop.it\/bologna-metropolitana\/wp-content\/uploads\/2021\/04\/ASSICOOP-BIBI-NEWS-800X600-1.png\" class=\"attachment-full size-full wp-image-1826\" alt=\"\" srcset=\"https:\/\/www.assicoop.it\/bologna-metropolitana\/wp-content\/uploads\/2021\/04\/ASSICOOP-BIBI-NEWS-800X600-1.png 800w, https:\/\/www.assicoop.it\/bologna-metropolitana\/wp-content\/uploads\/2021\/04\/ASSICOOP-BIBI-NEWS-800X600-1-300x225.png 300w, https:\/\/www.assicoop.it\/bologna-metropolitana\/wp-content\/uploads\/2021\/04\/ASSICOOP-BIBI-NEWS-800X600-1-768x576.png 768w\" sizes=\"(max-width: 800px) 100vw, 800px\" \/>\t\t\t\t\t\t\t\t\t\t\t\t\t\t\t<\/div>\n\t\t\t\t<\/div>\n\t\t\t\t\t<\/div>\n\t\t<\/div>\n\t\t\t\t\t<\/div>\n\t\t<\/section>\n\t\t\t\t<section class=\"elementor-section elementor-top-section elementor-element elementor-element-36882a9 elementor-section-full_width elementor-section-height-default elementor-section-height-default\" data-id=\"36882a9\" data-element_type=\"section\">\n\t\t\t\t\t\t<div class=\"elementor-container elementor-column-gap-no\">\n\t\t\t\t\t<div class=\"elementor-column elementor-col-33 elementor-top-column elementor-element elementor-element-84a15e4 elementor-hidden-tablet elementor-hidden-phone\" data-id=\"84a15e4\" data-element_type=\"column\">\n\t\t\t<div class=\"elementor-widget-wrap\">\n\t\t\t\t\t\t\t<\/div>\n\t\t<\/div>\n\t\t\t\t<div class=\"elementor-column elementor-col-33 elementor-top-column elementor-element elementor-element-76de7f8\" data-id=\"76de7f8\" data-element_type=\"column\">\n\t\t\t<div class=\"elementor-widget-wrap elementor-element-populated\">\n\t\t\t\t\t\t<div class=\"elementor-element elementor-element-812762e elementor-widget elementor-widget-text-editor\" data-id=\"812762e\" data-element_type=\"widget\" data-widget_type=\"text-editor.default\">\n\t\t\t\t<div class=\"elementor-widget-container\">\n\t\t\t\t\t\t\t\t\t<h4>Il nostro impegno per il territorio\u00a0<\/h4><p class=\"p1\">In questo momento drammatico, vogliamo essere <em>ancora pi\u00f9 vicino<\/em> al nostro territorio e in particolare\u00a0 a chi si sta prodigando per la salute di ciascuno di noi.<\/p><p class=\"p1\">Abbiamo deciso di donare <strong>cinquantamila euro<\/strong> a favore delle <strong>Aziende USL di Bologna<\/strong> e <strong>Imola<\/strong> e dell\u2019<strong>Azienda Ospedaliera Universitaria di Bologna<\/strong>, in cui migliaia di persone svolgono con dedizione e passione un lavoro coraggioso contro il Covid-19.<\/p><p class=\"p1\">Quindicimila euro alle Aziende Usl di Bologna e Imola, ventimila euro all\u2019Azienda Ospedaliera Universitaria di Bologna, impegnate nell\u2019assistenza e nella ricerca per l\u2019emergenza Covid-19.<\/p><p class=\"p1\">\u201cLa donazione vuole testimoniare la vicinanza di tutti i lavoratori di Assicoop Bologna Metropolitana a chi combatte in prima linea\u00a0\u2013 dichiara\u00a0<strong>Tiziano Tassoni, vicepresidente di Assicoop Bologna Metropolitana<\/strong> \u2013\u00a0Siamo con voi, per quanto ci \u00e8 possibile. Grazie da tutte le persone di Assicoop Bologna Metropolitana\u201d.<\/p><p class=\"p1\">Andr\u00e0 tutto bene, certo. Passer\u00e0 questo momento, ma intanto \u00e8 importante essere vicini e solidali.<\/p><h5 class=\"p1\"><strong>Emergenza sanitaria<\/strong><\/h5><p>\u00a0<\/p>\t\t\t\t\t\t\t\t<\/div>\n\t\t\t\t<\/div>\n\t\t\t\t\t<\/div>\n\t\t<\/div>\n\t\t\t\t<div class=\"elementor-column elementor-col-33 elementor-top-column elementor-element elementor-element-c68e8e6 elementor-hidden-tablet elementor-hidden-phone\" data-id=\"c68e8e6\" data-element_type=\"column\">\n\t\t\t<div class=\"elementor-widget-wrap elementor-element-populated\">\n\t\t\t\t\t\t<div class=\"elementor-element elementor-element-5f31943 animated-slow elementor-invisible elementor-widget elementor-widget-spacer\" data-id=\"5f31943\" data-element_type=\"widget\" data-settings=\"{&quot;_animation&quot;:&quot;fadeInRight&quot;}\" data-widget_type=\"spacer.default\">\n\t\t\t\t<div class=\"elementor-widget-container\">\n\t\t\t\t\t\t\t<div class=\"elementor-spacer\">\n\t\t\t<div class=\"elementor-spacer-inner\"><\/div>\n\t\t<\/div>\n\t\t\t\t\t\t<\/div>\n\t\t\t\t<\/div>\n\t\t\t\t\t<\/div>\n\t\t<\/div>\n\t\t\t\t\t<\/div>\n\t\t<\/section>\n\t\t\t\t<section class=\"elementor-section elementor-top-section elementor-element elementor-element-491af4c7 elementor-section-boxed elementor-section-height-default elementor-section-height-default\" data-id=\"491af4c7\" data-element_type=\"section\">\n\t\t\t\t\t\t<div class=\"elementor-container elementor-column-gap-default\">\n\t\t\t\t\t<div class=\"elementor-column elementor-col-100 elementor-top-column elementor-element elementor-element-7a6f40d1\" data-id=\"7a6f40d1\" data-element_type=\"column\">\n\t\t\t<div class=\"elementor-widget-wrap elementor-element-populated\">\n\t\t\t\t\t\t<div class=\"elementor-element elementor-element-5c79a4d0 elementor-share-buttons--view-icon elementor-share-buttons--skin-gradient elementor-share-buttons--shape-square elementor-grid-0 elementor-share-buttons--color-official elementor-widget elementor-widget-share-buttons\" data-id=\"5c79a4d0\" data-element_type=\"widget\" data-widget_type=\"share-buttons.default\">\n\t\t\t\t<div class=\"elementor-widget-container\">\n\t\t\t\t\t\t\t<div class=\"elementor-grid\">\n\t\t\t\t\t\t\t\t<div class=\"elementor-grid-item\">\n\t\t\t\t\t\t<div\n\t\t\t\t\t\t\tclass=\"elementor-share-btn elementor-share-btn_facebook\"\n\t\t\t\t\t\t\trole=\"button\"\n\t\t\t\t\t\t\ttabindex=\"0\"\n\t\t\t\t\t\t\taria-label=\"Condividi su facebook\"\n\t\t\t\t\t\t>\n\t\t\t\t\t\t\t\t\t\t\t\t\t\t\t<span class=\"elementor-share-btn__icon\">\n\t\t\t\t\t\t\t\t<i class=\"fab fa-facebook\" aria-hidden=\"true\"><\/i>\t\t\t\t\t\t\t<\/span>\n\t\t\t\t\t\t\t\t\t\t\t\t\t\t\t\t\t\t\t\t<\/div>\n\t\t\t\t\t<\/div>\n\t\t\t\t\t\t\t\t\t<div class=\"elementor-grid-item\">\n\t\t\t\t\t\t<div\n\t\t\t\t\t\t\tclass=\"elementor-share-btn elementor-share-btn_twitter\"\n\t\t\t\t\t\t\trole=\"button\"\n\t\t\t\t\t\t\ttabindex=\"0\"\n\t\t\t\t\t\t\taria-label=\"Condividi su twitter\"\n\t\t\t\t\t\t>\n\t\t\t\t\t\t\t\t\t\t\t\t\t\t\t<span class=\"elementor-share-btn__icon\">\n\t\t\t\t\t\t\t\t<i class=\"fab fa-twitter\" aria-hidden=\"true\"><\/i>\t\t\t\t\t\t\t<\/span>\n\t\t\t\t\t\t\t\t\t\t\t\t\t\t\t\t\t\t\t\t<\/div>\n\t\t\t\t\t<\/div>\n\t\t\t\t\t\t\t\t\t<div class=\"elementor-grid-item\">\n\t\t\t\t\t\t<div\n\t\t\t\t\t\t\tclass=\"elementor-share-btn elementor-share-btn_linkedin\"\n\t\t\t\t\t\t\trole=\"button\"\n\t\t\t\t\t\t\ttabindex=\"0\"\n\t\t\t\t\t\t\taria-label=\"Condividi su linkedin\"\n\t\t\t\t\t\t>\n\t\t\t\t\t\t\t\t\t\t\t\t\t\t\t<span class=\"elementor-share-btn__icon\">\n\t\t\t\t\t\t\t\t<i class=\"fab fa-linkedin\" aria-hidden=\"true\"><\/i>\t\t\t\t\t\t\t<\/span>\n\t\t\t\t\t\t\t\t\t\t\t\t\t\t\t\t\t\t\t\t<\/div>\n\t\t\t\t\t<\/div>\n\t\t\t\t\t\t<\/div>\n\t\t\t\t\t\t<\/div>\n\t\t\t\t<\/div>\n\t\t\t\t<div class=\"elementor-element elementor-element-7fc0b3d2 elementor-widget elementor-widget-post-navigation\" data-id=\"7fc0b3d2\" data-element_type=\"widget\" data-widget_type=\"post-navigation.default\">\n\t\t\t\t<div class=\"elementor-widget-container\">\n\t\t\t\t\t\t\t<div class=\"elementor-post-navigation\">\n\t\t\t<div class=\"elementor-post-navigation__prev elementor-post-navigation__link\">\n\t\t\t\t<a href=\"https:\/\/www.assicoop.it\/bologna-metropolitana\/chiusura-straordinaria-centro-servizi-unipolsai-di-casalecchio-di-reno\/\" rel=\"prev\"><span class=\"post-navigation__arrow-wrapper post-navigation__arrow-prev\"><i class=\"fa fa-chevron-left\" aria-hidden=\"true\"><\/i><span class=\"elementor-screen-only\">Precedente<\/span><\/span><span class=\"elementor-post-navigation__link__prev\"><span class=\"post-navigation__prev--label\">Precedente<\/span><\/span><\/a>\t\t\t<\/div>\n\t\t\t\t\t\t<div class=\"elementor-post-navigation__next elementor-post-navigation__link\">\n\t\t\t\t<a href=\"https:\/\/www.assicoop.it\/bologna-metropolitana\/limpegno-del-gruppo-unipol-di-fronte-al-covid-19\/\" rel=\"next\"><span class=\"elementor-post-navigation__link__next\"><span class=\"post-navigation__next--label\">Successivo<\/span><\/span><span class=\"post-navigation__arrow-wrapper post-navigation__arrow-next\"><i class=\"fa fa-chevron-right\" aria-hidden=\"true\"><\/i><span class=\"elementor-screen-only\">Successivo<\/span><\/span><\/a>\t\t\t<\/div>\n\t\t<\/div>\n\t\t\t\t\t\t<\/div>\n\t\t\t\t<\/div>\n\t\t\t\t\t<\/div>\n\t\t<\/div>\n\t\t\t\t\t<\/div>\n\t\t<\/section>\n\t\t\t\t<\/div>\n\t\t","protected":false},"excerpt":{"rendered":"<p>In questo momento, vogliamo essere ancora pi\u00f9 vicini al nostro territorio e in particolare a chi si sta prodigando per la salute di ciascuno di noi.<\/p>\n","protected":false},"author":5,"featured_media":1826,"comment_status":"closed","ping_status":"open","sticky":false,"template":"elementor_header_footer","format":"standard","meta":{"footnotes":""},"categories":[13],"tags":[],"yoast_head":"<!-- This site is optimized with the Yoast SEO plugin v22.1 - https:\/\/yoast.com\/wordpress\/plugins\/seo\/ -->\n<title>Andr\u00e0 tutto bene, ma intanto doniamo - Assicoop Bologna Metropolitana<\/title>\n<meta name=\"description\" content=\"In questo momento, vogliamo essere ancora pi\u00f9 vicini al nostro territorio e in particolare a chi si sta prodigando per la salute di ciascuno di noi.\" \/>\n<meta name=\"robots\" content=\"index, follow, max-snippet:-1, max-image-preview:large, max-video-preview:-1\" \/>\n<link rel=\"canonical\" href=\"https:\/\/www.assicoop.it\/bologna-metropolitana\/andra-tutto-bene-ma-intanto-doniamo\/\" \/>\n<meta property=\"og:locale\" content=\"it_IT\" \/>\n<meta property=\"og:type\" content=\"article\" \/>\n<meta property=\"og:title\" content=\"Andr\u00e0 tutto bene, ma intanto doniamo - Assicoop Bologna Metropolitana\" \/>\n<meta property=\"og:description\" content=\"In questo momento, vogliamo essere ancora pi\u00f9 vicini al nostro territorio e in particolare a chi si sta prodigando per la salute di ciascuno di noi.\" \/>\n<meta property=\"og:url\" content=\"https:\/\/www.assicoop.it\/bologna-metropolitana\/andra-tutto-bene-ma-intanto-doniamo\/\" \/>\n<meta property=\"og:site_name\" content=\"Assicoop Bologna Metropolitana\" \/>\n<meta property=\"article:published_time\" content=\"2020-04-10T13:17:32+00:00\" \/>\n<meta property=\"article:modified_time\" content=\"2021-04-08T13:17:55+00:00\" \/>\n<meta property=\"og:image\" content=\"https:\/\/www.assicoop.it\/bologna-metropolitana\/wp-content\/uploads\/2021\/04\/ASSICOOP-BIBI-NEWS-800X600-1.png\" \/>\n\t<meta property=\"og:image:width\" content=\"800\" \/>\n\t<meta property=\"og:image:height\" content=\"600\" \/>\n\t<meta property=\"og:image:type\" content=\"image\/png\" \/>\n<meta name=\"author\" content=\"Barbara\" \/>\n<meta name=\"twitter:card\" content=\"summary_large_image\" \/>\n<meta name=\"twitter:label1\" content=\"Scritto da\" \/>\n\t<meta name=\"twitter:data1\" content=\"Barbara\" \/>\n\t<meta name=\"twitter:label2\" content=\"Tempo di lettura stimato\" \/>\n\t<meta name=\"twitter:data2\" content=\"1 minuto\" \/>\n<script type=\"application\/ld+json\" class=\"yoast-schema-graph\">{\"@context\":\"https:\/\/schema.org\",\"@graph\":[{\"@type\":\"Article\",\"@id\":\"https:\/\/www.assicoop.it\/bologna-metropolitana\/andra-tutto-bene-ma-intanto-doniamo\/#article\",\"isPartOf\":{\"@id\":\"https:\/\/www.assicoop.it\/bologna-metropolitana\/andra-tutto-bene-ma-intanto-doniamo\/\"},\"author\":{\"name\":\"Barbara\",\"@id\":\"https:\/\/www.assicoop.it\/bologna-metropolitana\/#\/schema\/person\/3289e341416a5e36f344350f093637ea\"},\"headline\":\"Andr\u00e0 tutto bene, ma intanto doniamo\",\"datePublished\":\"2020-04-10T13:17:32+00:00\",\"dateModified\":\"2021-04-08T13:17:55+00:00\",\"mainEntityOfPage\":{\"@id\":\"https:\/\/www.assicoop.it\/bologna-metropolitana\/andra-tutto-bene-ma-intanto-doniamo\/\"},\"wordCount\":173,\"publisher\":{\"@id\":\"https:\/\/www.assicoop.it\/bologna-metropolitana\/#organization\"},\"articleSection\":[\"Per il territorio\"],\"inLanguage\":\"it-IT\"},{\"@type\":\"WebPage\",\"@id\":\"https:\/\/www.assicoop.it\/bologna-metropolitana\/andra-tutto-bene-ma-intanto-doniamo\/\",\"url\":\"https:\/\/www.assicoop.it\/bologna-metropolitana\/andra-tutto-bene-ma-intanto-doniamo\/\",\"name\":\"Andr\u00e0 tutto bene, ma intanto doniamo - Assicoop Bologna Metropolitana\",\"isPartOf\":{\"@id\":\"https:\/\/www.assicoop.it\/bologna-metropolitana\/#website\"},\"datePublished\":\"2020-04-10T13:17:32+00:00\",\"dateModified\":\"2021-04-08T13:17:55+00:00\",\"description\":\"In questo momento, vogliamo essere ancora pi\u00f9 vicini al nostro territorio e in particolare a chi si sta prodigando per la salute di ciascuno di noi.\",\"inLanguage\":\"it-IT\",\"potentialAction\":[{\"@type\":\"ReadAction\",\"target\":[\"https:\/\/www.assicoop.it\/bologna-metropolitana\/andra-tutto-bene-ma-intanto-doniamo\/\"]}]},{\"@type\":\"WebSite\",\"@id\":\"https:\/\/www.assicoop.it\/bologna-metropolitana\/#website\",\"url\":\"https:\/\/www.assicoop.it\/bologna-metropolitana\/\",\"name\":\"Assicoop Bologna Metropolitana\",\"description\":\"Vicina. Sicura. Tua.\",\"publisher\":{\"@id\":\"https:\/\/www.assicoop.it\/bologna-metropolitana\/#organization\"},\"potentialAction\":[{\"@type\":\"SearchAction\",\"target\":{\"@type\":\"EntryPoint\",\"urlTemplate\":\"https:\/\/www.assicoop.it\/bologna-metropolitana\/?s={search_term_string}\"},\"query-input\":\"required name=search_term_string\"}],\"inLanguage\":\"it-IT\"},{\"@type\":\"Organization\",\"@id\":\"https:\/\/www.assicoop.it\/bologna-metropolitana\/#organization\",\"name\":\"Assicoop Bologna Metropolitana\",\"url\":\"https:\/\/www.assicoop.it\/bologna-metropolitana\/\",\"logo\":{\"@type\":\"ImageObject\",\"inLanguage\":\"it-IT\",\"@id\":\"https:\/\/www.assicoop.it\/bologna-metropolitana\/#\/schema\/logo\/image\/\",\"url\":\"https:\/\/www.assicoop.it\/bologna-metropolitana\/wp-content\/uploads\/2021\/11\/AssBoMetro-COLORE.svg\",\"contentUrl\":\"https:\/\/www.assicoop.it\/bologna-metropolitana\/wp-content\/uploads\/2021\/11\/AssBoMetro-COLORE.svg\",\"caption\":\"Assicoop Bologna Metropolitana\"},\"image\":{\"@id\":\"https:\/\/www.assicoop.it\/bologna-metropolitana\/#\/schema\/logo\/image\/\"}},{\"@type\":\"Person\",\"@id\":\"https:\/\/www.assicoop.it\/bologna-metropolitana\/#\/schema\/person\/3289e341416a5e36f344350f093637ea\",\"name\":\"Barbara\",\"image\":{\"@type\":\"ImageObject\",\"inLanguage\":\"it-IT\",\"@id\":\"https:\/\/www.assicoop.it\/bologna-metropolitana\/#\/schema\/person\/image\/\",\"url\":\"https:\/\/secure.gravatar.com\/avatar\/00c026db8927e2518d2b151f133428e9?s=96&d=mm&r=g\",\"contentUrl\":\"https:\/\/secure.gravatar.com\/avatar\/00c026db8927e2518d2b151f133428e9?s=96&d=mm&r=g\",\"caption\":\"Barbara\"},\"url\":\"https:\/\/www.assicoop.it\/bologna-metropolitana\/author\/barbara\/\"}]}<\/script>\n<!-- \/ Yoast SEO plugin. -->","yoast_head_json":{"title":"Andr\u00e0 tutto bene, ma intanto doniamo - Assicoop Bologna Metropolitana","description":"In questo momento, vogliamo essere ancora pi\u00f9 vicini al nostro territorio e in particolare a chi si sta prodigando per la salute di ciascuno di noi.","robots":{"index":"index","follow":"follow","max-snippet":"max-snippet:-1","max-image-preview":"max-image-preview:large","max-video-preview":"max-video-preview:-1"},"canonical":"https:\/\/www.assicoop.it\/bologna-metropolitana\/andra-tutto-bene-ma-intanto-doniamo\/","og_locale":"it_IT","og_type":"article","og_title":"Andr\u00e0 tutto bene, ma intanto doniamo - Assicoop Bologna Metropolitana","og_description":"In questo momento, vogliamo essere ancora pi\u00f9 vicini al nostro territorio e in particolare a chi si sta prodigando per la salute di ciascuno di noi.","og_url":"https:\/\/www.assicoop.it\/bologna-metropolitana\/andra-tutto-bene-ma-intanto-doniamo\/","og_site_name":"Assicoop Bologna Metropolitana","article_published_time":"2020-04-10T13:17:32+00:00","article_modified_time":"2021-04-08T13:17:55+00:00","og_image":[{"width":800,"height":600,"url":"https:\/\/www.assicoop.it\/bologna-metropolitana\/wp-content\/uploads\/2021\/04\/ASSICOOP-BIBI-NEWS-800X600-1.png","type":"image\/png"}],"author":"Barbara","twitter_card":"summary_large_image","twitter_misc":{"Scritto da":"Barbara","Tempo di lettura stimato":"1 minuto"},"schema":{"@context":"https:\/\/schema.org","@graph":[{"@type":"Article","@id":"https:\/\/www.assicoop.it\/bologna-metropolitana\/andra-tutto-bene-ma-intanto-doniamo\/#article","isPartOf":{"@id":"https:\/\/www.assicoop.it\/bologna-metropolitana\/andra-tutto-bene-ma-intanto-doniamo\/"},"author":{"name":"Barbara","@id":"https:\/\/www.assicoop.it\/bologna-metropolitana\/#\/schema\/person\/3289e341416a5e36f344350f093637ea"},"headline":"Andr\u00e0 tutto bene, ma intanto doniamo","datePublished":"2020-04-10T13:17:32+00:00","dateModified":"2021-04-08T13:17:55+00:00","mainEntityOfPage":{"@id":"https:\/\/www.assicoop.it\/bologna-metropolitana\/andra-tutto-bene-ma-intanto-doniamo\/"},"wordCount":173,"publisher":{"@id":"https:\/\/www.assicoop.it\/bologna-metropolitana\/#organization"},"articleSection":["Per il territorio"],"inLanguage":"it-IT"},{"@type":"WebPage","@id":"https:\/\/www.assicoop.it\/bologna-metropolitana\/andra-tutto-bene-ma-intanto-doniamo\/","url":"https:\/\/www.assicoop.it\/bologna-metropolitana\/andra-tutto-bene-ma-intanto-doniamo\/","name":"Andr\u00e0 tutto bene, ma intanto doniamo - Assicoop Bologna Metropolitana","isPartOf":{"@id":"https:\/\/www.assicoop.it\/bologna-metropolitana\/#website"},"datePublished":"2020-04-10T13:17:32+00:00","dateModified":"2021-04-08T13:17:55+00:00","description":"In questo momento, vogliamo essere ancora pi\u00f9 vicini al nostro territorio e in particolare a chi si sta prodigando per la salute di ciascuno di noi.","inLanguage":"it-IT","potentialAction":[{"@type":"ReadAction","target":["https:\/\/www.assicoop.it\/bologna-metropolitana\/andra-tutto-bene-ma-intanto-doniamo\/"]}]},{"@type":"WebSite","@id":"https:\/\/www.assicoop.it\/bologna-metropolitana\/#website","url":"https:\/\/www.assicoop.it\/bologna-metropolitana\/","name":"Assicoop Bologna Metropolitana","description":"Vicina. Sicura. Tua.","publisher":{"@id":"https:\/\/www.assicoop.it\/bologna-metropolitana\/#organization"},"potentialAction":[{"@type":"SearchAction","target":{"@type":"EntryPoint","urlTemplate":"https:\/\/www.assicoop.it\/bologna-metropolitana\/?s={search_term_string}"},"query-input":"required name=search_term_string"}],"inLanguage":"it-IT"},{"@type":"Organization","@id":"https:\/\/www.assicoop.it\/bologna-metropolitana\/#organization","name":"Assicoop Bologna Metropolitana","url":"https:\/\/www.assicoop.it\/bologna-metropolitana\/","logo":{"@type":"ImageObject","inLanguage":"it-IT","@id":"https:\/\/www.assicoop.it\/bologna-metropolitana\/#\/schema\/logo\/image\/","url":"https:\/\/www.assicoop.it\/bologna-metropolitana\/wp-content\/uploads\/2021\/11\/AssBoMetro-COLORE.svg","contentUrl":"https:\/\/www.assicoop.it\/bologna-metropolitana\/wp-content\/uploads\/2021\/11\/AssBoMetro-COLORE.svg","caption":"Assicoop Bologna Metropolitana"},"image":{"@id":"https:\/\/www.assicoop.it\/bologna-metropolitana\/#\/schema\/logo\/image\/"}},{"@type":"Person","@id":"https:\/\/www.assicoop.it\/bologna-metropolitana\/#\/schema\/person\/3289e341416a5e36f344350f093637ea","name":"Barbara","image":{"@type":"ImageObject","inLanguage":"it-IT","@id":"https:\/\/www.assicoop.it\/bologna-metropolitana\/#\/schema\/person\/image\/","url":"https:\/\/secure.gravatar.com\/avatar\/00c026db8927e2518d2b151f133428e9?s=96&d=mm&r=g","contentUrl":"https:\/\/secure.gravatar.com\/avatar\/00c026db8927e2518d2b151f133428e9?s=96&d=mm&r=g","caption":"Barbara"},"url":"https:\/\/www.assicoop.it\/bologna-metropolitana\/author\/barbara\/"}]}},"_links":{"self":[{"href":"https:\/\/www.assicoop.it\/bologna-metropolitana\/wp-json\/wp\/v2\/posts\/1825"}],"collection":[{"href":"https:\/\/www.assicoop.it\/bologna-metropolitana\/wp-json\/wp\/v2\/posts"}],"about":[{"href":"https:\/\/www.assicoop.it\/bologna-metropolitana\/wp-json\/wp\/v2\/types\/post"}],"author":[{"embeddable":true,"href":"https:\/\/www.assicoop.it\/bologna-metropolitana\/wp-json\/wp\/v2\/users\/5"}],"replies":[{"embeddable":true,"href":"https:\/\/www.assicoop.it\/bologna-metropolitana\/wp-json\/wp\/v2\/comments?post=1825"}],"version-history":[{"count":8,"href":"https:\/\/www.assicoop.it\/bologna-metropolitana\/wp-json\/wp\/v2\/posts\/1825\/revisions"}],"predecessor-version":[{"id":1834,"href":"https:\/\/www.assicoop.it\/bologna-metropolitana\/wp-json\/wp\/v2\/posts\/1825\/revisions\/1834"}],"wp:featuredmedia":[{"embeddable":true,"href":"https:\/\/www.assicoop.it\/bologna-metropolitana\/wp-json\/wp\/v2\/media\/1826"}],"wp:attachment":[{"href":"https:\/\/www.assicoop.it\/bologna-metropolitana\/wp-json\/wp\/v2\/media?parent=1825"}],"wp:term":[{"taxonomy":"category","embeddable":true,"href":"https:\/\/www.assicoop.it\/bologna-metropolitana\/wp-json\/wp\/v2\/categories?post=1825"},{"taxonomy":"post_tag","embeddable":true,"href":"https:\/\/www.assicoop.it\/bologna-metropolitana\/wp-json\/wp\/v2\/tags?post=1825"}],"curies":[{"name":"wp","href":"https:\/\/api.w.org\/{rel}","templated":true}]}}